{"id":52592,"date":"2025-12-05T04:45:14","date_gmt":"2025-12-05T08:45:14","guid":{"rendered":"https:\/\/noticiasveraces.com\/?p=52592"},"modified":"2025-12-05T04:45:14","modified_gmt":"2025-12-05T08:45:14","slug":"todos-los-paises-que-boicotean-eurovision-2026-tras-el-polemico-fallo-de-israel-television-y-radio-mundo-del-espectaculo-y-television","status":"publish","type":"post","link":"https:\/\/noticiasveraces.com\/?p=52592","title":{"rendered":"Todos los pa\u00edses que boicotean Eurovisi\u00f3n 2026 tras el pol\u00e9mico fallo de Israel | Televisi\u00f3n y radio | Mundo del espect\u00e1culo y televisi\u00f3n"},"content":{"rendered":"<p> \n<\/p>\n<div>\n<p>Eurovisi\u00f3n 2026 se ha sumido en el caos despu\u00e9s de que varios pa\u00edses boicotearan la competici\u00f3n debido a la participaci\u00f3n de Israel. El concurso anual de canto, que gan\u00f3 Austria este a\u00f1o, se llevar\u00e1 a cabo en Viena en mayo de 2026. Espa\u00f1a, Eslovenia, Irlanda y los Pa\u00edses Bajos han anunciado su retirada despu\u00e9s de que se revel\u00f3 que Israel participar\u00e1 en el concurso de Eurovisi\u00f3n 2026. El jueves se reuni\u00f3 la asamblea general de la Uni\u00f3n Europea de Radiodifusi\u00f3n, que organiza Eurovisi\u00f3n, y se inform\u00f3 que sus miembros hab\u00edan mostrado \u00abun claro apoyo a las reformas para reforzar la confianza y proteger la neutralidad\u00bb. <\/p>\n<p>Cabe destacar que Espa\u00f1a es uno de los cinco grandes pa\u00edses que m\u00e1s aporta econ\u00f3micamente al certamen. Los otros son Francia, el Reino Unido, Alemania e Italia. La emisora \u200b\u200bnacional espa\u00f1ola RTVE ha confirmado que se retirar\u00e1 del Festival de Eurovisi\u00f3n 2026. Adem\u00e1s, la emisora \u200b\u200bholandesa AVROTROS tambi\u00e9n ha seguido los pasos de Espa\u00f1a.<\/p>\n<\/div>\n<div>\n<p>RT\u00c9 tambi\u00e9n confirm\u00f3 ayer que Irlanda no participar\u00e1 en Eurovisi\u00f3n 2026. La emisora \u200b\u200b\u200b\u200bnacional de Eslovenia, RTVSLO, tambi\u00e9n confirm\u00f3 que se retirar\u00e1 de la competici\u00f3n.<\/p>\n<p>RT\u00c9 declar\u00f3: \u00abTras la Asamblea General de Invierno de la UER celebrada hoy en Ginebra en la que se confirm\u00f3 la participaci\u00f3n de Israel en el Festival de la Canci\u00f3n de Eurovisi\u00f3n 2026, la posici\u00f3n de RT\u00c9 permanece sin cambios. RT\u00c9 no participar\u00e1 en el Festival de la Canci\u00f3n de Eurovisi\u00f3n 2026, ni RT\u00c9 retransmitir\u00e1 la competici\u00f3n\u00bb.<\/p>\n<p>La emisora \u200b\u200bholandesa AVROTROS afirm\u00f3 que la participaci\u00f3n de Israel \u00abya no es compatible con la responsabilidad que tenemos como emisora \u200b\u200bp\u00fablica\u00bb.<\/p>\n<p>El secretario general de RTVE, Alfonso Morales, afirm\u00f3 durante la asamblea general de la UER: \u00abQueremos expresar nuestras serias dudas sobre la participaci\u00f3n de la emisora \u200b\u200bisrael\u00ed KAN en Eurovisi\u00f3n 2026\u00bb.<\/p>\n<\/div>\n<div>\n<p>A principios de este a\u00f1o, se inform\u00f3 que m\u00e1s de 70 ex concursantes de Eurovisi\u00f3n firmaron una carta pidiendo a los organizadores que prohibieran a Israel participar en el concurso de canto de 2025.<\/p>\n<p>Mientras tanto, las actuaciones del Reino Unido en Eurovisi\u00f3n en los \u00faltimos a\u00f1os han sido mixtas. Este a\u00f1o, la entrada del Reino Unido, Remember Monday&#8217;s performance en Basilea, tuvo un resultado similar. La banda termin\u00f3 en el puesto 19 con 88 puntos, pero todos sus puntos provinieron del voto del jurado.<\/p>\n<article>\n<p>El tr\u00edo interpret\u00f3 su tema country-pop &#8216;What The Hell Just Happened?&#8217; durante la final de mayo de este a\u00f1o, pero su pegadiza banda sonora no consigui\u00f3 ning\u00fan punto del p\u00fablico.<\/p>\n<\/article>\n<\/div>\n\n","protected":false},"excerpt":{"rendered":"<p>Eurovisi\u00f3n 2026 se ha sumido en el caos despu\u00e9s de que varios pa\u00edses boicotearan la competici\u00f3n debido a la participaci\u00f3n de Israel. El concurso anual de canto, que gan\u00f3 Austria este a\u00f1o, se llevar\u00e1 a cabo en Viena en mayo de 2026. Espa\u00f1a, Eslovenia, Irlanda y los Pa\u00edses Bajos han anunciado su retirada despu\u00e9s de &hellip;<\/p>\n","protected":false},"author":1,"featured_media":52594,"comment_status":"open","ping_status":"open","sticky":false,"template":"","format":"standard","meta":{"fifu_image_url":"https:\/\/cdn.images.express.co.uk\/img\/dynamic\/20\/1200x630\/6594752.jpg","fifu_image_alt":"","footnotes":""},"categories":[766],"tags":[],"class_list":["post-52592","post","type-post","status-publish","format-standard","has-post-thumbnail","","category-musica"],"_links":{"self":[{"href":"https:\/\/noticiasveraces.com\/index.php?rest_route=\/wp\/v2\/posts\/52592","targetHints":{"allow":["GET"]}}],"collection":[{"href":"https:\/\/noticiasveraces.com\/index.php?rest_route=\/wp\/v2\/posts"}],"about":[{"href":"https:\/\/noticiasveraces.com\/index.php?rest_route=\/wp\/v2\/types\/post"}],"author":[{"embeddable":true,"href":"https:\/\/noticiasveraces.com\/index.php?rest_route=\/wp\/v2\/users\/1"}],"replies":[{"embeddable":true,"href":"https:\/\/noticiasveraces.com\/index.php?rest_route=%2Fwp%2Fv2%2Fcomments&post=52592"}],"version-history":[{"count":0,"href":"https:\/\/noticiasveraces.com\/index.php?rest_route=\/wp\/v2\/posts\/52592\/revisions"}],"wp:featuredmedia":[{"embeddable":true,"href":"https:\/\/noticiasveraces.com\/index.php?rest_route=\/wp\/v2\/media\/52594"}],"wp:attachment":[{"href":"https:\/\/noticiasveraces.com\/index.php?rest_route=%2Fwp%2Fv2%2Fmedia&parent=52592"}],"wp:term":[{"taxonomy":"category","embeddable":true,"href":"https:\/\/noticiasveraces.com\/index.php?rest_route=%2Fwp%2Fv2%2Fcategories&post=52592"},{"taxonomy":"post_tag","embeddable":true,"href":"https:\/\/noticiasveraces.com\/index.php?rest_route=%2Fwp%2Fv2%2Ftags&post=52592"}],"curies":[{"name":"wp","href":"https:\/\/api.w.org\/{rel}","templated":true}]}}