{"id":52585,"date":"2025-12-05T04:15:55","date_gmt":"2025-12-05T08:15:55","guid":{"rendered":"https:\/\/noticiasveraces.com\/?p=52585"},"modified":"2025-12-05T04:15:55","modified_gmt":"2025-12-05T08:15:55","slug":"presidente-maduro-ratifica-continuidad-del-plan-vuelta-a-la-patria-correo-del-orinoco","status":"publish","type":"post","link":"https:\/\/noticiasveraces.com\/?p=52585","title":{"rendered":"Presidente Maduro ratifica continuidad del Plan Vuelta a la Patria &#8211; Correo del Orinoco"},"content":{"rendered":"<p> \n<\/p>\n<div>\n<p>\u00abSiguen llegando nuestros connacionales\u00bb, afirm\u00f3 el presidente Nicol\u00e1s Maduro, al recordar que est\u00e1 vigente el acuerdo firmado el 31 de enero pasado, con el enviado especial del presidente Donald Trump, que dio inicio al \u00abPlan Vuelta a la Patria\u00bb para el retorno seguro de los migrantes venezolanos.<\/p>\n<p>\u00abRecientemente, hubo un percance, pero recib\u00ed una solicitud para mantener este plan y de acuerdo a nuestras instituciones y nuestras leyes, fue aprobado. As\u00ed que siguen llegando nuestros connacionales\u00bb, expres\u00f3 el presidente al referirse a la paralizaci\u00f3n de los vuelos hacia Venezuela, luego de que EE.\u00a0UU. decidiera cerrar el espacio a\u00e9reo del pa\u00eds, pero fue el mismo mandatario de Estados Unidos el que solicit\u00f3 reabrir el programa.<\/p>\n<div>Esta decisi\u00f3n est\u00e1 aunada a la solicitud elevada por el Instituto Nacional de Aeron\u00e1utica Civil (INAC) para mantener en curso el Plan Vuelta a la Patria.<\/p>\n<p>El jefe de Estado afirm\u00f3 que esta acci\u00f3n garantiza la continuidad de las operaciones de repatriaci\u00f3n y la reunificaci\u00f3n familiar en el pa\u00eds como un gesto de soberan\u00eda.<\/p>\n<\/div>\n<h6>T\/CO<\/h6>\n<\/p><\/div>\n\n","protected":false},"excerpt":{"rendered":"<p>\u00abSiguen llegando nuestros connacionales\u00bb, afirm\u00f3 el presidente Nicol\u00e1s Maduro, al recordar que est\u00e1 vigente el acuerdo firmado el 31 de enero pasado, con el enviado especial del presidente Donald Trump, que dio inicio al \u00abPlan Vuelta a la Patria\u00bb para el retorno seguro de los migrantes venezolanos. \u00abRecientemente, hubo un percance, pero recib\u00ed una solicitud &hellip;<\/p>\n","protected":false},"author":1,"featured_media":52586,"comment_status":"open","ping_status":"open","sticky":false,"template":"","format":"standard","meta":{"fifu_image_url":"http:\/\/190.202.124.19\/wp-content\/uploads\/2025\/04\/plan-vuelta-a-la-patria-3.jpg","fifu_image_alt":"","footnotes":""},"categories":[4],"tags":[],"class_list":["post-52585","post","type-post","status-publish","format-standard","has-post-thumbnail","","category-historias-destacadas"],"_links":{"self":[{"href":"https:\/\/noticiasveraces.com\/index.php?rest_route=\/wp\/v2\/posts\/52585","targetHints":{"allow":["GET"]}}],"collection":[{"href":"https:\/\/noticiasveraces.com\/index.php?rest_route=\/wp\/v2\/posts"}],"about":[{"href":"https:\/\/noticiasveraces.com\/index.php?rest_route=\/wp\/v2\/types\/post"}],"author":[{"embeddable":true,"href":"https:\/\/noticiasveraces.com\/index.php?rest_route=\/wp\/v2\/users\/1"}],"replies":[{"embeddable":true,"href":"https:\/\/noticiasveraces.com\/index.php?rest_route=%2Fwp%2Fv2%2Fcomments&post=52585"}],"version-history":[{"count":0,"href":"https:\/\/noticiasveraces.com\/index.php?rest_route=\/wp\/v2\/posts\/52585\/revisions"}],"wp:featuredmedia":[{"embeddable":true,"href":"https:\/\/noticiasveraces.com\/index.php?rest_route=\/wp\/v2\/media\/52586"}],"wp:attachment":[{"href":"https:\/\/noticiasveraces.com\/index.php?rest_route=%2Fwp%2Fv2%2Fmedia&parent=52585"}],"wp:term":[{"taxonomy":"category","embeddable":true,"href":"https:\/\/noticiasveraces.com\/index.php?rest_route=%2Fwp%2Fv2%2Fcategories&post=52585"},{"taxonomy":"post_tag","embeddable":true,"href":"https:\/\/noticiasveraces.com\/index.php?rest_route=%2Fwp%2Fv2%2Ftags&post=52585"}],"curies":[{"name":"wp","href":"https:\/\/api.w.org\/{rel}","templated":true}]}}