{"id":52568,"date":"2025-12-05T02:05:31","date_gmt":"2025-12-05T06:05:31","guid":{"rendered":"https:\/\/noticiasveraces.com\/?p=52568"},"modified":"2025-12-05T02:05:31","modified_gmt":"2025-12-05T06:05:31","slug":"expediente-45-503-correo-del-caroni","status":"publish","type":"post","link":"https:\/\/noticiasveraces.com\/?p=52568","title":{"rendered":"Expediente 45.503 \u2013 Correo del Caron\u00ed"},"content":{"rendered":"<p> \n<\/p>\n<div data-id=\"32b8dfe8\" data-element_type=\"widget\" id=\"texto\" data-widget_type=\"theme-post-content.default\">\n<div class=\"elementor-widget-container\">\n<p class=\"has-text-align-center has-black-color has-text-color has-link-color wp-elements-abe285bd3211bfadfd347fe5842aa020\"><strong>REP\u00daBLICA BOLIVARIANA DE VENEZUELA<\/strong><\/p>\n<figure class=\"wp-block-image aligncenter size-full is-resized\"><img fetchpriority=\"high\" decoding=\"async\" width=\"300\" height=\"350\" alt=\"\" class=\"wp-image-94150 ewww_webp\" style=\"width:141px;height:auto\" src-img=\"https:\/\/correodelcaroni.com\/wp-content\/uploads\/2023\/06\/Escudo_TSJ_carteles2.jpg\" src-webp=\"https:\/\/correodelcaroni.com\/wp-content\/uploads\/2023\/06\/Escudo_TSJ_carteles2.jpg.webp\" data-eio=\"j\"\/><img fetchpriority=\"high\" decoding=\"async\" width=\"300\" height=\"350\" src=\"https:\/\/correodelcaroni.com\/wp-content\/uploads\/2023\/06\/Escudo_TSJ_carteles2.jpg\" alt=\"\" class=\"wp-image-94150\" style=\"width:141px;height:auto\"\/><\/figure>\n<p class=\"has-text-align-center has-black-color has-text-color has-link-color wp-elements-adace7152680f6f1e8c56449708b3142\"><strong>PODER JUDICIAL<\/strong><\/p>\n<p class=\"has-text-align-center has-black-color has-text-color has-link-color wp-elements-e695ab49dda340da4a9556ddd654b39c\"><strong>TRIBUNAL PRIMERO DE PRIMERA INSTANCIA EN LO CIVIL, CONSTITUCIONAL, MERCANTIL, \u00a0DE TR\u00c1NSITO, MAR\u00cdTIMO Y AERON\u00c1UTICO DEL SEGUNDO CIRCUITO DE LA CIRCUNSCRIPCI\u00d3N JUDICIAL DEL ESTADO BOL\u00cdVAR<br \/>PUERTO ORDAZ, 28 DE OCTUBRE DEL 2025.<\/strong><\/p>\n<p class=\"has-text-align-center has-black-color has-text-color has-link-color wp-elements-d0ebed9d7641a58ecf8e08e6274200c0\"><strong>A\u00d1OS 214\u00b0 Y 165\u00b0<\/strong><\/p>\n<p class=\"has-text-align-center has-black-color has-text-color has-link-color has-medium-font-size wp-elements-c989c7981a5e6a3db452f32fffc0771c\"><strong><u>CARTEL DE CITACI\u00d3N<\/u><\/strong><\/p>\n<p class=\"has-text-align-center has-black-color has-text-color has-link-color wp-elements-487860b9fd2c7777ebcbaa8ddc5ccc38\"><strong><u>SE HACE SABER<\/u><\/strong><strong>:<\/strong><\/p>\n<p class=\"has-black-color has-text-color has-link-color wp-elements-83982d81b685b893e5bf078eb214a1b5\">Al ciudadano: <strong>MANUEL ALEJANDRO GARCIA<\/strong>venezolano, mayor de edad, titular de la C\u00e9dula de Identidad <strong>N\u00ba V-25.511.217<\/strong>; en su car\u00e1cter de parte demandada; que deber\u00e1 comparecer por ante este <strong>TRIBUNAL PRIMERO DE PRIMERA INSTANCIA CIVIL, CONSTITUCIONAL, MERCANTIL, DE TR\u00c1NSITO, MAR\u00cdTIMO Y AERON\u00c1UTICO DEL SEGUNDO CIRCUITO DE LA CIRCUNSCRIPCI\u00d3N JUDICIAL DEL ESTADO BOL\u00cdVAR<\/strong>en el t\u00e9rmino de los <strong>QUINCE (15) DIAS H\u00c1BILES<\/strong>contados a partir del d\u00eda siguiente de la constancia en autos de la \u00faltima formalidad cumplida, en el horario comprendido de <strong>8:30 a.m. a las 3:30 p.m.<\/strong>con la advertencia de que si no comparece en el lapso antes se\u00f1alado, se le designar\u00e1 Defensor Judicial, con qui\u00e9n se entender\u00e1 la citaci\u00f3n y dem\u00e1s diligencias del proceso hasta su terminaci\u00f3n, en el presente juicio por: <strong>ACCI\u00d3N MERO DECLARATIVA DE CONCUBINATO<\/strong>seg\u00fan expediente signado bajo el N\u00b0 45.503, interpuesto en su contra por la ciudadana: <strong>GILBERTA JOSEFINA MALAVE MILL\u00c1N<\/strong>venezolana, mayor de edad, titular de la C\u00e9dula de Identidad <strong>N\u00ba V-11.513.442<\/strong>; asimismo, se acord\u00f3 la publicaci\u00f3n del presente Cartel en los Diarios <strong>\u201cNUEVA PRENSA\u201d<\/strong> y <strong>\u201cCORREO DEL CARON\u00cd\u201d<\/strong> con intervalo de <strong>TRES (03)<\/strong> d\u00edas entre uno y otro cartel. Todo ello de conformidad con el art\u00edculo 223 del C\u00f3digo de Procedimiento Civil.<\/p>\n<p class=\"has-black-color has-text-color has-link-color wp-elements-e9576af039d3ce1791625e5ac5d75fba\">Firmar\u00e1 al pie del presente cartel en prueba de haber sido notificado.<\/p>\n<p class=\"has-text-align-center has-black-color has-text-color has-link-color wp-elements-456f11d46c6ee086b4e5df8c74ebc214\"><strong>LA JUEZ<\/strong><\/p>\n<p class=\"has-text-align-center has-black-color has-text-color has-link-color wp-elements-f87c8f9baf474c291960ceedf2b89752\">(FDO. y SELLADO)<\/p>\n<p class=\"has-text-align-center has-black-color has-text-color has-link-color wp-elements-e1ec24cf565ef70b9d90dc91de5a1c3a\"><strong>NAYRA ELENA SILVA GARCIA<\/strong>.<\/p>\n<p class=\"has-text-align-center has-black-color has-text-color has-link-color wp-elements-f3570ed5a5ba81362a88bdf7c7f0e79f\">Tribunal Primero de Primera Instancia Civil, Constitucional, Mercantil, de Tr\u00e1nsito, Mar\u00edtimo y Aeron\u00e1utico del Segundo Circuito de la Circunscripci\u00f3n Judicial del Estado Bol\u00edvar.<\/p>\n<p class=\"has-black-color has-text-color has-link-color wp-elements-d882af4617880d966b2057a676e3b313\"><strong>EXP 45.503.<\/strong><\/p>\n<p class=\"has-black-color has-text-color has-link-color wp-elements-a0c6dd2c08f652df1ef968e34d5cce02\"><strong>Escritorio\/Jaar\/Adalf<\/strong><\/p>\n<p><iframe style=\"border: 0px none #ffffff;\" name=\"myiFrame\" width=\"800px\" height=\"650px\" marginwidth=\"0\" marginheight=\"0\" scrolling=\"no\" data-src=\"https:\/\/correodelcaroni.com\/wp-content\/uploads\/2025\/12\/Cartel_45503_Web.pdf\" class=\"lazyload\"><\/iframe><\/p>\n<\/p><\/div>\n<\/p><\/div>\n\n","protected":false},"excerpt":{"rendered":"<p>REP\u00daBLICA BOLIVARIANA DE VENEZUELA PODER JUDICIAL TRIBUNAL PRIMERO DE PRIMERA INSTANCIA EN LO CIVIL, CONSTITUCIONAL, MERCANTIL, \u00a0DE TR\u00c1NSITO, MAR\u00cdTIMO Y AERON\u00c1UTICO DEL SEGUNDO CIRCUITO DE LA CIRCUNSCRIPCI\u00d3N JUDICIAL DEL ESTADO BOL\u00cdVARPUERTO ORDAZ, 28 DE OCTUBRE DEL 2025. A\u00d1OS 214\u00b0 Y 165\u00b0 CARTEL DE CITACI\u00d3N SE HACE SABER: Al ciudadano: MANUEL ALEJANDRO GARCIAvenezolano, mayor de edad, &hellip;<\/p>\n","protected":false},"author":1,"featured_media":52570,"comment_status":"open","ping_status":"open","sticky":false,"template":"","format":"standard","meta":{"fifu_image_url":"https:\/\/correodelcaroni.com\/wp-content\/uploads\/2023\/11\/Imagen-Cartel-1.jpg","fifu_image_alt":"","footnotes":""},"categories":[13],"tags":[],"class_list":["post-52568","post","type-post","status-publish","format-standard","has-post-thumbnail","","category-mundo"],"_links":{"self":[{"href":"https:\/\/noticiasveraces.com\/index.php?rest_route=\/wp\/v2\/posts\/52568","targetHints":{"allow":["GET"]}}],"collection":[{"href":"https:\/\/noticiasveraces.com\/index.php?rest_route=\/wp\/v2\/posts"}],"about":[{"href":"https:\/\/noticiasveraces.com\/index.php?rest_route=\/wp\/v2\/types\/post"}],"author":[{"embeddable":true,"href":"https:\/\/noticiasveraces.com\/index.php?rest_route=\/wp\/v2\/users\/1"}],"replies":[{"embeddable":true,"href":"https:\/\/noticiasveraces.com\/index.php?rest_route=%2Fwp%2Fv2%2Fcomments&post=52568"}],"version-history":[{"count":0,"href":"https:\/\/noticiasveraces.com\/index.php?rest_route=\/wp\/v2\/posts\/52568\/revisions"}],"wp:featuredmedia":[{"embeddable":true,"href":"https:\/\/noticiasveraces.com\/index.php?rest_route=\/wp\/v2\/media\/52570"}],"wp:attachment":[{"href":"https:\/\/noticiasveraces.com\/index.php?rest_route=%2Fwp%2Fv2%2Fmedia&parent=52568"}],"wp:term":[{"taxonomy":"category","embeddable":true,"href":"https:\/\/noticiasveraces.com\/index.php?rest_route=%2Fwp%2Fv2%2Fcategories&post=52568"},{"taxonomy":"post_tag","embeddable":true,"href":"https:\/\/noticiasveraces.com\/index.php?rest_route=%2Fwp%2Fv2%2Ftags&post=52568"}],"curies":[{"name":"wp","href":"https:\/\/api.w.org\/{rel}","templated":true}]}}