{"id":52559,"date":"2025-12-04T22:57:30","date_gmt":"2025-12-05T02:57:30","guid":{"rendered":"https:\/\/noticiasveraces.com\/?p=52559"},"modified":"2025-12-04T22:57:30","modified_gmt":"2025-12-05T02:57:30","slug":"el-precio-de-alzar-la-voz-como-exiliado-venezolano","status":"publish","type":"post","link":"https:\/\/noticiasveraces.com\/?p=52559","title":{"rendered":"El precio de alzar la voz como exiliado venezolano"},"content":{"rendered":"<p> \n<\/p>\n<div>\n<p>Mi madre siempre me dijo que el periodismo no es un trabajo, sino una vocaci\u00f3n. <\/p>\n<p>Crec\u00ed en una redacci\u00f3n en Caracas y el negocio period\u00edstico ha sido el oficio de mi familia durante tres generaciones. Cuando ten\u00eda 11 a\u00f1os, el r\u00e9gimen de Hugo Ch\u00e1vez acus\u00f3 a mi madre de terrorismo. Su verdadero crimen fue informar sobre el avance de la corrupci\u00f3n y el autoritarismo de Ch\u00e1vez. <\/p>\n<p>Hemos estado exiliados desde entonces; este diciembre se cumplir\u00e1n 20 a\u00f1os desde que tuvimos que empezar de nuevo en Estados Unidos como refugiados pol\u00edticos.<\/p>\n<p>Cuando me gradu\u00e9 de la universidad en 2017 como periodista y polit\u00f3logo, sab\u00eda que trabajar en la mayor\u00eda de los medios de comunicaci\u00f3n como reportero de noticias no ser\u00eda posible si quer\u00eda continuar mi activismo por la democracia venezolana, que ha sido parte de mi vida desde que Ch\u00e1vez fue elegido cuando yo ten\u00eda cinco a\u00f1os y mi familia comenz\u00f3 a oponerse firmemente a \u00e9l.<\/p>\n<p>Cuando era estudiante universitario, hice pr\u00e1cticas en los principales medios de comunicaci\u00f3n como CNN y MSNBC y descubr\u00ed que estas salas de redacci\u00f3n reconocidas esperan que sus reporteros no compartan ninguna opini\u00f3n en l\u00ednea, especialmente ninguna que vaya en contra de su l\u00ednea editorial o se considere controvertida.<\/p>\n<p>Finalmente decid\u00ed que para seguir alzando mi voz sobre la tragedia venezolana, trabajar\u00eda en un tabloide de derecha que me permitiera tener presencia en l\u00ednea y oponerme al r\u00e9gimen venezolano. Desafortunadamente, muchos estadounidenses ven ahora la crisis venezolana como una cuesti\u00f3n de izquierda versus derecha, y los dem\u00f3cratas y los izquierdistas simplemente no se han interesado en nuestra historia, dejando que la derecha surja como el \u00fanico aliado pol\u00edtico real en la causa venezolana.<\/p>\n<p>R\u00e1pidamente ascend\u00ed en la redacci\u00f3n del tabloide hasta convertirme en el reportero principal de noticias, y durante un tiempo logr\u00e9 compartir la historia de los venezolanos y ganarme la vida como reportero de noticias en la ciudad de Nueva York.<\/p>\n<p>Eso fue hasta que la administraci\u00f3n de Donald Trump comenz\u00f3 a centrarse en el r\u00e9gimen de Venezuela este a\u00f1o, y corregir la narrativa de un art\u00edculo del New York Times sobre mi pa\u00eds me cost\u00f3 mi trabajo. <\/p>\n<p>El autor del art\u00edculo viaj\u00f3 a Caracas y realiz\u00f3 una sesi\u00f3n fotogr\u00e1fica absolutamente inapropiada con Delcy Rodr\u00edguez, una de las figuras m\u00e1s tir\u00e1nicas del r\u00e9gimen. No s\u00f3lo eso, retrataron a Henrique Capriles Radonski como un l\u00edder de la oposici\u00f3n, a pesar de que todos los venezolanos saben que \u00e9l no ha sido un l\u00edder para nosotros durante a\u00f1os y ahora es visto como un pe\u00f3n del r\u00e9gimen. El periodista no entrevist\u00f3 a nuestra actual l\u00edder, la Premio Nobel de la Paz Mar\u00eda Corina Machado.<\/p>\n<p>Me sent\u00ed angustiado despu\u00e9s de leer el art\u00edculo, sabiendo que los estadounidenses no saben mucho sobre Venezuela y llegar\u00edan a entender la historia a trav\u00e9s de esta lente enga\u00f1osa. Esto, en un momento crucial en el que los venezolanos est\u00e1n pidiendo ayuda a los estadounidenses despu\u00e9s de que Nicol\u00e1s Maduro se rob\u00f3 descaradamente una elecci\u00f3n y comenz\u00f3 a perseguir a aquellos que valientemente hab\u00edan logrado mostrar al mundo evidencia del fraude chavista.<\/p>\n<p>Cog\u00ed mi tel\u00e9fono, hice un v\u00eddeo explicando lo enga\u00f1oso que era y lo publiqu\u00e9 en mis redes sociales personales.<\/p>\n<blockquote class=\"wp-block-quote is-layout-flow wp-block-quote-is-layout-flow\">\n<p>Despu\u00e9s de unos d\u00edas de lamentar mi paso por el tabloide y su humillante final, me pregunt\u00e9 si deb\u00eda compartir mi historia, ya que todav\u00eda ten\u00eda miedo de quemar puentes que alg\u00fan d\u00eda podr\u00eda necesitar para sustentarme como periodista.<\/p>\n<\/blockquote>\n<p>A la ma\u00f1ana siguiente, mi editor me dirigi\u00f3 a una reuni\u00f3n y me pidi\u00f3 que borrara el v\u00eddeo, diciendo que indicaba que no se pod\u00eda confiar en que yo ser\u00eda imparcial en futuros reportajes sobre The New York Times.<\/p>\n<p>Me qued\u00e9 estupefacto, ya que mi vida laboral diaria estaba llena de batallas editoriales con editores que repart\u00edan titulares escandalosos y me ped\u00edan repetidamente que violara la \u00e9tica period\u00edstica, a lo que siempre me negu\u00e9.<\/p>\n<p>En un intercambio particularmente irrespetuoso despu\u00e9s de que Machado ganara el Premio Nobel de la Paz, dos editores cambiaron el titular de mi art\u00edculo para describirla como \u00abrelativamente desconocida\u00bb, mientras presentaban a Donald Trump como alguien a quien le hab\u00edan despojado del honor. Cuando se\u00f1al\u00e9 que Machado es bastante conocido mundialmente como l\u00edder de la oposici\u00f3n venezolana, dos editores se rieron de m\u00ed y luego cambiaron el titular a \u00abcompletamente desconocido\u00bb. Tuve que eliminar mi nombre del art\u00edculo antes de que cedieran y cambiaran el titular. Ese es s\u00f3lo un ejemplo de la batalla diaria que pas\u00e9 para mantener mi \u00e9tica period\u00edstica en esta sala de redacci\u00f3n.<\/p>\n<p>Le dije a mi editor que borrar\u00eda el video y regres\u00e9 a mi escritorio cuando mi visi\u00f3n se volvi\u00f3 borrosa. Sent\u00ed que ten\u00eda que borrar el v\u00eddeo para poder pagar el alquiler del pr\u00f3ximo mes. Pero algo en m\u00ed grit\u00f3 que no lo hiciera. Pens\u00e9 en todo lo que mi familia ha sacrificado para no doblegarse ante el autoritarismo, en c\u00f3mo mi abuelo construy\u00f3 un legado de la nada y lo abandon\u00f3 para luchar por la democracia, y ahora teme morir fuera del amado pa\u00eds que ayud\u00f3 a construir. C\u00f3mo mi mam\u00e1 renunci\u00f3 a una vida c\u00f3moda a decir verdad. C\u00f3mo la visit\u00e9 cuando me escond\u00eda de las fuerzas del r\u00e9gimen en las monta\u00f1as de nuestra ciudad natal. C\u00f3mo tom\u00f3 la dolorosa decisi\u00f3n de huir de Venezuela en un barco un mes despu\u00e9s en lugar de permitir que el r\u00e9gimen la encarcelara durante d\u00e9cadas, porque ten\u00eda una hija en quien pensar. <\/p>\n<p>Sab\u00eda que no pod\u00eda dejar de lado los valores que me ense\u00f1aron, as\u00ed que me levant\u00e9 y ped\u00ed hablar con mi editor nuevamente y le dije que, en cambio, renunciaba. Aunque me aterrorizaba perder mis ingresos, decid\u00ed que era hora de dedicarme a mi verdadera pasi\u00f3n: compartir las historias de las tiran\u00edas de izquierda apoyadas con demasiada frecuencia por habitantes del Primer Mundo bien intencionados que simplemente no las conocen o no se preocupan lo suficiente por ellas.<\/p>\n<p>Le dije a mi editor que mi \u00faltimo d\u00eda ser\u00eda dentro de cuatro semanas. Tambi\u00e9n elimin\u00e9 el nombre del medio de mi LinkedIn y de mis redes sociales.<\/p>\n<p>La semana siguiente me emocion\u00f3 participar en un debate civil sobre la situaci\u00f3n en Venezuela para France 24. La entrevista fue muy bien, y cuando llegu\u00e9 a trabajar al d\u00eda siguiente, varios colegas me felicitaron por mi profesionalismo durante la transmisi\u00f3n, donde enfatic\u00e9 la brutalidad del r\u00e9gimen chavista y la necesidad de ejercer m\u00e1s presi\u00f3n sobre Nicol\u00e1s Maduro.<\/p>\n<p>Pero al final del d\u00eda, mi editor me invit\u00f3 a una reuni\u00f3n y me dijo que \u00abtraiga mis cosas\u00bb. Luego me inform\u00f3 que ese ser\u00eda mi \u00faltimo d\u00eda en el trabajo, citando la entrevista de France 24 y diciendo que \u00abno pod\u00edan tolerarlo\u00bb.<\/p>\n<p>Mi editor me inform\u00f3 que me enviar\u00edan las cosas en mi escritorio y sali\u00f3 de la habitaci\u00f3n menos de un minuto despu\u00e9s de que \u00e9l entr\u00f3. Esa fue mi \u00faltima interacci\u00f3n con el editor con el que hab\u00eda trabajado estrechamente durante a\u00f1os y que me hab\u00eda dicho repetidamente que yo era su mejor reportero de noticias. <\/p>\n<p>Sinti\u00e9ndome conmocionado y humillado, sal\u00ed de la habitaci\u00f3n y gir\u00e9 a mi izquierda, donde vi el departamento de Recursos Humanos. Luego me acerqu\u00e9 a la persona de Recursos Humanos, le expliqu\u00e9 que b\u00e1sicamente me hab\u00edan despedido y le pregunt\u00e9 sobre mi entrevista de salida, que anteriormente hab\u00eda especificado que era importante para m\u00ed realizar. Eso llev\u00f3 al jefe de Recursos Humanos a pedirme mi placa y acompa\u00f1arme fuera de la sala de redacci\u00f3n, frente a los colegas con los que hab\u00eda trabajado durante a\u00f1os.<\/p>\n<p>Me dijo que no me despidieron, que simplemente hab\u00edan aceptado mi renuncia. <\/p>\n<p>Despu\u00e9s de unos d\u00edas de lamento por mi paso por el tabloide y su humillante final, me pregunt\u00e9 si deb\u00eda compartir mi historia, ya que todav\u00eda ten\u00eda miedo de quemar puentes que alg\u00fan d\u00eda podr\u00eda necesitar para mantenerme como periodista.<\/p>\n<p>Luego pens\u00e9 en los medios en ingl\u00e9s como Grayzone y Mint Press que ganan dinero difundiendo propaganda chavista y atacando a las v\u00edctimas de Maduro, y en c\u00f3mo lo que me pas\u00f3 a m\u00ed ejemplifica la ardua batalla que enfrentamos los venezolanos cuando intentamos contar nuestra historia.<\/p>\n<p>Entonces me di cuenta de que era hora de quitarme el bozal y perder el miedo. Mi mam\u00e1 no huy\u00f3 de Venezuela en un barco para que yo fuera silenciado en Estados Unidos como periodista. El momento de hablar es ahora.<\/p>\n<\/p><\/div>\n\n","protected":false},"excerpt":{"rendered":"<p>Mi madre siempre me dijo que el periodismo no es un trabajo, sino una vocaci\u00f3n. Crec\u00ed en una redacci\u00f3n en Caracas y el negocio period\u00edstico ha sido el oficio de mi familia durante tres generaciones. Cuando ten\u00eda 11 a\u00f1os, el r\u00e9gimen de Hugo Ch\u00e1vez acus\u00f3 a mi madre de terrorismo. Su verdadero crimen fue informar &hellip;<\/p>\n","protected":false},"author":1,"featured_media":52560,"comment_status":"open","ping_status":"open","sticky":false,"template":"","format":"standard","meta":{"fifu_image_url":"https:\/\/www.caracaschronicles.com\/wp-content\/uploads\/2025\/12\/trust-wiki-header-articleLarge.webp","fifu_image_alt":"","footnotes":""},"categories":[13],"tags":[],"class_list":["post-52559","post","type-post","status-publish","format-standard","has-post-thumbnail","","category-mundo"],"_links":{"self":[{"href":"https:\/\/noticiasveraces.com\/index.php?rest_route=\/wp\/v2\/posts\/52559","targetHints":{"allow":["GET"]}}],"collection":[{"href":"https:\/\/noticiasveraces.com\/index.php?rest_route=\/wp\/v2\/posts"}],"about":[{"href":"https:\/\/noticiasveraces.com\/index.php?rest_route=\/wp\/v2\/types\/post"}],"author":[{"embeddable":true,"href":"https:\/\/noticiasveraces.com\/index.php?rest_route=\/wp\/v2\/users\/1"}],"replies":[{"embeddable":true,"href":"https:\/\/noticiasveraces.com\/index.php?rest_route=%2Fwp%2Fv2%2Fcomments&post=52559"}],"version-history":[{"count":0,"href":"https:\/\/noticiasveraces.com\/index.php?rest_route=\/wp\/v2\/posts\/52559\/revisions"}],"wp:featuredmedia":[{"embeddable":true,"href":"https:\/\/noticiasveraces.com\/index.php?rest_route=\/wp\/v2\/media\/52560"}],"wp:attachment":[{"href":"https:\/\/noticiasveraces.com\/index.php?rest_route=%2Fwp%2Fv2%2Fmedia&parent=52559"}],"wp:term":[{"taxonomy":"category","embeddable":true,"href":"https:\/\/noticiasveraces.com\/index.php?rest_route=%2Fwp%2Fv2%2Fcategories&post=52559"},{"taxonomy":"post_tag","embeddable":true,"href":"https:\/\/noticiasveraces.com\/index.php?rest_route=%2Fwp%2Fv2%2Ftags&post=52559"}],"curies":[{"name":"wp","href":"https:\/\/api.w.org\/{rel}","templated":true}]}}