{"id":52541,"date":"2025-12-04T20:53:50","date_gmt":"2025-12-05T00:53:50","guid":{"rendered":"https:\/\/noticiasveraces.com\/?p=52541"},"modified":"2025-12-04T20:53:50","modified_gmt":"2025-12-05T00:53:50","slug":"europeos-confiesan-lo-que-piensan-de-donald-trump","status":"publish","type":"post","link":"https:\/\/noticiasveraces.com\/?p=52541","title":{"rendered":"Europeos &#8216;confiesan&#8217; lo que piensan de Donald Trump"},"content":{"rendered":"<p> \n<\/p>\n<div>\n<p>Un estudio\u00a0de\u00a0opini\u00f3n p\u00fablica\u00a0de la revista Le Grand Continent\u00a0con ciudadanos de Francia, Italia, Espa\u00f1a, Alemania, Polonia, Portugal, Croacia, B\u00e9lgica y Pa\u00edses Bajos ha develado que los ciudadanos de dichos pa\u00edses consideran al presidente de EE.UU., Donald Trump, como un \u00ab<strong>enemigo de Europa<\/strong>\u00ab. <\/p>\n<p>El bar\u00f3metro, realizado en noviembre, busc\u00f3 realizar un mapeo de lo que sus ciudadanos consideran\u00a0como <strong>amenazas internas y externas<\/strong>en\u00a0el contexto de una Europa que se enfrenta a una acumulaci\u00f3n de riesgos\u00a0ante la transformaci\u00f3n de su entorno hist\u00f3rico y geopol\u00edtico.<\/p>\n<div class=\"ReadMore-root Section-root Section-is1to3-xs_is1to1\" data-widgets=\"ReadMore\">\n<div class=\"Section-container Section-isRow-isTop-isWrap\">\n<article class=\"Card-root Card-is1to1 Card-default \">\n<div class=\"Card-imageWrap\">\n<div class=\"Card-picture\">\n<picture class=\"Picture-root Picture-default\"><!--[if IE 9]><video style=\"display: none;\"><![endif]--><source media=\"(-webkit-min-device-pixel-ratio: 2) and (min-resolution: 120dpi)\" data-srcset=\"&#10;                                            https:\/\/mfes.b37m.ru\/actualidad\/public_images\/2025.12\/thumbnail\/693059ae59bf5b568c118820.jpg 850w,&#10;                                    https:\/\/mfes.b37m.ru\/actualidad\/public_images\/2025.12\/article\/693059ae59bf5b568c118820.jpg 1960w,            \" srcset=\"&#10;                                    data:image\/png;base64,iVBORw0KGgoAAAANSUhEUgAAABAAAAAJCAQAAACRI2S5AAAAEElEQVR42mNkIAAYRxWAAQAG9gAKqv6+AwAAAABJRU5ErkJggg==&#10;                            \"><source data-srcset=\"&#10;                                            https:\/\/mfes.b37m.ru\/actualidad\/public_images\/2025.12\/thumbnail\/693059ae59bf5b568c118820.jpg 460,&#10;                                  https:\/\/mfes.b37m.ru\/actualidad\/public_images\/2025.12\/article\/693059ae59bf5b568c118820.jpg 980w,&#10;            \" srcset=\"&#10;                                    data:image\/png;base64,iVBORw0KGgoAAAANSUhEUgAAABAAAAAJCAQAAACRI2S5AAAAEElEQVR42mNkIAAYRxWAAQAG9gAKqv6+AwAAAABJRU5ErkJggg==&#10;                            \"><!--[if IE 9]><\/video><![endif]--><img decoding=\"async\" data-sizes=\"auto\" src=\"&#10;                                    data:image\/png;base64,iVBORw0KGgoAAAANSUhEUgAAABAAAAAJCAQAAACRI2S5AAAAEElEQVR42mNkIAAYRxWAAQAG9gAKqv6+AwAAAABJRU5ErkJggg==&#10;                            \" class=\"Picture-root Picture-default lazyload\" data-src=\"https:\/\/mfes.b37m.ru\/actualidad\/public_images\/2025.12\/thumbnail\/693059ae59bf5b568c118820.jpg\" alt=\"&quot;Ignorar a Trump&quot;: la respuesta de un pa\u00eds africano a los insultos del presidente de EE.UU.\"\/><\/source><\/source><\/picture><!-- noscript pattern --><img decoding=\"async\" src=\"https:\/\/mfes.b37m.ru\/actualidad\/public_images\/2025.12\/article\/693059ae59bf5b568c118820.jpg\" alt=\"&quot;Ignorar a Trump&quot;: la respuesta de un pa\u00eds africano a los insultos del presidente de EE.UU.\"\/>    <\/div>\n<\/p><\/div>\n<\/article><\/div>\n<\/p><\/div>\n<p>En\u00a0el sondeo se pregunt\u00f3 si la figura Trump era percibida como una\u00a0entidad adversaria\u00a0o amistosa\u00a0para el continente,\u00a0el 48 % de los encuestados lo consider\u00f3 como un <strong>ente enemigo<\/strong>el 40 % lo describi\u00f3 como \u00abni amigo ni enemigo\u00bb y <strong>solo un 10 %<\/strong> opin\u00f3 que el mandatario estadounidense podr\u00eda considerarse como un ente amigable. <\/p>\n<p>A pesar de que los ciudadanos polacos demostraron ser la \u00fanica excepci\u00f3n en relaci\u00f3n a la opini\u00f3n adversa sobre Trump (24 % lo consideran como amigo y el 19 % como enemigo), los altos niveles de desaprobaci\u00f3n del mandatario estadounidense con B\u00e9lgica (62 %) y Francia (57 %) a la cabeza, revelan que el \u00abtrumpismo se considera claramente como <strong>una fuerza hostil<\/strong>\u00ab.<\/p>\n<p>Los resultados de la encuesta\u00a0llegan en un momento en que\u00a0la <strong>Uni\u00f3n\u00a0Europea que se encuentra dividida<\/strong> ante las acciones e influencia pol\u00edtica que el mandatario estadounidense ejerce sobre el bloque. Seg\u00fan algunos directivos y exfuncionarios, los gobernantes del Viejo Continente se dividen entre aquellos que \u00able siguen el juego a Trump\u00bb y los que se niegan a aceptar sus exigencias.<\/p>\n<\/div>\n\n","protected":false},"excerpt":{"rendered":"<p>Un estudio\u00a0de\u00a0opini\u00f3n p\u00fablica\u00a0de la revista Le Grand Continent\u00a0con ciudadanos de Francia, Italia, Espa\u00f1a, Alemania, Polonia, Portugal, Croacia, B\u00e9lgica y Pa\u00edses Bajos ha develado que los ciudadanos de dichos pa\u00edses consideran al presidente de EE.UU., Donald Trump, como un \u00abenemigo de Europa\u00ab. El bar\u00f3metro, realizado en noviembre, busc\u00f3 realizar un mapeo de lo que sus ciudadanos &hellip;<\/p>\n","protected":false},"author":1,"featured_media":52543,"comment_status":"open","ping_status":"open","sticky":false,"template":"","format":"standard","meta":{"fifu_image_url":"https:\/\/mfes.b37m.ru\/actualidad\/public_images\/2025.12\/article\/69318eaa59bf5b11f62c75fa.jpg","fifu_image_alt":"","footnotes":""},"categories":[13],"tags":[],"class_list":["post-52541","post","type-post","status-publish","format-standard","has-post-thumbnail","","category-mundo"],"_links":{"self":[{"href":"https:\/\/noticiasveraces.com\/index.php?rest_route=\/wp\/v2\/posts\/52541","targetHints":{"allow":["GET"]}}],"collection":[{"href":"https:\/\/noticiasveraces.com\/index.php?rest_route=\/wp\/v2\/posts"}],"about":[{"href":"https:\/\/noticiasveraces.com\/index.php?rest_route=\/wp\/v2\/types\/post"}],"author":[{"embeddable":true,"href":"https:\/\/noticiasveraces.com\/index.php?rest_route=\/wp\/v2\/users\/1"}],"replies":[{"embeddable":true,"href":"https:\/\/noticiasveraces.com\/index.php?rest_route=%2Fwp%2Fv2%2Fcomments&post=52541"}],"version-history":[{"count":0,"href":"https:\/\/noticiasveraces.com\/index.php?rest_route=\/wp\/v2\/posts\/52541\/revisions"}],"wp:featuredmedia":[{"embeddable":true,"href":"https:\/\/noticiasveraces.com\/index.php?rest_route=\/wp\/v2\/media\/52543"}],"wp:attachment":[{"href":"https:\/\/noticiasveraces.com\/index.php?rest_route=%2Fwp%2Fv2%2Fmedia&parent=52541"}],"wp:term":[{"taxonomy":"category","embeddable":true,"href":"https:\/\/noticiasveraces.com\/index.php?rest_route=%2Fwp%2Fv2%2Fcategories&post=52541"},{"taxonomy":"post_tag","embeddable":true,"href":"https:\/\/noticiasveraces.com\/index.php?rest_route=%2Fwp%2Fv2%2Ftags&post=52541"}],"curies":[{"name":"wp","href":"https:\/\/api.w.org\/{rel}","templated":true}]}}