{"id":52505,"date":"2025-12-04T14:34:03","date_gmt":"2025-12-04T18:34:03","guid":{"rendered":"https:\/\/noticiasveraces.com\/?p=52505"},"modified":"2025-12-04T14:34:03","modified_gmt":"2025-12-04T18:34:03","slug":"inac-espera-que-las-aerolineas-copa-y-wingo-reactiven-sus-vuelos-en-venezuela-en-48-horas-el-diario-venezuela","status":"publish","type":"post","link":"https:\/\/noticiasveraces.com\/?p=52505","title":{"rendered":"INAC espera que las aerol\u00edneas Copa y Wingo reactiven sus vuelos en Venezuela en 48 horas &#8211; El Diario Venezuela"},"content":{"rendered":"<p> \n<\/p>\n<div>\n<p>El Instituto Nacional de Aeron\u00e1utica Civil (INAC) de Venezuela indic\u00f3 el jueves 4 de diciembre que espera que la aerol\u00ednea colombiana <strong>Wingo <\/strong>y su matriz, la paname\u00f1a <strong>Copa Airlines<\/strong>, <strong>reinicien sus vuelos en 48 horas<\/strong>despu\u00e9s de que ambas suspendieran sus itinerarios del 4 y 5 de diciembre con origen y destino en Caracas debido a \u00abintermitencias en una de las se\u00f1ales de navegaci\u00f3n\u00bb.<\/p>\n<p>\u201cMantendremos <strong>el monitoreo de las l\u00edneas a\u00e9reas<\/strong> que contin\u00faan sus operaciones en el pa\u00eds, ratificando la operatividad y seguridad del espacio a\u00e9reo venezolano\u201d, se\u00f1al\u00f3 el INAC en un comunicado, publicado en su cuenta de Instagram.<\/p>\n<p>Copa y Wingo cancelaron temporalmente sus <strong>vuelos desde y hacia Caracas procedentes de Panam\u00e1 y Colombia<\/strong>respectivamente, tras informar que, el mi\u00e9rcoles 3 de diciembre, sus pilotos registraron \u201cintermitencias en una de las se\u00f1ales de navegaci\u00f3n\u201d, aunque, subrayaron, esta situaci\u00f3n \u201cen ning\u00fan momento comprometi\u00f3 la seguridad operacional\u201d.<\/p>\n<figure class=\"wp-block-image size-large\"><picture fetchpriority=\"high\" decoding=\"async\" class=\"wp-image-589489\"><source type=\"image\/webp\" sizes=\"(max-width: 1200px) 100vw, 1200px\" nitro-lazy-srcset=\"https:\/\/eldiario.com\/nitropack_static\/DWpklAePbJBFiBKvuTtiGMLbtJlHUqWt\/assets\/images\/optimized\/rev-a8dec8a\/eldiario.com\/wp-content\/uploads\/2023\/10\/d08ab38ae8e6dceef3e8581f488b7979667c7c46-1200x800.jpg.webp 1200w, https:\/\/eldiario.com\/nitropack_static\/DWpklAePbJBFiBKvuTtiGMLbtJlHUqWt\/assets\/images\/optimized\/rev-a8dec8a\/eldiario.com\/wp-content\/uploads\/2023\/10\/d08ab38ae8e6dceef3e8581f488b7979667c7c46-300x200.jpg.webp 300w, https:\/\/eldiario.com\/nitropack_static\/DWpklAePbJBFiBKvuTtiGMLbtJlHUqWt\/assets\/images\/optimized\/rev-a8dec8a\/eldiario.com\/wp-content\/uploads\/2023\/10\/d08ab38ae8e6dceef3e8581f488b7979667c7c46-768x512.jpg.webp 768w, https:\/\/eldiario.com\/nitropack_static\/DWpklAePbJBFiBKvuTtiGMLbtJlHUqWt\/assets\/images\/optimized\/rev-a8dec8a\/eldiario.com\/wp-content\/uploads\/2023\/10\/d08ab38ae8e6dceef3e8581f488b7979667c7c46-1536x1024.jpg.webp 1536w, https:\/\/eldiario.com\/nitropack_static\/DWpklAePbJBFiBKvuTtiGMLbtJlHUqWt\/assets\/images\/optimized\/rev-a8dec8a\/eldiario.com\/wp-content\/uploads\/2023\/10\/d08ab38ae8e6dceef3e8581f488b7979667c7c46-150x100.jpg.webp 150w, https:\/\/eldiario.com\/nitropack_static\/DWpklAePbJBFiBKvuTtiGMLbtJlHUqWt\/assets\/images\/optimized\/rev-a8dec8a\/eldiario.com\/wp-content\/uploads\/2023\/10\/d08ab38ae8e6dceef3e8581f488b7979667c7c46.jpg.webp 1600w\" nitro-lazy-empty=\"\" id=\"ODA0Ojc0Nw==-1\" srcset=\"data:image\/svg+xml;nitro-empty-id=ODA0Ojc0Nw==-1;base64,PHN2ZyB2aWV3Qm94PSIwIDAgMTIwMCA4MDAiIHdpZHRoPSIxMjAwIiBoZWlnaHQ9IjgwMCIgeG1sbnM9Imh0dHA6Ly93d3cudzMub3JnLzIwMDAvc3ZnIj48L3N2Zz4=\"\/><img fetchpriority=\"high\" width=\"1200\" height=\"800\" alt=\"Las aerol\u00edneas colombianas Wingo y Satena firmaron un acuerdo para atender a pasajeros de la ruta Bogot\u00e1-Caracas\" sizes=\"(max-width: 1200px) 100vw, 1200px\" srcset=\"https:\/\/eldiario.com\/nitropack_static\/DWpklAePbJBFiBKvuTtiGMLbtJlHUqWt\/assets\/images\/optimized\/rev-a8dec8a\/eldiario.com\/wp-content\/uploads\/2023\/10\/d08ab38ae8e6dceef3e8581f488b7979667c7c46-1200x800.jpg 1200w, https:\/\/eldiario.com\/nitropack_static\/DWpklAePbJBFiBKvuTtiGMLbtJlHUqWt\/assets\/images\/optimized\/rev-a8dec8a\/eldiario.com\/wp-content\/uploads\/2023\/10\/d08ab38ae8e6dceef3e8581f488b7979667c7c46-300x200.jpg 300w, https:\/\/eldiario.com\/nitropack_static\/DWpklAePbJBFiBKvuTtiGMLbtJlHUqWt\/assets\/images\/optimized\/rev-a8dec8a\/eldiario.com\/wp-content\/uploads\/2023\/10\/d08ab38ae8e6dceef3e8581f488b7979667c7c46-768x512.jpg 768w, https:\/\/eldiario.com\/nitropack_static\/DWpklAePbJBFiBKvuTtiGMLbtJlHUqWt\/assets\/images\/optimized\/rev-a8dec8a\/eldiario.com\/wp-content\/uploads\/2023\/10\/d08ab38ae8e6dceef3e8581f488b7979667c7c46-1536x1024.jpg 1536w, https:\/\/eldiario.com\/nitropack_static\/DWpklAePbJBFiBKvuTtiGMLbtJlHUqWt\/assets\/images\/optimized\/rev-a8dec8a\/eldiario.com\/wp-content\/uploads\/2023\/10\/d08ab38ae8e6dceef3e8581f488b7979667c7c46-150x100.jpg 150w, https:\/\/eldiario.com\/nitropack_static\/DWpklAePbJBFiBKvuTtiGMLbtJlHUqWt\/assets\/images\/optimized\/rev-a8dec8a\/eldiario.com\/wp-content\/uploads\/2023\/10\/d08ab38ae8e6dceef3e8581f488b7979667c7c46.jpg 1600w\" src=\"https:\/\/eldiario.com\/nitropack_static\/DWpklAePbJBFiBKvuTtiGMLbtJlHUqWt\/assets\/images\/optimized\/rev-a8dec8a\/eldiario.com\/wp-content\/uploads\/2023\/10\/d08ab38ae8e6dceef3e8581f488b7979667c7c46-1200x800.jpg\" class=\"nitro-lazy\" decoding=\"async\" nitro-lazy-empty=\"\" id=\"ODA1Ojk4OQ==-1\"\/> <\/picture><figcaption class=\"wp-element-caption\">Fotograf\u00eda de archivo de un avi\u00f3n de Wingo. EFE\/ Carlos Lemos<\/figcaption><\/figure>\n<p>La aerol\u00ednea venezolana <strong>L\u00e1ser <\/strong>tambi\u00e9n inform\u00f3 que cancel\u00f3 sus viajes en la <strong>ruta desde Caracas a Madrid <\/strong>y viceversa hasta el 8 de diciembre por<strong> \u201ccausa de fuerza mayor\u201d,<\/strong> luego de que la Agencia Espa\u00f1ola de Seguridad A\u00e9rea (AESA) lanzara una \u201calta recomendaci\u00f3n\u201da los operadores civiles de no sobrevolar el pa\u00eds suramericano.<\/p>\n<h2 class=\"wp-block-heading\" id=\"h-situacion-de-los-vuelos-en-venezuela-nbsp\"><strong>Situaci\u00f3n de los vuelos en Venezuela <\/strong><\/h2>\n<p>Venezuela vive una crisis de conectividad a\u00e9rea a ra\u00edz de la ola de cancelaciones de vuelos que caus\u00f3 el <strong>aviso emitido el 21 de noviembre por la Administraci\u00f3n Federal de Aviaci\u00f3n (FAA) de EE UU<\/strong>en el que inst\u00f3 a \u201cextremar la precauci\u00f3n\u201d al sobrevolar este pa\u00eds y el sur del Caribe ante lo que considera \u201cuna situaci\u00f3n potencialmente peligrosa\u201d en la zona.<\/p>\n<p>La advertencia de la FAA se produjo en medio del d<strong>espliegue militar ordenado por la Administraci\u00f3n de Donald Trump en aguas del Caribe<\/strong> pr\u00f3ximas a Venezuela para luchar contra el narcotr\u00e1fico, pero que el gobierno de ese pa\u00eds considera que busca sacar del poder a Nicol\u00e1s Maduro.<\/p>\n<p>En este contexto, varias aerol\u00edneas cancelaron sus viajes y, en respuesta, el Ministerio de Transporte de Venezuela y el INAC <strong>revocaron la concesi\u00f3n de vuelo a Iberia, TAP, Avianca, Latam Colombia, Turkish Airlines, Gol, Air Europa y Plus Ultra<\/strong>.<\/p>\n<figure class=\"wp-block-image size-large\"><picture decoding=\"async\" class=\"wp-image-829534\"><source type=\"image\/webp\" sizes=\"(max-width: 1200px) 100vw, 1200px\" nitro-lazy-srcset=\"https:\/\/eldiario.com\/nitropack_static\/DWpklAePbJBFiBKvuTtiGMLbtJlHUqWt\/assets\/images\/optimized\/rev-a8dec8a\/eldiario.com\/wp-content\/uploads\/2025\/11\/21c473760f3e541bfc74452324e298a8d06c7884-1-1200x800.jpg.webp 1200w, https:\/\/eldiario.com\/nitropack_static\/DWpklAePbJBFiBKvuTtiGMLbtJlHUqWt\/assets\/images\/optimized\/rev-a8dec8a\/eldiario.com\/wp-content\/uploads\/2025\/11\/21c473760f3e541bfc74452324e298a8d06c7884-1-300x200.jpg.webp 300w, https:\/\/eldiario.com\/nitropack_static\/DWpklAePbJBFiBKvuTtiGMLbtJlHUqWt\/assets\/images\/optimized\/rev-a8dec8a\/eldiario.com\/wp-content\/uploads\/2025\/11\/21c473760f3e541bfc74452324e298a8d06c7884-1-768x512.jpg.webp 768w, https:\/\/eldiario.com\/nitropack_static\/DWpklAePbJBFiBKvuTtiGMLbtJlHUqWt\/assets\/images\/optimized\/rev-a8dec8a\/eldiario.com\/wp-content\/uploads\/2025\/11\/21c473760f3e541bfc74452324e298a8d06c7884-1-1536x1024.jpg.webp 1536w, https:\/\/eldiario.com\/nitropack_static\/DWpklAePbJBFiBKvuTtiGMLbtJlHUqWt\/assets\/images\/optimized\/rev-a8dec8a\/eldiario.com\/wp-content\/uploads\/2025\/11\/21c473760f3e541bfc74452324e298a8d06c7884-1-330x220.jpg.webp 330w, https:\/\/eldiario.com\/nitropack_static\/DWpklAePbJBFiBKvuTtiGMLbtJlHUqWt\/assets\/images\/optimized\/rev-a8dec8a\/eldiario.com\/wp-content\/uploads\/2025\/11\/21c473760f3e541bfc74452324e298a8d06c7884-1-420x280.jpg.webp 420w, https:\/\/eldiario.com\/nitropack_static\/DWpklAePbJBFiBKvuTtiGMLbtJlHUqWt\/assets\/images\/optimized\/rev-a8dec8a\/eldiario.com\/wp-content\/uploads\/2025\/11\/21c473760f3e541bfc74452324e298a8d06c7884-1-615x410.jpg.webp 615w, https:\/\/eldiario.com\/nitropack_static\/DWpklAePbJBFiBKvuTtiGMLbtJlHUqWt\/assets\/images\/optimized\/rev-a8dec8a\/eldiario.com\/wp-content\/uploads\/2025\/11\/21c473760f3e541bfc74452324e298a8d06c7884-1-860x574.jpg.webp 860w, https:\/\/eldiario.com\/nitropack_static\/DWpklAePbJBFiBKvuTtiGMLbtJlHUqWt\/assets\/images\/optimized\/rev-a8dec8a\/eldiario.com\/wp-content\/uploads\/2025\/11\/21c473760f3e541bfc74452324e298a8d06c7884-1-150x100.jpg.webp 150w, https:\/\/eldiario.com\/nitropack_static\/DWpklAePbJBFiBKvuTtiGMLbtJlHUqWt\/assets\/images\/optimized\/rev-a8dec8a\/eldiario.com\/wp-content\/uploads\/2025\/11\/21c473760f3e541bfc74452324e298a8d06c7884-1.jpg.webp 1600w\" nitro-lazy-empty=\"\" id=\"ODM0OjEyMTU=-1\" srcset=\"data:image\/svg+xml;nitro-empty-id=ODM0OjEyMTU=-1;base64,PHN2ZyB2aWV3Qm94PSIwIDAgMTIwMCA4MDAiIHdpZHRoPSIxMjAwIiBoZWlnaHQ9IjgwMCIgeG1sbnM9Imh0dHA6Ly93d3cudzMub3JnLzIwMDAvc3ZnIj48L3N2Zz4=\"\/><img loading=\"lazy\" width=\"1200\" height=\"800\" alt=\"Venezuela inst\u00f3 a aerol\u00edneas a reanudar vuelos o perder\u00e1n sus permisos\" sizes=\"auto, (max-width: 1200px) 100vw, 1200px\" srcset=\"https:\/\/eldiario.com\/nitropack_static\/DWpklAePbJBFiBKvuTtiGMLbtJlHUqWt\/assets\/images\/optimized\/rev-a8dec8a\/eldiario.com\/wp-content\/uploads\/2025\/11\/21c473760f3e541bfc74452324e298a8d06c7884-1-1200x800.jpg 1200w, https:\/\/eldiario.com\/nitropack_static\/DWpklAePbJBFiBKvuTtiGMLbtJlHUqWt\/assets\/images\/optimized\/rev-a8dec8a\/eldiario.com\/wp-content\/uploads\/2025\/11\/21c473760f3e541bfc74452324e298a8d06c7884-1-300x200.jpg 300w, https:\/\/eldiario.com\/nitropack_static\/DWpklAePbJBFiBKvuTtiGMLbtJlHUqWt\/assets\/images\/optimized\/rev-a8dec8a\/eldiario.com\/wp-content\/uploads\/2025\/11\/21c473760f3e541bfc74452324e298a8d06c7884-1-768x512.jpg 768w, https:\/\/eldiario.com\/nitropack_static\/DWpklAePbJBFiBKvuTtiGMLbtJlHUqWt\/assets\/images\/optimized\/rev-a8dec8a\/eldiario.com\/wp-content\/uploads\/2025\/11\/21c473760f3e541bfc74452324e298a8d06c7884-1-1536x1024.jpg 1536w, https:\/\/eldiario.com\/nitropack_static\/DWpklAePbJBFiBKvuTtiGMLbtJlHUqWt\/assets\/images\/optimized\/rev-a8dec8a\/eldiario.com\/wp-content\/uploads\/2025\/11\/21c473760f3e541bfc74452324e298a8d06c7884-1-330x220.jpg 330w, https:\/\/eldiario.com\/nitropack_static\/DWpklAePbJBFiBKvuTtiGMLbtJlHUqWt\/assets\/images\/optimized\/rev-a8dec8a\/eldiario.com\/wp-content\/uploads\/2025\/11\/21c473760f3e541bfc74452324e298a8d06c7884-1-420x280.jpg 420w, https:\/\/eldiario.com\/nitropack_static\/DWpklAePbJBFiBKvuTtiGMLbtJlHUqWt\/assets\/images\/optimized\/rev-a8dec8a\/eldiario.com\/wp-content\/uploads\/2025\/11\/21c473760f3e541bfc74452324e298a8d06c7884-1-615x410.jpg 615w, https:\/\/eldiario.com\/nitropack_static\/DWpklAePbJBFiBKvuTtiGMLbtJlHUqWt\/assets\/images\/optimized\/rev-a8dec8a\/eldiario.com\/wp-content\/uploads\/2025\/11\/21c473760f3e541bfc74452324e298a8d06c7884-1-860x574.jpg 860w, https:\/\/eldiario.com\/nitropack_static\/DWpklAePbJBFiBKvuTtiGMLbtJlHUqWt\/assets\/images\/optimized\/rev-a8dec8a\/eldiario.com\/wp-content\/uploads\/2025\/11\/21c473760f3e541bfc74452324e298a8d06c7884-1-150x100.jpg 150w, https:\/\/eldiario.com\/nitropack_static\/DWpklAePbJBFiBKvuTtiGMLbtJlHUqWt\/assets\/images\/optimized\/rev-a8dec8a\/eldiario.com\/wp-content\/uploads\/2025\/11\/21c473760f3e541bfc74452324e298a8d06c7884-1.jpg 1600w\" src=\"https:\/\/eldiario.com\/nitropack_static\/DWpklAePbJBFiBKvuTtiGMLbtJlHUqWt\/assets\/images\/optimized\/rev-a8dec8a\/eldiario.com\/wp-content\/uploads\/2025\/11\/21c473760f3e541bfc74452324e298a8d06c7884-1-1200x800.jpg\" class=\"nitro-lazy\" decoding=\"async\" nitro-lazy-empty=\"\" id=\"ODM1OjEzNzc=-1\"\/> <\/picture><figcaption class=\"wp-element-caption\">Foto: EFE\/Miguel Guti\u00e9rrez<\/figcaption><\/figure>\n<p>Adem\u00e1s de las medidas tomadas por las aerol\u00edneas, varios pa\u00edses han emitido, y algunos reiteraron, <strong>recomendaciones a sus ciudadanos de no viajar a Venezuela<\/strong> por posibles situaciones de riesgo. <\/p>\n<p>Entre las naciones que emitieron dichas sugerencias est\u00e1n los pa\u00edses n\u00f3rdicos <strong>Suecia, Finlandia y Noruega.<\/strong><\/p>\n<p>El gobierno sueco aleg\u00f3 que hab\u00eda tomado la medida debido a la \u201csituaci\u00f3n de seguridad\u201d en el pa\u00eds caribe\u00f1o.<\/p>\n<p>Por su parte, Noruega advirti\u00f3 que <strong>\u201cla situaci\u00f3n de seguridad en Venezuela es impredecible y evoluciona r\u00e1pidamente\u201d<\/strong>adem\u00e1s de que \u201clas l\u00edneas de transporte y comunicaci\u00f3n dentro y fuera del pa\u00eds se han visto afectadas y varias aerol\u00edneas han cancelado sus vuelos\u201d.<\/p>\n<p>Asimismo, Finlandia alert\u00f3 que \u201cla situaci\u00f3n pol\u00edtica es ca\u00f3tica y sus efectos son ampliamente visibles\u201d en la naci\u00f3n americana, al mismo tiempo que explic\u00f3 que \u201cen Caracas y otras grandes ciudades pueden producirse manifestaciones pol\u00edticas que pueden tornarse violentas r\u00e1pidamente\u201d.<\/p>\n<p><em>\u201cEste contenido incluye informaci\u00f3n suministrada por la Agencia EFE. Editado, verificado y contextualizado por el equipo editorial de <strong>El Diario<\/strong>. Conoce nuestra pol\u00edtica sobre el uso de contenidos de EFE<\/em><em> <\/em>aqu\u00ed.<em>\u00ab<\/em><\/p>\n<\/p><\/div>\n\n","protected":false},"excerpt":{"rendered":"<p>El Instituto Nacional de Aeron\u00e1utica Civil (INAC) de Venezuela indic\u00f3 el jueves 4 de diciembre que espera que la aerol\u00ednea colombiana Wingo y su matriz, la paname\u00f1a Copa Airlines, reinicien sus vuelos en 48 horasdespu\u00e9s de que ambas suspendieran sus itinerarios del 4 y 5 de diciembre con origen y destino en Caracas debido a &hellip;<\/p>\n","protected":false},"author":1,"featured_media":52507,"comment_status":"open","ping_status":"open","sticky":false,"template":"","format":"standard","meta":{"fifu_image_url":"https:\/\/eldiario.com\/wp-content\/uploads\/2024\/08\/Copa-1.jpg","fifu_image_alt":"","footnotes":""},"categories":[13],"tags":[],"class_list":["post-52505","post","type-post","status-publish","format-standard","has-post-thumbnail","","category-mundo"],"_links":{"self":[{"href":"https:\/\/noticiasveraces.com\/index.php?rest_route=\/wp\/v2\/posts\/52505","targetHints":{"allow":["GET"]}}],"collection":[{"href":"https:\/\/noticiasveraces.com\/index.php?rest_route=\/wp\/v2\/posts"}],"about":[{"href":"https:\/\/noticiasveraces.com\/index.php?rest_route=\/wp\/v2\/types\/post"}],"author":[{"embeddable":true,"href":"https:\/\/noticiasveraces.com\/index.php?rest_route=\/wp\/v2\/users\/1"}],"replies":[{"embeddable":true,"href":"https:\/\/noticiasveraces.com\/index.php?rest_route=%2Fwp%2Fv2%2Fcomments&post=52505"}],"version-history":[{"count":0,"href":"https:\/\/noticiasveraces.com\/index.php?rest_route=\/wp\/v2\/posts\/52505\/revisions"}],"wp:featuredmedia":[{"embeddable":true,"href":"https:\/\/noticiasveraces.com\/index.php?rest_route=\/wp\/v2\/media\/52507"}],"wp:attachment":[{"href":"https:\/\/noticiasveraces.com\/index.php?rest_route=%2Fwp%2Fv2%2Fmedia&parent=52505"}],"wp:term":[{"taxonomy":"category","embeddable":true,"href":"https:\/\/noticiasveraces.com\/index.php?rest_route=%2Fwp%2Fv2%2Fcategories&post=52505"},{"taxonomy":"post_tag","embeddable":true,"href":"https:\/\/noticiasveraces.com\/index.php?rest_route=%2Fwp%2Fv2%2Ftags&post=52505"}],"curies":[{"name":"wp","href":"https:\/\/api.w.org\/{rel}","templated":true}]}}