{"id":52502,"date":"2025-12-04T13:33:17","date_gmt":"2025-12-04T17:33:17","guid":{"rendered":"https:\/\/noticiasveraces.com\/?p=52502"},"modified":"2025-12-04T13:33:17","modified_gmt":"2025-12-04T17:33:17","slug":"danny-ocean-y-gabriela-montero-actuaran-en-la-ceremonia-del-premio-nobel-de-la-paz","status":"publish","type":"post","link":"https:\/\/noticiasveraces.com\/?p=52502","title":{"rendered":"Danny Ocean y Gabriela Montero actuar\u00e1n en la ceremonia del Premio Nobel de la Paz"},"content":{"rendered":"<p> \n<\/p>\n<div>\n<article>\n<div class=\"image-featured\">\n<img src=\"data:image\/png;base64,iVBORw0KGgoAAAANSUhEUgAABOIAAANSAQAAAADgkFwQAAAAAnRSTlMAAHaTzTgAAACZSURBVHja7cExAQAAAMKg9U9tDQ+gAAAAAAAAAAAAAAAAAAAAAAAAAAAAAAAAAAAAAAAAAAAAAAAAAAAAAAAAAAAAAAAAAAAAAAAAAAAAAAAAAAAAAAAAAAAAAAAAAAAAAAAAAAAAAAAAAAAAAAAAAAAAAAAAAAAAAAAAAAAAAAAAAAAAAAAAAAAAAAAAAAAAAAAAAAAAAH4MDLoAAaEFyhEAAAAASUVORK5CYII=\" alt=\"Danny Ocean y Gabriela Montero\" data-src=\"https:\/\/elnacional-uploads.nyc3.digitaloceanspaces.com\/wp-content\/uploads\/2025\/12\/04130829\/Diseno-sin-titulo.jpg\" decoding=\"async\" class=\"lazyload\" data-eio-rwidth=\"1250\" data-eio-rheight=\"850\"\/><img decoding=\"async\" src=\"https:\/\/elnacional-uploads.nyc3.digitaloceanspaces.com\/wp-content\/uploads\/2025\/12\/04130829\/Diseno-sin-titulo.jpg\" alt=\"Danny Ocean y Gabriela Montero\" data-eio=\"l\"\/><figcaption>La ceremonia del Nobel de la Paz ser\u00e1 transmitida en vivo en por canal de YouTube del premio y en su perfil de Facebook<\/figcaption><\/div>\n<p><strong>Danny Ocean y Gabriela Montero se presentar\u00e1n en la ceremonia del Premio Nobel de la Paz 2025<\/strong>en la que ser\u00e1 reconocida la l\u00edder opositora Mar\u00eda Corina Machado por su lucha por la democracia en Venezuela.<\/p>\n<p>A trav\u00e9s de sus redes sociales, <strong>la organizaci\u00f3n del Nobel confirm\u00f3 que Danny Ocean y Gabriela Montero, artistas venezolanos que han expresado su apoyo a Machado, actuar\u00e1n en la ceremonia<\/strong>que se celebrar\u00e1 el 10 de diciembre en Oslo.<\/p>\n<blockquote class=\"instagram-media\" data-instgrm-permalink=\"https:\/\/www.instagram.com\/p\/DR2PvaqF0cM\/?img_index=1\" data-instgrm-version=\"14\" style=\"max-width: 500px\"\/>\n<p>En la ceremonia del Nobel de la Paz tambi\u00e9n se presentar\u00e1 la artista noruega Vera Sonne.<\/p>\n<p><strong>Tanto Danny Ocean como Gabriela Montero son conocidos no solo por su talento, sino tambi\u00e9n por su firme posici\u00f3n cr\u00edtica contra el gobierno de Venezuela.<\/strong><\/p>\n<p><strong>Danny Ocean, autor del \u00e9xito global \u201cMe Reh\u00faso\u201d, ha utilizado su plataforma para denunciar la crisis humanitaria y pol\u00edtica en Venezuela<\/strong>. Su m\u00fasica se ha convertido en una banda sonora del desarraigo y el anhelo de retorno a una Venezuela libre.<\/p>\n<p>Por su parte, la pianista y compositora <strong>Gabriela Montero ha sido una voz implacable en la denuncia de las violaciones de derechos humanos.<\/strong><\/p>\n<p>En varias oportunidades, Montero ha condenado p\u00fablicamente al gobierno venezolano, incluso ha exhortado a promotores y m\u00fasicos internacionales a que corten lazos con organizaciones culturales supuestamente vinculadas al r\u00e9gimen venezolano.<\/p>\n<p><strong>Mar\u00eda Corina Machado, l\u00edder de la oposici\u00f3n venezolana, ser\u00e1 reconocida por el Comit\u00e9 Noruego del Nobel por su \u201cextraordinario ejemplo de valent\u00eda civil\u201d<\/strong> en su incansable lucha por la libertad y democracia venezolana.<\/p>\n<p>\u200bLa ceremonia del Premio Nobel de la Paz ser\u00e1 transmitida en vivo en el canal de YouTube del premio Nobel, as\u00ed como en su perfil de Facebook.<\/p>\n<\/article>\n<\/div>\n<p><script async src=\"\/\/www.instagram.com\/embed.js\"><\/script><br \/>\n<br \/>\n","protected":false},"excerpt":{"rendered":"<p>La ceremonia del Nobel de la Paz ser\u00e1 transmitida en vivo en por canal de YouTube del premio y en su perfil de Facebook Danny Ocean y Gabriela Montero se presentar\u00e1n en la ceremonia del Premio Nobel de la Paz 2025en la que ser\u00e1 reconocida la l\u00edder opositora Mar\u00eda Corina Machado por su lucha por &hellip;<\/p>\n","protected":false},"author":1,"featured_media":52504,"comment_status":"open","ping_status":"open","sticky":false,"template":"","format":"standard","meta":{"fifu_image_url":"https:\/\/elnacional-uploads.nyc3.digitaloceanspaces.com\/wp-content\/uploads\/2025\/12\/04130829\/Diseno-sin-titulo.jpg","fifu_image_alt":"","footnotes":""},"categories":[13],"tags":[],"class_list":["post-52502","post","type-post","status-publish","format-standard","has-post-thumbnail","","category-mundo"],"_links":{"self":[{"href":"https:\/\/noticiasveraces.com\/index.php?rest_route=\/wp\/v2\/posts\/52502","targetHints":{"allow":["GET"]}}],"collection":[{"href":"https:\/\/noticiasveraces.com\/index.php?rest_route=\/wp\/v2\/posts"}],"about":[{"href":"https:\/\/noticiasveraces.com\/index.php?rest_route=\/wp\/v2\/types\/post"}],"author":[{"embeddable":true,"href":"https:\/\/noticiasveraces.com\/index.php?rest_route=\/wp\/v2\/users\/1"}],"replies":[{"embeddable":true,"href":"https:\/\/noticiasveraces.com\/index.php?rest_route=%2Fwp%2Fv2%2Fcomments&post=52502"}],"version-history":[{"count":0,"href":"https:\/\/noticiasveraces.com\/index.php?rest_route=\/wp\/v2\/posts\/52502\/revisions"}],"wp:featuredmedia":[{"embeddable":true,"href":"https:\/\/noticiasveraces.com\/index.php?rest_route=\/wp\/v2\/media\/52504"}],"wp:attachment":[{"href":"https:\/\/noticiasveraces.com\/index.php?rest_route=%2Fwp%2Fv2%2Fmedia&parent=52502"}],"wp:term":[{"taxonomy":"category","embeddable":true,"href":"https:\/\/noticiasveraces.com\/index.php?rest_route=%2Fwp%2Fv2%2Fcategories&post=52502"},{"taxonomy":"post_tag","embeddable":true,"href":"https:\/\/noticiasveraces.com\/index.php?rest_route=%2Fwp%2Fv2%2Ftags&post=52502"}],"curies":[{"name":"wp","href":"https:\/\/api.w.org\/{rel}","templated":true}]}}