{"id":52487,"date":"2025-12-04T11:36:23","date_gmt":"2025-12-04T15:36:23","guid":{"rendered":"https:\/\/noticiasveraces.com\/?p=52487"},"modified":"2025-12-04T11:36:23","modified_gmt":"2025-12-04T15:36:23","slug":"la-falta-de-socializacion-esta-relacionada-con-un-mayor-riesgo-de-demencia-revela-un-nuevo-estudio","status":"publish","type":"post","link":"https:\/\/noticiasveraces.com\/?p=52487","title":{"rendered":"La falta de socializaci\u00f3n est\u00e1 relacionada con un mayor riesgo de demencia, revela un nuevo estudio"},"content":{"rendered":"<p> \n<\/p>\n<div>\n<div id=\"beyondwords-wrapper\" class=\"beyondwords-wrapper\">\n<p><span class=\"label-bg\">NUEVO<\/span>\u00a1Ahora puedes escuchar los art\u00edculos de Fox News!\n  <\/p>\n<\/div>\n<p class=\"speakable\">La falta de socializaci\u00f3n puede ser un factor de riesgo importante para los trastornos neurol\u00f3gicos en los adultos mayores.<\/p>\n<p class=\"speakable\">Una nueva investigaci\u00f3n de la Universidad de Nueva Gales del Sur (UNSW) en Sydney, Australia, ha considerado c\u00f3mo la \u00abfragilidad social\u00bb puede predecir la demencia.<\/p>\n<p>El estudio, publicado en The Journals of Gerontology, analiz\u00f3 datos de 851 personas mayores de 70 a\u00f1os en los suburbios de Sydney que no ten\u00edan demencia en ese momento.<\/p>\n<p><strong>EL RIESGO DE ALZHEIMER DISMINUYE CON UN CAMBIO DIARIO DE ESTILO DE VIDA, DICEN LOS INVESTIGADORES<\/strong><\/p>\n<p>Los investigadores evaluaron la fragilidad social utilizando medidas de apoyo social, frecuencia de interacciones sociales, sentido de prop\u00f3sito, participaci\u00f3n en actividades comunitarias o voluntarias, y los roles sociales percibidos y la conexi\u00f3n del individuo, seg\u00fan un comunicado de prensa.<\/p>\n<p>Seg\u00fan este an\u00e1lisis, los participantes fueron clasificados como socialmente fr\u00e1giles, prefr\u00e1giles o no fr\u00e1giles.<\/p>\n<div class=\"image-ct inline\">\n<div class=\"m\"><picture><source media=\"(max-width: 767px)\" srcset=\"https:\/\/a57.foxnews.com\/static.foxnews.com\/foxnews.com\/content\/uploads\/2025\/12\/343\/192\/old-man-talks-on-phone.jpg?ve=1&amp;tl=1, https:\/\/a57.foxnews.com\/static.foxnews.com\/foxnews.com\/content\/uploads\/2025\/12\/686\/384\/old-man-talks-on-phone.jpg?ve=1&amp;tl=1 2x\" height=\"192\" width=\"343\"><source media=\"(min-width: 768px) and (max-width: 1023px)\" srcset=\"https:\/\/a57.foxnews.com\/static.foxnews.com\/foxnews.com\/content\/uploads\/2025\/12\/672\/378\/old-man-talks-on-phone.jpg?ve=1&amp;tl=1, https:\/\/a57.foxnews.com\/static.foxnews.com\/foxnews.com\/content\/uploads\/2025\/12\/1344\/756\/old-man-talks-on-phone.jpg?ve=1&amp;tl=1 2x\" height=\"378\" width=\"672\"><source media=\"(min-width: 1024px) and (max-width: 1279px)\" srcset=\"https:\/\/a57.foxnews.com\/static.foxnews.com\/foxnews.com\/content\/uploads\/2025\/12\/931\/523\/old-man-talks-on-phone.jpg?ve=1&amp;tl=1, https:\/\/a57.foxnews.com\/static.foxnews.com\/foxnews.com\/content\/uploads\/2025\/12\/1862\/1046\/old-man-talks-on-phone.jpg?ve=1&amp;tl=1 2x\" height=\"523\" width=\"931\"><source media=\"(min-width: 1280px)\" srcset=\"https:\/\/a57.foxnews.com\/static.foxnews.com\/foxnews.com\/content\/uploads\/2025\/12\/720\/405\/old-man-talks-on-phone.jpg?ve=1&amp;tl=1, https:\/\/a57.foxnews.com\/static.foxnews.com\/foxnews.com\/content\/uploads\/2025\/12\/1440\/810\/old-man-talks-on-phone.jpg?ve=1&amp;tl=1 2x\" height=\"405\" width=\"720\"><img loading=\"lazy\" decoding=\"async\" src=\"https:\/\/a57.foxnews.com\/static.foxnews.com\/foxnews.com\/content\/uploads\/2025\/12\/1200\/675\/old-man-talks-on-phone.jpg?ve=1&amp;tl=1\" alt=\"Un hombre mayor habla por tel\u00e9fono mientras se balancea sobre un bast\u00f3n.\" width=\"1200\" height=\"675\"\/><\/source><\/source><\/source><\/source><\/picture><\/div>\n<div class=\"info\">\n<div class=\"caption\">\n<p><span>Los investigadores consideraron los niveles de conexi\u00f3n social entre casi 900 personas mayores australianas.<\/span> <span>(iStock)<\/span><\/p>\n<\/div>\n<\/div>\n<\/div>\n<p>Los participantes fueron seguidos durante m\u00e1s de 12 a\u00f1os y se les realizaron pruebas neuropsicol\u00f3gicas cada dos a\u00f1os para diagnosticar cualquier nuevo caso de demencia. Los investigadores ajustaron otros factores como la fragilidad f\u00edsica, la fragilidad psicol\u00f3gica y el historial de salud.<\/p>\n<p>El estudio concluy\u00f3 que la fragilidad social se asociaba con un mayor riesgo de demencia, y que las personas socialmente fr\u00e1giles enfrentaban aproximadamente un 47% m\u00e1s de riesgo en comparaci\u00f3n con aquellos en el grupo no fr\u00e1gil.<\/p>\n<p><strong>CIENT\u00cdFICOS DESCUBREN C\u00d3MO UNAS PERSONAS DE 80 A\u00d1OS TIENEN LA MEMORIA DE UNA DE 50 A\u00d1OS<\/strong><\/p>\n<p>En la mayor\u00eda de las personas socialmente fr\u00e1giles, los factores que estaban m\u00e1s fuertemente asociados con este riesgo inclu\u00edan una baja satisfacci\u00f3n financiera y familiar, un contacto social poco frecuente y una participaci\u00f3n limitada en la actividad social.<\/p>\n<p>El coautor del estudio y psic\u00f3logo cl\u00ednico, el Dr. Suraj Samtani, investigador postdoctoral de la UNSW Sydney en el Centro para el Envejecimiento Cerebral Saludable, enfatiz\u00f3 las consecuencias del envejecimiento de las personas que carecen de conexiones sociales.<\/p>\n<div class=\"image-ct inline\">\n<div class=\"m\"><picture><source media=\"(max-width: 767px)\" srcset=\"https:\/\/a57.foxnews.com\/static.foxnews.com\/foxnews.com\/content\/uploads\/2025\/12\/343\/192\/senior-woman-sad-thinking.jpg?ve=1&amp;tl=1, https:\/\/a57.foxnews.com\/static.foxnews.com\/foxnews.com\/content\/uploads\/2025\/12\/686\/384\/senior-woman-sad-thinking.jpg?ve=1&amp;tl=1 2x\" height=\"192\" width=\"343\"><source media=\"(min-width: 768px) and (max-width: 1023px)\" srcset=\"https:\/\/a57.foxnews.com\/static.foxnews.com\/foxnews.com\/content\/uploads\/2025\/12\/672\/378\/senior-woman-sad-thinking.jpg?ve=1&amp;tl=1, https:\/\/a57.foxnews.com\/static.foxnews.com\/foxnews.com\/content\/uploads\/2025\/12\/1344\/756\/senior-woman-sad-thinking.jpg?ve=1&amp;tl=1 2x\" height=\"378\" width=\"672\"><source media=\"(min-width: 1024px) and (max-width: 1279px)\" srcset=\"https:\/\/a57.foxnews.com\/static.foxnews.com\/foxnews.com\/content\/uploads\/2025\/12\/931\/523\/senior-woman-sad-thinking.jpg?ve=1&amp;tl=1, https:\/\/a57.foxnews.com\/static.foxnews.com\/foxnews.com\/content\/uploads\/2025\/12\/1862\/1046\/senior-woman-sad-thinking.jpg?ve=1&amp;tl=1 2x\" height=\"523\" width=\"931\"><source media=\"(min-width: 1280px)\" srcset=\"https:\/\/a57.foxnews.com\/static.foxnews.com\/foxnews.com\/content\/uploads\/2025\/12\/720\/405\/senior-woman-sad-thinking.jpg?ve=1&amp;tl=1, https:\/\/a57.foxnews.com\/static.foxnews.com\/foxnews.com\/content\/uploads\/2025\/12\/1440\/810\/senior-woman-sad-thinking.jpg?ve=1&amp;tl=1 2x\" height=\"405\" width=\"720\"><img loading=\"lazy\" decoding=\"async\" src=\"https:\/\/a57.foxnews.com\/static.foxnews.com\/foxnews.com\/content\/uploads\/2025\/12\/1200\/675\/senior-woman-sad-thinking.jpg?ve=1&amp;tl=1\" alt=\"Una mujer mayor se sienta en un sof\u00e1 blanco con la mano en la frente\" width=\"1200\" height=\"675\"\/><\/source><\/source><\/source><\/source><\/picture><\/div>\n<div class=\"info\">\n<div class=\"caption\">\n<p><span>\u00abEl aislamiento social es el mayor factor de riesgo de demencia\u00bb en una etapa avanzada de la vida, afirm\u00f3 el investigador principal.<\/span> <span>(iStock)<\/span><\/p>\n<\/div>\n<\/div>\n<\/div>\n<p>\u00abEn la mediana edad, es muy importante prevenir y controlar los factores de riesgo como la p\u00e9rdida de audici\u00f3n y los s\u00edndromes metab\u00f3licos como la hipertensi\u00f3n y la diabetes\u00bb, dijo en el comunicado de prensa. \u00abPero en la vejez, el aislamiento social es el mayor factor de riesgo de demencia\u00bb.<\/p>\n<p><strong>POR QU\u00c9 LA MAYOR\u00cdA DE LAS PERSONAS SE CAEN POR UN &#8216;ACANTILADO DE SALUD&#8217; A LOS 75 A\u00d1OS Y 5 MANERAS DE EVITAR LA CA\u00cdDA<\/strong><\/p>\n<p>En una entrevista con Fox News Digital, la coautora e investigadora postdoctoral, la Dra. Annabel Matison, se\u00f1al\u00f3 que la poblaci\u00f3n del estudio era \u00aben general sana, bien educada y cauc\u00e1sica\u00bb.<\/p>\n<p>Si bien a los investigadores les gustar\u00eda confirmar estos hallazgos entre un grupo m\u00e1s amplio, Matison coment\u00f3 que la fuerza de la asociaci\u00f3n entre la socializaci\u00f3n y el deterioro cognitivo es \u00abdigna de menci\u00f3n\u00bb.<\/p>\n<p><strong>HAGA CLIC AQU\u00cd PARA SUSCRIBIRSE A NUESTRO BOLET\u00cdN DE SALUD<\/strong><\/p>\n<p>\u00abEsperamos que estos hallazgos generen conciencia de que las conexiones sociales, los recursos y el apoyo deficientes son factores de riesgo de demencia\u00bb, afirm\u00f3. \u00abAlentamos a los adultos mayores a mantenerse socialmente activos con familiares, amigos y vecinos, y a considerar el voluntariado\u00bb.<\/p>\n<h2>Envejecer lentamente y mantenerse activo<\/h2>\n<p>Otro estudio reciente realizado por investigadores de la Universidad de Cornell encontr\u00f3 que las relaciones sociales en realidad pueden retardar el envejecimiento celular.<\/p>\n<p>El autor principal del estudio, Anthony Ong, profesor de psicolog\u00eda y director de los Laboratorios de Salud Humana de la Facultad de Ecolog\u00eda Humana de Nueva York, comparti\u00f3 con Fox News Digital c\u00f3mo la \u00abprofundidad y coherencia\u00bb de la conexi\u00f3n social a lo largo de la vida \u00abimporta profundamente\u00bb.<\/p>\n<p>\u00abLos fuertes lazos sociales parecen funcionar en segundo plano durante muchos a\u00f1os, construyendo un cuerpo m\u00e1s resistente al reducir la inflamaci\u00f3n cr\u00f3nica de bajo grado que es un factor clave del envejecimiento acelerado\u00bb, dijo.<\/p>\n<div class=\"image-ct inline\">\n<div class=\"m\"><picture><source media=\"(max-width: 767px)\" srcset=\"https:\/\/a57.foxnews.com\/static.foxnews.com\/foxnews.com\/content\/uploads\/2025\/12\/343\/192\/old-man-looks-out-window.jpg?ve=1&amp;tl=1, https:\/\/a57.foxnews.com\/static.foxnews.com\/foxnews.com\/content\/uploads\/2025\/12\/686\/384\/old-man-looks-out-window.jpg?ve=1&amp;tl=1 2x\" height=\"192\" width=\"343\"><source media=\"(min-width: 768px) and (max-width: 1023px)\" srcset=\"https:\/\/a57.foxnews.com\/static.foxnews.com\/foxnews.com\/content\/uploads\/2025\/12\/672\/378\/old-man-looks-out-window.jpg?ve=1&amp;tl=1, https:\/\/a57.foxnews.com\/static.foxnews.com\/foxnews.com\/content\/uploads\/2025\/12\/1344\/756\/old-man-looks-out-window.jpg?ve=1&amp;tl=1 2x\" height=\"378\" width=\"672\"><source media=\"(min-width: 1024px) and (max-width: 1279px)\" srcset=\"https:\/\/a57.foxnews.com\/static.foxnews.com\/foxnews.com\/content\/uploads\/2025\/12\/931\/523\/old-man-looks-out-window.jpg?ve=1&amp;tl=1, https:\/\/a57.foxnews.com\/static.foxnews.com\/foxnews.com\/content\/uploads\/2025\/12\/1862\/1046\/old-man-looks-out-window.jpg?ve=1&amp;tl=1 2x\" height=\"523\" width=\"931\"><source media=\"(min-width: 1280px)\" srcset=\"https:\/\/a57.foxnews.com\/static.foxnews.com\/foxnews.com\/content\/uploads\/2025\/12\/720\/405\/old-man-looks-out-window.jpg?ve=1&amp;tl=1, https:\/\/a57.foxnews.com\/static.foxnews.com\/foxnews.com\/content\/uploads\/2025\/12\/1440\/810\/old-man-looks-out-window.jpg?ve=1&amp;tl=1 2x\" height=\"405\" width=\"720\"><img loading=\"lazy\" decoding=\"async\" src=\"https:\/\/a57.foxnews.com\/static.foxnews.com\/foxnews.com\/content\/uploads\/2025\/12\/1200\/675\/old-man-looks-out-window.jpg?ve=1&amp;tl=1\" alt=\"El anciano se sienta en la cama mirando por la ventana.\" width=\"1200\" height=\"675\"\/><\/source><\/source><\/source><\/source><\/picture><\/div>\n<div class=\"info\">\n<div class=\"caption\">\n<p><span>Seg\u00fan los expertos, mantenerse socialmente comprometido y apegado a sus seres queridos es clave para un envejecimiento saludable.<\/span> <span>(iStock)<\/span><\/p>\n<\/div>\n<\/div>\n<\/div>\n<p>En una entrevista anterior con Fox News Digital, los expertos en longevidad David Cravit y Larry Wolf, los autores canadienses de \u00abThe SuperAging Workbook\u00bb, compartieron varios aspectos del \u00absuperenvejecimiento\u00bb, incluido el apego a los dem\u00e1s.<\/p>\n<p><strong>HAGA CLIC AQU\u00cd PARA M\u00c1S HISTORIAS DE SALUD<\/strong><\/p>\n<p>\u00abTengo la suerte de haber estado casado con la misma maravillosa dama durante casi 60 a\u00f1os\u00bb, dijo Wolf. \u00abCultivar el contacto con las personas que amas, con las personas que te agradan y ampliar tu red social son aspectos muy cr\u00edticos\u00bb.<\/p>\n<p>Los expertos se\u00f1alaron que el ejercicio f\u00edsico y mental tambi\u00e9n es crucial para mantener el cerebro joven y alerta.<\/p>\n<h2>La &#8216;epidemia de soledad&#8217;<\/h2>\n<p>M\u00faltiples estudios han demostrado que la soledad puede ser peligrosa para la salud humana. De hecho, un estudio anterior de Harvard descubri\u00f3 que sentirse solo es tan perjudicial como fumar 15 cigarrillos al d\u00eda.<\/p>\n<p><strong>HAGA CLIC AQU\u00cd PARA DESCARGAR LA APLICACI\u00d3N FOX NEWS<\/strong><\/p>\n<p>El cirujano general de EE. UU., Dr. Vivek Murthy, public\u00f3 en septiembre un aviso actualizado sobre la epidemia de soledad, informando de una creciente disminuci\u00f3n en la conexi\u00f3n social, especialmente entre los j\u00f3venes.<\/p>\n<div class=\"image-ct inline\">\n<div class=\"m\"><picture><source media=\"(max-width: 767px)\" srcset=\"https:\/\/a57.foxnews.com\/static.foxnews.com\/foxnews.com\/content\/uploads\/2025\/12\/343\/192\/lonely-young-boy.jpg?ve=1&amp;tl=1, https:\/\/a57.foxnews.com\/static.foxnews.com\/foxnews.com\/content\/uploads\/2025\/12\/686\/384\/lonely-young-boy.jpg?ve=1&amp;tl=1 2x\" height=\"192\" width=\"343\"><source media=\"(min-width: 768px) and (max-width: 1023px)\" srcset=\"https:\/\/a57.foxnews.com\/static.foxnews.com\/foxnews.com\/content\/uploads\/2025\/12\/672\/378\/lonely-young-boy.jpg?ve=1&amp;tl=1, https:\/\/a57.foxnews.com\/static.foxnews.com\/foxnews.com\/content\/uploads\/2025\/12\/1344\/756\/lonely-young-boy.jpg?ve=1&amp;tl=1 2x\" height=\"378\" width=\"672\"><source media=\"(min-width: 1024px) and (max-width: 1279px)\" srcset=\"https:\/\/a57.foxnews.com\/static.foxnews.com\/foxnews.com\/content\/uploads\/2025\/12\/931\/523\/lonely-young-boy.jpg?ve=1&amp;tl=1, https:\/\/a57.foxnews.com\/static.foxnews.com\/foxnews.com\/content\/uploads\/2025\/12\/1862\/1046\/lonely-young-boy.jpg?ve=1&amp;tl=1 2x\" height=\"523\" width=\"931\"><source media=\"(min-width: 1280px)\" srcset=\"https:\/\/a57.foxnews.com\/static.foxnews.com\/foxnews.com\/content\/uploads\/2025\/12\/720\/405\/lonely-young-boy.jpg?ve=1&amp;tl=1, https:\/\/a57.foxnews.com\/static.foxnews.com\/foxnews.com\/content\/uploads\/2025\/12\/1440\/810\/lonely-young-boy.jpg?ve=1&amp;tl=1 2x\" height=\"405\" width=\"720\"><img loading=\"lazy\" decoding=\"async\" src=\"https:\/\/a57.foxnews.com\/static.foxnews.com\/foxnews.com\/content\/uploads\/2025\/12\/1200\/675\/lonely-young-boy.jpg?ve=1&amp;tl=1\" alt=\"Un joven sentado en el sof\u00e1 con una sudadera con capucha azul junto al tel\u00e9fono\" width=\"1200\" height=\"675\"\/><\/source><\/source><\/source><\/source><\/picture><\/div>\n<div class=\"info\">\n<div class=\"caption\">\n<p><span>Los estadounidenses tienen menos amigos que nunca, especialmente entre los grupos m\u00e1s j\u00f3venes, advierte el cirujano general.<\/span> <span>(iStock)<\/span><\/p>\n<\/div>\n<\/div>\n<\/div>\n<p>El psiquiatra Dr. Daniel Amen, fundador de Amen Clinics en California, tambi\u00e9n coment\u00f3 sobre el grave impacto que la soledad puede tener en la salud humana.<\/p>\n<p>\u00abEl n\u00famero de amigos que tiene la gente ha ca\u00eddo un 40% desde 1990\u00bb, dijo en una entrevista anterior con Fox News Digital. \u00ab\u00bfPor qu\u00e9? Estamos m\u00e1s conectados en l\u00ednea, pero estamos m\u00e1s desconectados en persona\u00bb.<\/p>\n<p><strong>PRUEBA CON NUESTRO \u00daLTIMO QUIZ DE ESTILO DE VIDA<\/strong><\/p>\n<p>\u00abLa soledad aumenta las hormonas del estr\u00e9s, lo que te hace m\u00e1s vulnerable a la ansiedad y la depresi\u00f3n, y simplemente es malo para ti\u00bb, continu\u00f3. <\/p>\n<p>\u00abCuando est\u00e1s cara a cara con personas reales, tu cerebro tiene que trabajar mucho m\u00e1s duro, lo que en \u00faltima instancia es ejercitar tu cerebro\u00bb.<\/p>\n<p> <!----> <\/p>\n<div class=\"article-meta\">\n<div class=\"author-bio\">\n<p>Angelica Stabile es reportera de estilo de vida de Fox News Digital.<\/p>\n<\/div>\n<\/div>\n<\/div>\n\n","protected":false},"excerpt":{"rendered":"<p>NUEVO\u00a1Ahora puedes escuchar los art\u00edculos de Fox News! La falta de socializaci\u00f3n puede ser un factor de riesgo importante para los trastornos neurol\u00f3gicos en los adultos mayores. Una nueva investigaci\u00f3n de la Universidad de Nueva Gales del Sur (UNSW) en Sydney, Australia, ha considerado c\u00f3mo la \u00abfragilidad social\u00bb puede predecir la demencia. El estudio, publicado &hellip;<\/p>\n","protected":false},"author":1,"featured_media":52489,"comment_status":"open","ping_status":"open","sticky":false,"template":"","format":"standard","meta":{"fifu_image_url":"https:\/\/a57.foxnews.com\/static.foxnews.com\/foxnews.com\/content\/uploads\/2025\/12\/1200\/675\/old-man-talks-on-phone.jpg?ve=1&tl=1","fifu_image_alt":"","footnotes":""},"categories":[8],"tags":[],"class_list":["post-52487","post","type-post","status-publish","format-standard","has-post-thumbnail","","category-salud"],"_links":{"self":[{"href":"https:\/\/noticiasveraces.com\/index.php?rest_route=\/wp\/v2\/posts\/52487","targetHints":{"allow":["GET"]}}],"collection":[{"href":"https:\/\/noticiasveraces.com\/index.php?rest_route=\/wp\/v2\/posts"}],"about":[{"href":"https:\/\/noticiasveraces.com\/index.php?rest_route=\/wp\/v2\/types\/post"}],"author":[{"embeddable":true,"href":"https:\/\/noticiasveraces.com\/index.php?rest_route=\/wp\/v2\/users\/1"}],"replies":[{"embeddable":true,"href":"https:\/\/noticiasveraces.com\/index.php?rest_route=%2Fwp%2Fv2%2Fcomments&post=52487"}],"version-history":[{"count":0,"href":"https:\/\/noticiasveraces.com\/index.php?rest_route=\/wp\/v2\/posts\/52487\/revisions"}],"wp:featuredmedia":[{"embeddable":true,"href":"https:\/\/noticiasveraces.com\/index.php?rest_route=\/wp\/v2\/media\/52489"}],"wp:attachment":[{"href":"https:\/\/noticiasveraces.com\/index.php?rest_route=%2Fwp%2Fv2%2Fmedia&parent=52487"}],"wp:term":[{"taxonomy":"category","embeddable":true,"href":"https:\/\/noticiasveraces.com\/index.php?rest_route=%2Fwp%2Fv2%2Fcategories&post=52487"},{"taxonomy":"post_tag","embeddable":true,"href":"https:\/\/noticiasveraces.com\/index.php?rest_route=%2Fwp%2Fv2%2Ftags&post=52487"}],"curies":[{"name":"wp","href":"https:\/\/api.w.org\/{rel}","templated":true}]}}