{"id":52480,"date":"2025-12-04T10:05:05","date_gmt":"2025-12-04T14:05:05","guid":{"rendered":"https:\/\/noticiasveraces.com\/?p=52480"},"modified":"2025-12-04T10:05:05","modified_gmt":"2025-12-04T14:05:05","slug":"aerolinea-venezolana-laser-cancela-vuelos-entre-caracas-y-madrid-hasta-el-7-de-diciembre-albertonews","status":"publish","type":"post","link":"https:\/\/noticiasveraces.com\/?p=52480","title":{"rendered":"Aerol\u00ednea venezolana Laser cancela vuelos entre Caracas y Madrid hasta el 7 de diciembre &#8211; AlbertoNews"},"content":{"rendered":"<p> \n<\/p>\n<div>\n<p>La aerol\u00ednea venezolana Laser, que vuela desde Caracas a Madrid y viceversa, inform\u00f3 este jueves de que cancel\u00f3 sus viajes en esta ruta hasta el 7 de diciembre por \u00abcausa de fuerza mayor\u00bb, despu\u00e9s de que la Agencia Espa\u00f1ola de Seguridad A\u00e9rea (AESA) lanzara una \u00abalta recomendaci\u00f3n\u00bb a los operadores civiles para que no sobrevuelen el pa\u00eds suramericano.<\/p>\n<p>\u00abEn cumplimiento de los NOTAM (avisos en el argot aeron\u00e1utico) 89272\/25 y B9273\/25 emitidos por la Autoridad Espa\u00f1ola de Seguridad A\u00e9rea (AESA), nos vemos imposibilitados de operar nuestros vuelos QL2920 y QL2921 CCS-MAD-CCS con fecha del 05 y 07 de diciembre de 2025\u00bb, precis\u00f3 la aerol\u00ednea en un comunicado publicado en su cuenta de Instagram.EFE<\/p>\n<\/p>\n<p class=\"p\"><b><span class=\"16\" style=\"font-family: 'Segoe UI';\">Si quieres recibir en tu celular esta y otras informaciones descarga Telegram, ingresa al link <\/span><\/b><b><span class=\"17\" style=\"font-family: 'Segoe UI';\">https:\/\/t.me\/albertorodnews<\/span><\/b><b><span class=\"16\" style=\"font-family: 'Segoe UI';\"> y dale click a +Unirme.  <\/span><\/b><\/p>\n<p class=\"p\"><b><span class=\"17\" style=\"font-family: 'Segoe UI';\">Alberto Noticias<\/span><\/b><\/p>\n<\/p><\/div>\n\n","protected":false},"excerpt":{"rendered":"<p>La aerol\u00ednea venezolana Laser, que vuela desde Caracas a Madrid y viceversa, inform\u00f3 este jueves de que cancel\u00f3 sus viajes en esta ruta hasta el 7 de diciembre por \u00abcausa de fuerza mayor\u00bb, despu\u00e9s de que la Agencia Espa\u00f1ola de Seguridad A\u00e9rea (AESA) lanzara una \u00abalta recomendaci\u00f3n\u00bb a los operadores civiles para que no sobrevuelen &hellip;<\/p>\n","protected":false},"author":1,"featured_media":52481,"comment_status":"open","ping_status":"open","sticky":false,"template":"","format":"standard","meta":{"fifu_image_url":"https:\/\/bitlyanews.com\/wp-content\/uploads\/2021\/12\/Laser-Airlines-se-encarga-de-los-vuelos-humanitarios-desde-Curazao-y-Aruba.-Foto-de-archivo..jpg","fifu_image_alt":"","footnotes":""},"categories":[13],"tags":[],"class_list":["post-52480","post","type-post","status-publish","format-standard","has-post-thumbnail","","category-mundo"],"_links":{"self":[{"href":"https:\/\/noticiasveraces.com\/index.php?rest_route=\/wp\/v2\/posts\/52480","targetHints":{"allow":["GET"]}}],"collection":[{"href":"https:\/\/noticiasveraces.com\/index.php?rest_route=\/wp\/v2\/posts"}],"about":[{"href":"https:\/\/noticiasveraces.com\/index.php?rest_route=\/wp\/v2\/types\/post"}],"author":[{"embeddable":true,"href":"https:\/\/noticiasveraces.com\/index.php?rest_route=\/wp\/v2\/users\/1"}],"replies":[{"embeddable":true,"href":"https:\/\/noticiasveraces.com\/index.php?rest_route=%2Fwp%2Fv2%2Fcomments&post=52480"}],"version-history":[{"count":0,"href":"https:\/\/noticiasveraces.com\/index.php?rest_route=\/wp\/v2\/posts\/52480\/revisions"}],"wp:featuredmedia":[{"embeddable":true,"href":"https:\/\/noticiasveraces.com\/index.php?rest_route=\/wp\/v2\/media\/52481"}],"wp:attachment":[{"href":"https:\/\/noticiasveraces.com\/index.php?rest_route=%2Fwp%2Fv2%2Fmedia&parent=52480"}],"wp:term":[{"taxonomy":"category","embeddable":true,"href":"https:\/\/noticiasveraces.com\/index.php?rest_route=%2Fwp%2Fv2%2Fcategories&post=52480"},{"taxonomy":"post_tag","embeddable":true,"href":"https:\/\/noticiasveraces.com\/index.php?rest_route=%2Fwp%2Fv2%2Ftags&post=52480"}],"curies":[{"name":"wp","href":"https:\/\/api.w.org\/{rel}","templated":true}]}}