{"id":52474,"date":"2025-12-04T09:41:26","date_gmt":"2025-12-04T13:41:26","guid":{"rendered":"https:\/\/noticiasveraces.com\/?p=52474"},"modified":"2025-12-04T09:41:26","modified_gmt":"2025-12-04T13:41:26","slug":"expertos-de-la-onu-se-quejaron-otra-vez-de-la-presion-de-trump-al-regimen-de-maduro","status":"publish","type":"post","link":"https:\/\/noticiasveraces.com\/?p=52474","title":{"rendered":"Expertos de la ONU se quejaron otra vez de la presi\u00f3n de Trump al r\u00e9gimen de Maduro"},"content":{"rendered":"<p> \n<\/p>\n<div>\n<p>\n\t\t\t<span rel=\"author\" class=\"fn\">con una pala<\/span>\n\t\t<\/p>\n<p>\t\t<time class=\"entry-date published updated\" datetime=\"2025-12-04T09:18:47-04:00\">diciembre 04 2025, 9:18 am<\/time><br \/>\n\t\t<span class=\"spot-im-replies-count\" data-post-id=\"5843677\"\/><\/p>\n<figure id=\"attachment_5843680\" aria-describedby=\"caption-attachment-5843680\" style=\"width: 1000px\" class=\"wp-caption alignnone\"><img fetchpriority=\"high\" decoding=\"async\" onerror=\"this.onerror=null;this.src=\" https:=\"\" class=\"size-full wp-image-5843680\" src=\"https:\/\/sandia.datanubex.uk\/wp-content\/uploads\/2025\/12\/2024-03-12-140335753370.mp4-2040.jpg\" alt=\"\" width=\"1000\" height=\"563\"\/><figcaption id=\"caption-attachment-5843680\" class=\"wp-caption-text\">Ben Saul, relator especial sobre protecci\u00f3n de derechos humanos en la lucha antiterrorista.<\/figcaption><\/figure>\n<\/p>\n<p>Dos expertos en derechos humanos de la ONU condenaron este jueves la \u00abcreciente presi\u00f3n\u00bb del presidente estadounidense Donald Trump a Venezuela con el cierre de su espacio a\u00e9reo y los \u00abasesinatos extrajudiciales\u00bb de las fuerzas de EE.UU. en la costa caribe\u00f1a.<\/p>\n<p>\u00abLa larga historia de intervenciones externas en Am\u00e9rica Latina no debe repetirse\u00bb, subrayaron en un comunicado el experto independiente sobre la promoci\u00f3n de un orden internacional democr\u00e1tico y equitativo, <strong>George Katrougalos,<\/strong> y el relator especial sobre protecci\u00f3n de derechos humanos en la lucha antiterrorista, <strong>Ben Sa\u00fal.<\/strong><\/p>\n<p><!-- Begin Mailchimp Signup Form --><\/p>\n<div id=\"mc_embed_signup\">\n<p><label for=\"mce-EMAIL\">            \u00a1\u00danete al club ahora! Suscr\u00edbete al bolet\u00edn m\u00e1s importante de Venezuela          <\/label><iframe data-test-id=\"beehiiv-embed\" height=\"52\" frameborder=\"0\" scrolling=\"no\" style=\"margin: 0; border-radius: 0px !important; &#10;&#9;&#9;background-color: transparent;\" data-src=\"https:\/\/embeds.beehiiv.com\/cdab9503-16ae-4689-ad4f-1408c727a83a?slim=true\" class=\"lazyload\"><\/iframe><\/p>\n<\/div>\n<p><!--End mc_embed_signup 2--><\/p>\n<p>Estas medidas del Gobierno estadounidense, advirtieron, amenazan con \u00abperturbar completamente la estabilidad de la regi\u00f3n\u00bb y est\u00e1n \u00abperjudicando gravemente la econom\u00eda de Venezuela\u00bb.<\/p>\n<p>Recordaron que el derecho internacional protege la soberan\u00eda \u00abcompleta y exclusiva\u00bb de los pa\u00edses respecto a su espacio a\u00e9reo y que cualquier medida que busque regular, restringir o \u00abcerrar\u00bb ese espacio constituye una \u00abviolaci\u00f3n flagrante\u00bb de la Convenci\u00f3n de Chicago sobre Aviaci\u00f3n Civil Internacional.<\/p>\n<p>Adem\u00e1s, \u00abla Carta de Naciones Unidas proh\u00edbe la amenaza o el uso de la fuerza contra la integridad territorial o la independencia pol\u00edtica de cualquier Estado\u00bb, a\u00f1adieron.<\/p>\n<p>Citaron el caso \u00abNicaragua contra Estados Unidos\u00bb, que ya llev\u00f3 a Washington en 1986 ante la Corte Internacional de Justicia por acciones militares y paramilitares en el pa\u00eds latinoamericano.<\/p>\n<p>\u00abLa Corte Internacional de Justicia afirm\u00f3 en aquel caso que los principios de no uso de la fuerza, no intervenci\u00f3n e inviolabilidad territorial son pilares del orden jur\u00eddico internacional\u00bb, apuntaron los dos expertos de la ONU.<\/p>\n<p>Lamentaron que varias aerol\u00edneas internacionales suspendieran sus vuelos a Caracas tras una advertencia de la Administraci\u00f3n Federal de la Aviaci\u00f3n de Estados Unidos sobre una \u00absituaci\u00f3n potencialmente peligrosa\u00bb en los cielos del pa\u00eds caribe\u00f1o.<\/p>\n<p>Tambi\u00e9n condenaron los 21 ataques militares de EE.UU. en el mar a \u00abpresuntos narcotraficantes\u00bb, que han matado a m\u00e1s de 80 civiles.<\/p>\n<p>\u00abSon graves violaciones del derecho a la vida y del derecho internacional del mar (\u2026) Los responsables de ordenar y llevar a cabo estos asesinatos extrajudiciales deben ser investigados y procesados por homicidio\u00bb, afirmaron los expertos.<\/p>\n<p>Advirtieron de que, tras el \u00absignificativo aumento\u00bb de tropas estadounidenses en el Caribe, la \u00faltima declaraci\u00f3n de Trump representa una \u00abpeligrosa escalada\u00bb. <strong>EFE<\/strong><\/p>\n<p><!-- CONTENT END 1 -->\n\t<\/div>\n\n","protected":false},"excerpt":{"rendered":"<p>con una pala diciembre 04 2025, 9:18 am Ben Saul, relator especial sobre protecci\u00f3n de derechos humanos en la lucha antiterrorista. Dos expertos en derechos humanos de la ONU condenaron este jueves la \u00abcreciente presi\u00f3n\u00bb del presidente estadounidense Donald Trump a Venezuela con el cierre de su espacio a\u00e9reo y los \u00abasesinatos extrajudiciales\u00bb de las &hellip;<\/p>\n","protected":false},"author":1,"featured_media":52476,"comment_status":"open","ping_status":"open","sticky":false,"template":"","format":"standard","meta":{"fifu_image_url":"https:\/\/sandia.datanubex.uk\/wp-content\/uploads\/2025\/12\/2024-03-12-140335753370.mp4-2040.jpg","fifu_image_alt":"","footnotes":""},"categories":[4],"tags":[],"class_list":["post-52474","post","type-post","status-publish","format-standard","has-post-thumbnail","","category-historias-destacadas"],"_links":{"self":[{"href":"https:\/\/noticiasveraces.com\/index.php?rest_route=\/wp\/v2\/posts\/52474","targetHints":{"allow":["GET"]}}],"collection":[{"href":"https:\/\/noticiasveraces.com\/index.php?rest_route=\/wp\/v2\/posts"}],"about":[{"href":"https:\/\/noticiasveraces.com\/index.php?rest_route=\/wp\/v2\/types\/post"}],"author":[{"embeddable":true,"href":"https:\/\/noticiasveraces.com\/index.php?rest_route=\/wp\/v2\/users\/1"}],"replies":[{"embeddable":true,"href":"https:\/\/noticiasveraces.com\/index.php?rest_route=%2Fwp%2Fv2%2Fcomments&post=52474"}],"version-history":[{"count":0,"href":"https:\/\/noticiasveraces.com\/index.php?rest_route=\/wp\/v2\/posts\/52474\/revisions"}],"wp:featuredmedia":[{"embeddable":true,"href":"https:\/\/noticiasveraces.com\/index.php?rest_route=\/wp\/v2\/media\/52476"}],"wp:attachment":[{"href":"https:\/\/noticiasveraces.com\/index.php?rest_route=%2Fwp%2Fv2%2Fmedia&parent=52474"}],"wp:term":[{"taxonomy":"category","embeddable":true,"href":"https:\/\/noticiasveraces.com\/index.php?rest_route=%2Fwp%2Fv2%2Fcategories&post=52474"},{"taxonomy":"post_tag","embeddable":true,"href":"https:\/\/noticiasveraces.com\/index.php?rest_route=%2Fwp%2Fv2%2Ftags&post=52474"}],"curies":[{"name":"wp","href":"https:\/\/api.w.org\/{rel}","templated":true}]}}