{"id":52466,"date":"2025-12-04T09:08:10","date_gmt":"2025-12-04T13:08:10","guid":{"rendered":"https:\/\/noticiasveraces.com\/?p=52466"},"modified":"2025-12-04T09:08:10","modified_gmt":"2025-12-04T13:08:10","slug":"los-sindicatos-convocan-una-huelga-indefinida-en-enero-contra-el-estatuto-de-sanidad-sociedad","status":"publish","type":"post","link":"https:\/\/noticiasveraces.com\/?p=52466","title":{"rendered":"Los sindicatos convocan una huelga indefinida en enero contra el estatuto de Sanidad | Sociedad"},"content":{"rendered":"<p> \n<br \/><img decoding=\"async\" src=\"https:\/\/imagenes.elpais.com\/resizer\/v2\/HABVFBNRV5DPVLYSXGNBENROHI.JPG?auth=e2e880361405e3456cc3b8c18b00255715b47f8877ce7da7e341f54cfbf1016b\" \/><\/p>\n<div data-dtm-region=\"articulo_cuerpo\">\n<p class=\"\">Los sindicatos del \u00e1mbito de negociaci\u00f3n del estatuto marco (SATSE-FSES, CCOO, UGT, CSIF y CIG-Sa\u00fade) han convocado a los trabajadores del Sistema Nacional de Salud a secundar una huelga indefinida a partir del pr\u00f3ximo 27 de enero, que se repetir\u00e1 cada martes \u201cmientras sea necesario\u201d. Es la primera vez que se ponen de acuerdo todos los miembros sindicales de la mesa sectorial para hacer la convocatoria despu\u00e9s de tres a\u00f1os de negociaciones sobre este asunto. \u201cLamentamos que un Gobierno que se define como progresista haya sido el \u00fanico que haya conseguido formar un frente com\u00fan de sindicatos\u201d, ha se\u00f1alado Bego\u00f1a Bellell, secretaria del Sector Salud de UGT Servicios P\u00fablicos en una rueda de prensa este jueves.<\/p>\n<p class=\"\">Los sindicatos se quejan de la falta de intenci\u00f3n de la ministra de Sanidad, M\u00f3nica Garc\u00eda, de llegar a un acuerdo \u201cjusto, \u00fatil y beneficioso para todos los trabajadores y trabajadoras sin excepci\u00f3n, ni privilegios entre colectivos profesionales\u201d. Fernando Hostangas, el presidente del \u00e1rea nacional de Sanidad de CSIF ha denunciado que la situaci\u00f3n de la asistencia sanitaria est\u00e1 en constante deterioro y que su demanda \u201cno va solo de condiciones laborales, tambi\u00e9n de atender correctamente a la ciudadan\u00eda\u201d.<\/p>\n<p class=\"\">Seg\u00fan dice Hostangas, es algo que se est\u00e1 sufriendo de manera muy clara en este momento, al haberse adelantado m\u00e1s de lo previsto la incidencia del virus de la gripe en Espa\u00f1a. \u201cNo hay refuerzos para combatir la epidemia, son insuficientes\u201d, se\u00f1ala. Recuerda que es algo de lo que llevan meses advirtiendo, pero no se ha reforzado el personal de los hospitales. Y en ese contexto, lamenta, \u201cla negociaci\u00f3n [por el estatuto marco] ha sido vulnerada y violada\u201d.<\/p>\n<p class=\"\">El descontento viene tambi\u00e9n por las \u201cnegociaciones paralelas\u201d que ha hecho este Ministerio con las organizaciones de m\u00e9dicos, lo que le convierte en el \u00fanico con \u201cel dudoso honor\u201d de haber logrado \u201cun frente com\u00fan sindical\u201d, al que, dicen, no ha dejado otra alternativa que la de convocar una huelga. \u201cLa falta de respuesta y la par\u00e1lisis ministerial est\u00e1n empujando a la sanidad p\u00fablica hacia un camino sin retorno\u201d, han criticado. <\/p>\n<\/div>\n\n","protected":false},"excerpt":{"rendered":"<p>Los sindicatos del \u00e1mbito de negociaci\u00f3n del estatuto marco (SATSE-FSES, CCOO, UGT, CSIF y CIG-Sa\u00fade) han convocado a los trabajadores del Sistema Nacional de Salud a secundar una huelga indefinida a partir del pr\u00f3ximo 27 de enero, que se repetir\u00e1 cada martes \u201cmientras sea necesario\u201d. Es la primera vez que se ponen de acuerdo todos &hellip;<\/p>\n","protected":false},"author":1,"featured_media":52468,"comment_status":"open","ping_status":"open","sticky":false,"template":"","format":"standard","meta":{"fifu_image_url":"https:\/\/imagenes.elpais.com\/resizer\/v2\/HABVFBNRV5DPVLYSXGNBENROHI.JPG?auth=e2e880361405e3456cc3b8c18b00255715b47f8877ce7da7e341f54cfbf1016b&width=1200","fifu_image_alt":"","footnotes":""},"categories":[11],"tags":[],"class_list":["post-52466","post","type-post","status-publish","format-standard","has-post-thumbnail","","category-viaje"],"_links":{"self":[{"href":"https:\/\/noticiasveraces.com\/index.php?rest_route=\/wp\/v2\/posts\/52466","targetHints":{"allow":["GET"]}}],"collection":[{"href":"https:\/\/noticiasveraces.com\/index.php?rest_route=\/wp\/v2\/posts"}],"about":[{"href":"https:\/\/noticiasveraces.com\/index.php?rest_route=\/wp\/v2\/types\/post"}],"author":[{"embeddable":true,"href":"https:\/\/noticiasveraces.com\/index.php?rest_route=\/wp\/v2\/users\/1"}],"replies":[{"embeddable":true,"href":"https:\/\/noticiasveraces.com\/index.php?rest_route=%2Fwp%2Fv2%2Fcomments&post=52466"}],"version-history":[{"count":0,"href":"https:\/\/noticiasveraces.com\/index.php?rest_route=\/wp\/v2\/posts\/52466\/revisions"}],"wp:featuredmedia":[{"embeddable":true,"href":"https:\/\/noticiasveraces.com\/index.php?rest_route=\/wp\/v2\/media\/52468"}],"wp:attachment":[{"href":"https:\/\/noticiasveraces.com\/index.php?rest_route=%2Fwp%2Fv2%2Fmedia&parent=52466"}],"wp:term":[{"taxonomy":"category","embeddable":true,"href":"https:\/\/noticiasveraces.com\/index.php?rest_route=%2Fwp%2Fv2%2Fcategories&post=52466"},{"taxonomy":"post_tag","embeddable":true,"href":"https:\/\/noticiasveraces.com\/index.php?rest_route=%2Fwp%2Fv2%2Ftags&post=52466"}],"curies":[{"name":"wp","href":"https:\/\/api.w.org\/{rel}","templated":true}]}}