{"id":52439,"date":"2025-12-04T03:36:48","date_gmt":"2025-12-04T07:36:48","guid":{"rendered":"https:\/\/noticiasveraces.com\/?p=52439"},"modified":"2025-12-04T03:36:48","modified_gmt":"2025-12-04T07:36:48","slug":"james-rodriguez-y-un-emotivo-reencuentro-que-tuvo-con-estrella-del-fpc","status":"publish","type":"post","link":"https:\/\/noticiasveraces.com\/?p=52439","title":{"rendered":"James Rodr\u00edguez y un emotivo reencuentro que tuvo con estrella del FPC"},"content":{"rendered":"<p> \n<br \/><img decoding=\"async\" src=\"https:\/\/www.futbolred.com\/files\/article_graphic\/files\/crop\/uploads\/2025\/11\/18\/691d359db1203.r_1351710.0-0-1600-800.jpeg\" \/><\/p>\n<header>\n<h3>Colombianos en el Exterior<br \/>\n            <\/h3>\n<h1>James Rodr\u00edguez y un emotivo reencuentro que tuvo con estrella del FPC<br \/>\n        <\/h1>\n<address>\n            <a>Andres Rocha Florez<br \/>\n        <\/address>\n<p>        <time datetime=\"2025-12-03T12:03:50-05:00\">03 de diciembre 2025 , 12:03 p.\u00a0m.<br \/>\n        <\/time><br \/>\n    <\/header>\n<p>El diez se encuentra en Colombia y tuvo contacto con un jugador con el que comparti\u00f3 en Selecci\u00f3n.<\/p>\n<p>James Rodr\u00edguez se encuentra en Colombia tras un anuncio comercial con \u00c1guila, principal patrocinador de la Selecci\u00f3n y durante el evento el diez gener\u00f3 revuelo, en el que e incluso, tuvo tiempo para charlar un rato con un jugador del f\u00fatbol colombiano.<\/p>\n<p>El capit\u00e1n del seleccionado fue sorprendido por una videollamada de Andr\u00e9s Mosquera Marmolejo, quien se encontraba concentrado en el hotel con Santa Fe, pero eso no fue impedimento para que ambos se actualizaran.<\/p>\n<p>Durante la llamada, James se alegr\u00f3 por ver a Marmolejo, donde hubo risas y un momento agradable para ambos e incluso, el exjugador de Le\u00f3n confes\u00f3 que hab\u00eda visto el \u00faltimo partido de Santa Fe.<\/p>\n<p>\u201cAh\u00ed vi el partido de hace cuatro d\u00edas, tres d\u00edas. Bueno, atacan bien\u201d, dijo James con respecto al partido entre Tolima y Santa Fe.<\/p>\n<p>Cabe recordar que tanto James Rodr\u00edguez como Andr\u00e9s Mosquera Marmolejo compartieron en selecciones juveniles y de ah\u00ed naci\u00f3 seguramente una buena amistad entre ambos, por lo que el reencuentro virtual termin\u00f3 siendo emotivo.<\/p>\n\n","protected":false},"excerpt":{"rendered":"<p>Colombianos en el Exterior James Rodr\u00edguez y un emotivo reencuentro que tuvo con estrella del FPC Andres Rocha Florez 03 de diciembre 2025 , 12:03 p.\u00a0m. El diez se encuentra en Colombia y tuvo contacto con un jugador con el que comparti\u00f3 en Selecci\u00f3n. James Rodr\u00edguez se encuentra en Colombia tras un anuncio comercial con &hellip;<\/p>\n","protected":false},"author":1,"featured_media":52441,"comment_status":"open","ping_status":"open","sticky":false,"template":"","format":"standard","meta":{"fifu_image_url":"https:\/\/www.futbolred.com\/files\/og_thumbnail\/uploads\/2025\/11\/18\/691d359db1203.jpeg","fifu_image_alt":"","footnotes":""},"categories":[6],"tags":[],"class_list":["post-52439","post","type-post","status-publish","format-standard","has-post-thumbnail","","category-deportes"],"_links":{"self":[{"href":"https:\/\/noticiasveraces.com\/index.php?rest_route=\/wp\/v2\/posts\/52439","targetHints":{"allow":["GET"]}}],"collection":[{"href":"https:\/\/noticiasveraces.com\/index.php?rest_route=\/wp\/v2\/posts"}],"about":[{"href":"https:\/\/noticiasveraces.com\/index.php?rest_route=\/wp\/v2\/types\/post"}],"author":[{"embeddable":true,"href":"https:\/\/noticiasveraces.com\/index.php?rest_route=\/wp\/v2\/users\/1"}],"replies":[{"embeddable":true,"href":"https:\/\/noticiasveraces.com\/index.php?rest_route=%2Fwp%2Fv2%2Fcomments&post=52439"}],"version-history":[{"count":0,"href":"https:\/\/noticiasveraces.com\/index.php?rest_route=\/wp\/v2\/posts\/52439\/revisions"}],"wp:featuredmedia":[{"embeddable":true,"href":"https:\/\/noticiasveraces.com\/index.php?rest_route=\/wp\/v2\/media\/52441"}],"wp:attachment":[{"href":"https:\/\/noticiasveraces.com\/index.php?rest_route=%2Fwp%2Fv2%2Fmedia&parent=52439"}],"wp:term":[{"taxonomy":"category","embeddable":true,"href":"https:\/\/noticiasveraces.com\/index.php?rest_route=%2Fwp%2Fv2%2Fcategories&post=52439"},{"taxonomy":"post_tag","embeddable":true,"href":"https:\/\/noticiasveraces.com\/index.php?rest_route=%2Fwp%2Fv2%2Ftags&post=52439"}],"curies":[{"name":"wp","href":"https:\/\/api.w.org\/{rel}","templated":true}]}}