{"id":52436,"date":"2025-12-04T03:35:38","date_gmt":"2025-12-04T07:35:38","guid":{"rendered":"https:\/\/noticiasveraces.com\/?p=52436"},"modified":"2025-12-04T03:35:38","modified_gmt":"2025-12-04T07:35:38","slug":"los-medicos-explican-los-sintomas-del-cancer-de-lengua-y-el-vinculo-con-el-vph","status":"publish","type":"post","link":"https:\/\/noticiasveraces.com\/?p=52436","title":{"rendered":"Los m\u00e9dicos explican los s\u00edntomas del c\u00e1ncer de lengua y el v\u00ednculo con el VPH"},"content":{"rendered":"<p> \n<\/p>\n<div>\n<div id=\"beyondwords-wrapper\" class=\"beyondwords-wrapper\">\n<p><span class=\"label-bg\">NUEVO<\/span>\u00a1Ahora puedes escuchar los art\u00edculos de Fox News!\n  <\/p>\n<\/div>\n<p class=\"speakable\">Inmediatamente despu\u00e9s del anuncio del comediante Dave Coulier sobre su diagn\u00f3stico de c\u00e1ncer de lengua, los expertos comparten lo que se debe saber sobre la enfermedad.<\/p>\n<p class=\"speakable\">Coulier, de 66 a\u00f1os, anunci\u00f3 en una entrevista el martes que le hab\u00edan diagnosticado un carcinoma P16 en etapa temprana o c\u00e1ncer de lengua orofar\u00edngea. <\/p>\n<p>\u00abOrofar\u00edngeo\u00bb se refiere al c\u00e1ncer que comienza en la base de la lengua. El \u00abP16\u00bb indica que est\u00e1 asociado con el VPH (virus del papiloma humano).<\/p>\n<p><strong>JAMES VAN DER BEEK EST\u00c1 EN &#8216;FASE DE CURACI\u00d3N&#8217; DE LA BATALLA DEL C\u00c1NCER<\/strong><\/p>\n<p>La noticia llega pocos meses despu\u00e9s de que la estrella de \u00abTres por tres\u00bb anunciara su batalla contra una forma agresiva de linfoma no Hodgkin. El c\u00e1ncer de lengua \u00abno tiene ninguna relaci\u00f3n\u00bb con ese c\u00e1ncer inicial, <u>le dijo a \u00abHoy\u00bb<\/u> en la entrevista.<\/p>\n<p>\u00abFui a hacerme una tomograf\u00eda por emisi\u00f3n de positrones, solo un chequeo de rutina, y algo estall\u00f3 en la tomograf\u00eda por emisi\u00f3n de positrones\u00bb, dijo Coulier. \u00abResult\u00f3 que tengo carcinoma escamoso P16 en la base de la lengua\u00bb.<\/p>\n<div class=\"image-ct inline\">\n<div class=\"m\"><picture><source media=\"(max-width: 767px)\" srcset=\"https:\/\/a57.foxnews.com\/static.foxnews.com\/foxnews.com\/content\/uploads\/2025\/12\/343\/192\/dave-coulier-today-show-cancer.jpg?ve=1&amp;tl=1, https:\/\/a57.foxnews.com\/static.foxnews.com\/foxnews.com\/content\/uploads\/2025\/12\/686\/384\/dave-coulier-today-show-cancer.jpg?ve=1&amp;tl=1 2x\" height=\"192\" width=\"343\"><source media=\"(min-width: 768px) and (max-width: 1023px)\" srcset=\"https:\/\/a57.foxnews.com\/static.foxnews.com\/foxnews.com\/content\/uploads\/2025\/12\/672\/378\/dave-coulier-today-show-cancer.jpg?ve=1&amp;tl=1, https:\/\/a57.foxnews.com\/static.foxnews.com\/foxnews.com\/content\/uploads\/2025\/12\/1344\/756\/dave-coulier-today-show-cancer.jpg?ve=1&amp;tl=1 2x\" height=\"378\" width=\"672\"><source media=\"(min-width: 1024px) and (max-width: 1279px)\" srcset=\"https:\/\/a57.foxnews.com\/static.foxnews.com\/foxnews.com\/content\/uploads\/2025\/12\/931\/523\/dave-coulier-today-show-cancer.jpg?ve=1&amp;tl=1, https:\/\/a57.foxnews.com\/static.foxnews.com\/foxnews.com\/content\/uploads\/2025\/12\/1862\/1046\/dave-coulier-today-show-cancer.jpg?ve=1&amp;tl=1 2x\" height=\"523\" width=\"931\"><source media=\"(min-width: 1280px)\" srcset=\"https:\/\/a57.foxnews.com\/static.foxnews.com\/foxnews.com\/content\/uploads\/2025\/12\/720\/405\/dave-coulier-today-show-cancer.jpg?ve=1&amp;tl=1, https:\/\/a57.foxnews.com\/static.foxnews.com\/foxnews.com\/content\/uploads\/2025\/12\/1440\/810\/dave-coulier-today-show-cancer.jpg?ve=1&amp;tl=1 2x\" height=\"405\" width=\"720\"><img loading=\"lazy\" decoding=\"async\" src=\"https:\/\/a57.foxnews.com\/static.foxnews.com\/foxnews.com\/content\/uploads\/2025\/12\/1200\/675\/dave-coulier-today-show-cancer.jpg?ve=1&amp;tl=1\" alt=\"David Coulier\" width=\"1200\" height=\"675\"\/><\/source><\/source><\/source><\/source><\/picture><\/div>\n<div class=\"info\">\n<div class=\"caption\">\n<p><span>Dave Coulier, de 66 a\u00f1os, anunci\u00f3 en una entrevista el martes que le hab\u00edan diagnosticado un carcinoma P16 en etapa temprana o c\u00e1ncer de lengua orofar\u00edngea.<\/span> <span>(Im\u00e1genes falsas)<\/span><\/p>\n<\/div>\n<\/div>\n<\/div>\n<p>El comediante hab\u00eda anunciado el 1 de abril que estaba libre de c\u00e1ncer tras el diagn\u00f3stico de linfoma no Hodgkin.<\/p>\n<p>\u00abPasar por la quimioterapia y sentir ese alivio de \u00abvaya, se ha ido\u00bb, y luego hacerse una prueba que dice, bueno, ahora tienes otro tipo de c\u00e1ncer&#8230; es un shock para el sistema\u00bb, dijo.<\/p>\n<p>Coulier comparti\u00f3 que se someter\u00e1 a un ciclo de 35 tratamientos de radiaci\u00f3n.<\/p>\n<h2><strong>Qu\u00e9 saber sobre el c\u00e1ncer de lengua<\/strong><\/h2>\n<p>El c\u00e1ncer de lengua puede afectar la parte frontal de la lengua (cavidad bucal) o la base\/parte posterior de la lengua (orofaringe), seg\u00fan el Instituto Nacional del C\u00e1ncer. Los factores de riesgo y el pron\u00f3stico pueden diferir sustancialmente seg\u00fan la ubicaci\u00f3n del c\u00e1ncer.<\/p>\n<p>En 2025, se espera que haya alrededor de 20.040 nuevos casos de c\u00e1ncer de lengua y aproximadamente 3.270 muertes, afirma el NCI. (Estas cifras solo incluyen los c\u00e1nceres que comienzan en los dos tercios frontales de la lengua).<\/p>\n<p><strong>LOS DIAGN\u00d3STICOS DE C\u00c1NCER COLORRECTAL SE DISPARAN ENTRE LOS ADULTOS M\u00c1S J\u00d3VENES POR UNA RAZ\u00d3N CLAVE<\/strong><\/p>\n<p>Si se incluyen todos los c\u00e1nceres de cavidad oral y orofaringe, lo que suma todos los c\u00e1nceres de boca y garganta, las cifras aumentan a 59.660 casos nuevos y alrededor de 12.770 muertes en 2025, seg\u00fan la Sociedad Estadounidense del C\u00e1ncer.<\/p>\n<p>La tasa de supervivencia general a cinco a\u00f1os para el c\u00e1ncer de lengua es del 71%.<\/p>\n<div class=\"image-ct inline\">\n<div class=\"m\"><picture><source media=\"(max-width: 767px)\" srcset=\"https:\/\/a57.foxnews.com\/static.foxnews.com\/foxnews.com\/content\/uploads\/2025\/12\/343\/192\/john-stamos-dave-coulier.jpg?ve=1&amp;tl=1, https:\/\/a57.foxnews.com\/static.foxnews.com\/foxnews.com\/content\/uploads\/2025\/12\/686\/384\/john-stamos-dave-coulier.jpg?ve=1&amp;tl=1 2x\" height=\"192\" width=\"343\"><source media=\"(min-width: 768px) and (max-width: 1023px)\" srcset=\"https:\/\/a57.foxnews.com\/static.foxnews.com\/foxnews.com\/content\/uploads\/2025\/12\/672\/378\/john-stamos-dave-coulier.jpg?ve=1&amp;tl=1, https:\/\/a57.foxnews.com\/static.foxnews.com\/foxnews.com\/content\/uploads\/2025\/12\/1344\/756\/john-stamos-dave-coulier.jpg?ve=1&amp;tl=1 2x\" height=\"378\" width=\"672\"><source media=\"(min-width: 1024px) and (max-width: 1279px)\" srcset=\"https:\/\/a57.foxnews.com\/static.foxnews.com\/foxnews.com\/content\/uploads\/2025\/12\/931\/523\/john-stamos-dave-coulier.jpg?ve=1&amp;tl=1, https:\/\/a57.foxnews.com\/static.foxnews.com\/foxnews.com\/content\/uploads\/2025\/12\/1862\/1046\/john-stamos-dave-coulier.jpg?ve=1&amp;tl=1 2x\" height=\"523\" width=\"931\"><source media=\"(min-width: 1280px)\" srcset=\"https:\/\/a57.foxnews.com\/static.foxnews.com\/foxnews.com\/content\/uploads\/2025\/12\/720\/405\/john-stamos-dave-coulier.jpg?ve=1&amp;tl=1, https:\/\/a57.foxnews.com\/static.foxnews.com\/foxnews.com\/content\/uploads\/2025\/12\/1440\/810\/john-stamos-dave-coulier.jpg?ve=1&amp;tl=1 2x\" height=\"405\" width=\"720\"><img loading=\"lazy\" decoding=\"async\" src=\"https:\/\/a57.foxnews.com\/static.foxnews.com\/foxnews.com\/content\/uploads\/2025\/12\/1200\/675\/john-stamos-dave-coulier.jpg?ve=1&amp;tl=1\" alt=\"John Stamos y Dave Coulier\" width=\"1200\" height=\"675\"\/><\/source><\/source><\/source><\/source><\/picture><\/div>\n<div class=\"info\">\n<div class=\"caption\">\n<p><span>La noticia llega pocos meses despu\u00e9s de que la estrella de \u00abTres por tres\u00bb, en la foto con su coprotagonista John Stamos (izquierda), anunciara su batalla contra una forma agresiva de linfoma no Hodgkin.<\/span> <span>(Im\u00e1genes falsas)<\/span><\/p>\n<\/div>\n<\/div>\n<\/div>\n<p>Los estudios han demostrado que los casos han aumentado en los EE. UU. en los \u00faltimos a\u00f1os y afectan a casi todos los grupos de edad y razas.<\/p>\n<p>\u00abEl aumento est\u00e1 relacionado con el dram\u00e1tico aumento del VPH\u00bb, dijo el Dr. Marc Siegel, analista m\u00e9dico senior de Fox News, a Fox News Digital. \u00abPuede hacer met\u00e1stasis, pero el pron\u00f3stico es curable entre un 80% y un 90% si est\u00e1 relacionado con el VPH\u00bb.<\/p>\n<p><strong>HAGA CLIC AQU\u00cd PARA M\u00c1S HISTORIAS DE SALUD<\/strong><\/p>\n<p>George Semeniuk, MD, onc\u00f3logo m\u00e9dico y hemat\u00f3logo de City of Hope en Newport Beach, California, estuvo de acuerdo en que el c\u00e1ncer de lengua es uno de los c\u00e1nceres de cabeza y cuello de m\u00e1s r\u00e1pido crecimiento que los m\u00e9dicos est\u00e1n viendo.<\/p>\n<p>\u00abLa detecci\u00f3n temprana es fundamental\u00bb, dijo a Fox News Digital.<\/p>\n<h2><strong>Se\u00f1ales de advertencia y factores de riesgo.<\/strong><\/h2>\n<p>Algunas de las primeras se\u00f1ales de advertencia de c\u00e1ncer de lengua incluyen una llaga o \u00falcera persistente en la lengua, dolor al tragar, un bulto o cambios en el habla, seg\u00fan Semeniuk.<\/p>\n<p>\u00abTodo lo que dure m\u00e1s de dos semanas debe ser evaluado por un especialista\u00bb, aconsej\u00f3.<\/p>\n<div class=\"image-ct inline\">\n<div class=\"m\"><picture><source media=\"(max-width: 767px)\" srcset=\"https:\/\/a57.foxnews.com\/static.foxnews.com\/foxnews.com\/content\/uploads\/2025\/12\/343\/192\/woman-with-throat-pain.jpg?ve=1&amp;tl=1, https:\/\/a57.foxnews.com\/static.foxnews.com\/foxnews.com\/content\/uploads\/2025\/12\/686\/384\/woman-with-throat-pain.jpg?ve=1&amp;tl=1 2x\" height=\"192\" width=\"343\"><source media=\"(min-width: 768px) and (max-width: 1023px)\" srcset=\"https:\/\/a57.foxnews.com\/static.foxnews.com\/foxnews.com\/content\/uploads\/2025\/12\/672\/378\/woman-with-throat-pain.jpg?ve=1&amp;tl=1, https:\/\/a57.foxnews.com\/static.foxnews.com\/foxnews.com\/content\/uploads\/2025\/12\/1344\/756\/woman-with-throat-pain.jpg?ve=1&amp;tl=1 2x\" height=\"378\" width=\"672\"><source media=\"(min-width: 1024px) and (max-width: 1279px)\" srcset=\"https:\/\/a57.foxnews.com\/static.foxnews.com\/foxnews.com\/content\/uploads\/2025\/12\/931\/523\/woman-with-throat-pain.jpg?ve=1&amp;tl=1, https:\/\/a57.foxnews.com\/static.foxnews.com\/foxnews.com\/content\/uploads\/2025\/12\/1862\/1046\/woman-with-throat-pain.jpg?ve=1&amp;tl=1 2x\" height=\"523\" width=\"931\"><source media=\"(min-width: 1280px)\" srcset=\"https:\/\/a57.foxnews.com\/static.foxnews.com\/foxnews.com\/content\/uploads\/2025\/12\/720\/405\/woman-with-throat-pain.jpg?ve=1&amp;tl=1, https:\/\/a57.foxnews.com\/static.foxnews.com\/foxnews.com\/content\/uploads\/2025\/12\/1440\/810\/woman-with-throat-pain.jpg?ve=1&amp;tl=1 2x\" height=\"405\" width=\"720\"><img loading=\"lazy\" decoding=\"async\" src=\"https:\/\/a57.foxnews.com\/static.foxnews.com\/foxnews.com\/content\/uploads\/2025\/12\/1200\/675\/woman-with-throat-pain.jpg?ve=1&amp;tl=1\" alt=\"Mujer con dolor de cuello\" width=\"1200\" height=\"675\"\/><\/source><\/source><\/source><\/source><\/picture><\/div>\n<div class=\"info\">\n<div class=\"caption\">\n<p><span>Algunas de las primeras se\u00f1ales de advertencia de c\u00e1ncer de lengua incluyen una llaga o \u00falcera persistente en la lengua, dolor al tragar, un nudo en la garganta o cambios en el habla.<\/span> <span>(iStock)<\/span><\/p>\n<\/div>\n<\/div>\n<\/div>\n<p>Siegel a\u00f1adi\u00f3: \u00abEst\u00e9 atento a una llaga que no sana o dificultad para tragar. Mu\u00e9stresela a su m\u00e9dico, otorrinolaring\u00f3logo o dentista\u00bb.<\/p>\n<p>Otros signos comunes incluyen un bulto o engrosamiento en la lengua; manchas rojas o blancas en la lengua o el revestimiento de la boca; lengua persistente, dolor en la boca, mand\u00edbula o garganta; y entumecimiento o ardor en la lengua, seg\u00fan m\u00faltiples fuentes de salud.<\/p>\n<p><strong>HAGA CLIC AQU\u00cd PARA DESCARGAR LA APLICACI\u00d3N FOX NEWS <\/strong> <\/p>\n<p>Los afectados tambi\u00e9n pueden notar dificultad para masticar, tragar o hablar, o sangrado inesperado en la zona.<\/p>\n<p>Si el c\u00e1ncer se ha diseminado, el paciente puede notar un bulto en el cuello (debido al agrandamiento de los ganglios linf\u00e1ticos), dolor de o\u00eddo (generalmente en un lado) o rigidez o hinchaz\u00f3n de la mand\u00edbula. <\/p>\n<div class=\"image-ct inline\">\n<div class=\"m\"><picture><source media=\"(max-width: 767px)\" srcset=\"https:\/\/a57.foxnews.com\/static.foxnews.com\/foxnews.com\/content\/uploads\/2025\/12\/343\/192\/man-at-doctor-mouth-exam.jpg?ve=1&amp;tl=1, https:\/\/a57.foxnews.com\/static.foxnews.com\/foxnews.com\/content\/uploads\/2025\/12\/686\/384\/man-at-doctor-mouth-exam.jpg?ve=1&amp;tl=1 2x\" height=\"192\" width=\"343\"><source media=\"(min-width: 768px) and (max-width: 1023px)\" srcset=\"https:\/\/a57.foxnews.com\/static.foxnews.com\/foxnews.com\/content\/uploads\/2025\/12\/672\/378\/man-at-doctor-mouth-exam.jpg?ve=1&amp;tl=1, https:\/\/a57.foxnews.com\/static.foxnews.com\/foxnews.com\/content\/uploads\/2025\/12\/1344\/756\/man-at-doctor-mouth-exam.jpg?ve=1&amp;tl=1 2x\" height=\"378\" width=\"672\"><source media=\"(min-width: 1024px) and (max-width: 1279px)\" srcset=\"https:\/\/a57.foxnews.com\/static.foxnews.com\/foxnews.com\/content\/uploads\/2025\/12\/931\/523\/man-at-doctor-mouth-exam.jpg?ve=1&amp;tl=1, https:\/\/a57.foxnews.com\/static.foxnews.com\/foxnews.com\/content\/uploads\/2025\/12\/1862\/1046\/man-at-doctor-mouth-exam.jpg?ve=1&amp;tl=1 2x\" height=\"523\" width=\"931\"><source media=\"(min-width: 1280px)\" srcset=\"https:\/\/a57.foxnews.com\/static.foxnews.com\/foxnews.com\/content\/uploads\/2025\/12\/720\/405\/man-at-doctor-mouth-exam.jpg?ve=1&amp;tl=1, https:\/\/a57.foxnews.com\/static.foxnews.com\/foxnews.com\/content\/uploads\/2025\/12\/1440\/810\/man-at-doctor-mouth-exam.jpg?ve=1&amp;tl=1 2x\" height=\"405\" width=\"720\"><img loading=\"lazy\" decoding=\"async\" src=\"https:\/\/a57.foxnews.com\/static.foxnews.com\/foxnews.com\/content\/uploads\/2025\/12\/1200\/675\/man-at-doctor-mouth-exam.jpg?ve=1&amp;tl=1\" alt=\"Hombre en el m\u00e9dico haci\u00e9ndose un examen bucal\" width=\"1200\" height=\"675\"\/><\/source><\/source><\/source><\/source><\/picture><\/div>\n<div class=\"info\">\n<div class=\"caption\">\n<p><span>El tratamiento est\u00e1ndar para el c\u00e1ncer de lengua depende en gran medida del estadio de la enfermedad y de su ubicaci\u00f3n.<\/span> <span>(iStock)<\/span><\/p>\n<\/div>\n<\/div>\n<\/div>\n<p>Los mayores factores de riesgo del c\u00e1ncer de lengua son el consumo de tabaco, el consumo excesivo de alcohol y el VPH, anot\u00f3 Semeniuk.<\/p>\n<p>\u00abTambi\u00e9n estamos viendo un aumento de casos en adultos m\u00e1s j\u00f3venes que nunca han fumado, lo que subraya el papel que puede desempe\u00f1ar el VPH\u00bb, afirm\u00f3. \u00abLas personas con irritaci\u00f3n bucal prolongada, sistemas inmunol\u00f3gicos debilitados o mala higiene bucal tambi\u00e9n pueden correr un mayor riesgo\u00bb.<\/p>\n<h2><strong>Tratamiento y pron\u00f3stico<\/strong><\/h2>\n<p>Seg\u00fan los expertos, el tratamiento est\u00e1ndar para el c\u00e1ncer de lengua depende en gran medida del estadio de la enfermedad y de su localizaci\u00f3n.<\/p>\n<p><strong>HAGA CLIC AQU\u00cd PARA SUSCRIBIRSE A NUESTRO BOLET\u00cdN DE SALUD<\/strong><\/p>\n<p>\u00abEl tratamiento depende del estadio y la ubicaci\u00f3n del tumor, pero a menudo implica una combinaci\u00f3n de cirug\u00eda, radioterapia y, en casos m\u00e1s avanzados, quimioterapia o terapias dirigidas\u00bb, dijo Semeniuk.<\/p>\n<p>\u00abEn City of Hope, tambi\u00e9n utilizamos abordajes quir\u00fargicos m\u00ednimamente invasivos y terapias guiadas con precisi\u00f3n para preservar el habla y la degluci\u00f3n siempre que sea posible\u00bb.<\/p>\n<div class=\"image-ct inline\">\n<div class=\"m\"><picture><source media=\"(max-width: 767px)\" srcset=\"https:\/\/a57.foxnews.com\/static.foxnews.com\/foxnews.com\/content\/uploads\/2025\/12\/343\/192\/dave-coulier-cancer-diagnosis.jpg?ve=1&amp;tl=1, https:\/\/a57.foxnews.com\/static.foxnews.com\/foxnews.com\/content\/uploads\/2025\/12\/686\/384\/dave-coulier-cancer-diagnosis.jpg?ve=1&amp;tl=1 2x\" height=\"192\" width=\"343\"><source media=\"(min-width: 768px) and (max-width: 1023px)\" srcset=\"https:\/\/a57.foxnews.com\/static.foxnews.com\/foxnews.com\/content\/uploads\/2025\/12\/672\/378\/dave-coulier-cancer-diagnosis.jpg?ve=1&amp;tl=1, https:\/\/a57.foxnews.com\/static.foxnews.com\/foxnews.com\/content\/uploads\/2025\/12\/1344\/756\/dave-coulier-cancer-diagnosis.jpg?ve=1&amp;tl=1 2x\" height=\"378\" width=\"672\"><source media=\"(min-width: 1024px) and (max-width: 1279px)\" srcset=\"https:\/\/a57.foxnews.com\/static.foxnews.com\/foxnews.com\/content\/uploads\/2025\/12\/931\/523\/dave-coulier-cancer-diagnosis.jpg?ve=1&amp;tl=1, https:\/\/a57.foxnews.com\/static.foxnews.com\/foxnews.com\/content\/uploads\/2025\/12\/1862\/1046\/dave-coulier-cancer-diagnosis.jpg?ve=1&amp;tl=1 2x\" height=\"523\" width=\"931\"><source media=\"(min-width: 1280px)\" srcset=\"https:\/\/a57.foxnews.com\/static.foxnews.com\/foxnews.com\/content\/uploads\/2025\/12\/720\/405\/dave-coulier-cancer-diagnosis.jpg?ve=1&amp;tl=1, https:\/\/a57.foxnews.com\/static.foxnews.com\/foxnews.com\/content\/uploads\/2025\/12\/1440\/810\/dave-coulier-cancer-diagnosis.jpg?ve=1&amp;tl=1 2x\" height=\"405\" width=\"720\"><img loading=\"lazy\" decoding=\"async\" src=\"https:\/\/a57.foxnews.com\/static.foxnews.com\/foxnews.com\/content\/uploads\/2025\/12\/1200\/675\/dave-coulier-cancer-diagnosis.jpg?ve=1&amp;tl=1\" alt=\"Diagn\u00f3stico de c\u00e1ncer de Dave Coulier\" width=\"1200\" height=\"675\"\/><\/source><\/source><\/source><\/source><\/picture><\/div>\n<div class=\"info\">\n<div class=\"caption\">\n<p><span>Coulier comparti\u00f3 que se someter\u00e1 a un ciclo de 35 tratamientos de radiaci\u00f3n.<\/span> <span>(Im\u00e1genes falsas)<\/span><\/p>\n<\/div>\n<\/div>\n<\/div>\n<p>Siegel se\u00f1al\u00f3 que los tumores de c\u00e1ncer de lengua tienden a responder mejor a la resecci\u00f3n quir\u00fargica, la radiaci\u00f3n y la quimioterapia.<\/p>\n<p><strong>PRUEBA CON NUESTRO \u00daLTIMO QUIZ DE ESTILO DE VIDA<\/strong><\/p>\n<p>\u00abEl pron\u00f3stico es significativamente mejor cuando el c\u00e1ncer de lengua se diagnostica temprano. Si se detecta en una etapa temprana, las tasas de curaci\u00f3n pueden ser bastante altas\u00bb, dijo Semeniuk a Fox News Digital. <\/p>\n<p>\u00abPor eso es tan importante que las personas presten atenci\u00f3n a los cambios en su boca y busquen atenci\u00f3n lo antes posible. Las visitas regulares al dentista y la vacuna contra el VPH tambi\u00e9n son pasos importantes para reducir el riesgo\u00bb.<\/p>\n<p> <!----> <\/p>\n<div class=\"article-meta\">\n<div class=\"author-bio\">\n<p>Melissa Rudy es editora senior de salud y miembro del equipo de estilo de vida de Fox News Digital. Se pueden enviar consejos sobre historias a melissa.rudy@fox.com.<\/p>\n<\/div>\n<\/div>\n<\/div>\n\n","protected":false},"excerpt":{"rendered":"<p>NUEVO\u00a1Ahora puedes escuchar los art\u00edculos de Fox News! Inmediatamente despu\u00e9s del anuncio del comediante Dave Coulier sobre su diagn\u00f3stico de c\u00e1ncer de lengua, los expertos comparten lo que se debe saber sobre la enfermedad. Coulier, de 66 a\u00f1os, anunci\u00f3 en una entrevista el martes que le hab\u00edan diagnosticado un carcinoma P16 en etapa temprana o &hellip;<\/p>\n","protected":false},"author":1,"featured_media":52438,"comment_status":"open","ping_status":"open","sticky":false,"template":"","format":"standard","meta":{"fifu_image_url":"https:\/\/a57.foxnews.com\/static.foxnews.com\/foxnews.com\/content\/uploads\/2025\/12\/1200\/675\/dave-coulier-today-show-cancer.jpg?ve=1&tl=1","fifu_image_alt":"","footnotes":""},"categories":[8],"tags":[],"class_list":["post-52436","post","type-post","status-publish","format-standard","has-post-thumbnail","","category-salud"],"_links":{"self":[{"href":"https:\/\/noticiasveraces.com\/index.php?rest_route=\/wp\/v2\/posts\/52436","targetHints":{"allow":["GET"]}}],"collection":[{"href":"https:\/\/noticiasveraces.com\/index.php?rest_route=\/wp\/v2\/posts"}],"about":[{"href":"https:\/\/noticiasveraces.com\/index.php?rest_route=\/wp\/v2\/types\/post"}],"author":[{"embeddable":true,"href":"https:\/\/noticiasveraces.com\/index.php?rest_route=\/wp\/v2\/users\/1"}],"replies":[{"embeddable":true,"href":"https:\/\/noticiasveraces.com\/index.php?rest_route=%2Fwp%2Fv2%2Fcomments&post=52436"}],"version-history":[{"count":0,"href":"https:\/\/noticiasveraces.com\/index.php?rest_route=\/wp\/v2\/posts\/52436\/revisions"}],"wp:featuredmedia":[{"embeddable":true,"href":"https:\/\/noticiasveraces.com\/index.php?rest_route=\/wp\/v2\/media\/52438"}],"wp:attachment":[{"href":"https:\/\/noticiasveraces.com\/index.php?rest_route=%2Fwp%2Fv2%2Fmedia&parent=52436"}],"wp:term":[{"taxonomy":"category","embeddable":true,"href":"https:\/\/noticiasveraces.com\/index.php?rest_route=%2Fwp%2Fv2%2Fcategories&post=52436"},{"taxonomy":"post_tag","embeddable":true,"href":"https:\/\/noticiasveraces.com\/index.php?rest_route=%2Fwp%2Fv2%2Ftags&post=52436"}],"curies":[{"name":"wp","href":"https:\/\/api.w.org\/{rel}","templated":true}]}}