{"id":52415,"date":"2025-12-03T23:37:53","date_gmt":"2025-12-04T03:37:53","guid":{"rendered":"https:\/\/noticiasveraces.com\/?p=52415"},"modified":"2025-12-03T23:37:53","modified_gmt":"2025-12-04T03:37:53","slug":"arribaron-a-venezuela-dos-vuelos-de-repatriacion-provenientes-de-mexico-y-ee-uu-con-570-migrantes","status":"publish","type":"post","link":"https:\/\/noticiasveraces.com\/?p=52415","title":{"rendered":"Arribaron a Venezuela dos vuelos de repatriaci\u00f3n provenientes de M\u00e9xico y EE UU con 570 migrantes"},"content":{"rendered":"<p> \n<\/p>\n<div>\n<p>El <strong>mi\u00e9rcoles 3 de diciembre<\/strong> arribaron <strong>dos vuelos con repatriados venezolanos<\/strong>provenientes de <strong>M\u00e9xico<\/strong> y <strong>Estados Unidos<\/strong>al aeropuerto internacional Sim\u00f3n Bol\u00edvar de Maiquet\u00eda, en La Guaira.<\/p>\n<div class=\"ruby-table-contents rbtoc table-fw\">\n<ul class=\"toc-content h5\">\n<li>Vuelos de repatriaci\u00f3n <\/li>\n<li>La reanudaci\u00f3n de los vuelos de repatriaci\u00f3n<\/li>\n<\/ul>\n<\/div>\n<p>El primero, procedente de M\u00e9xico, traslad\u00f3 a <strong>304 migrantes venezolanos<\/strong>seg\u00fan confirm\u00f3 el canciller <strong>Yv\u00e1n Gil<\/strong>.<\/p>\n<p>\u201c<strong>Estamos recibiendo el vuelo n\u00famero 94 de este a\u00f1o del Plan Vuelta a la Patria. Han llegado en este avi\u00f3n de Conviasa 304 compatriotas que estaban en M\u00e9xico y hab\u00edan solicitado su retorno voluntario<\/strong>\u201d, declar\u00f3 a Venezolana de Televisi\u00f3n (VTV).<\/p>\n<figure class=\"wp-block-embed is-type-rich is-provider-twitter wp-block-embed-twitter\">\n<div class=\"wp-block-embed__wrapper\">\n<blockquote class=\"twitter-tweet\" data-width=\"550\" data-dnt=\"true\">\n<p lang=\"es\" dir=\"ltr\"><a href=\"https:\/\/twitter.com\/hashtag\/3Dic?src=hash&amp;ref_src=twsrc%5Etfw\">#3dic<\/a> | El ministro para Relaciones Exteriores, Yv\u00e1n Gil, inform\u00f3 que arribaron al pa\u00eds 304 venezolanos que se encontraban en M\u00e9xico. <\/p>\n<p>Adem\u00e1s, adelant\u00f3 que en las pr\u00f3ximas horas arribar\u00e1 al Aeropuerto Internacional Sim\u00f3n Bol\u00edvar de Maiquet\u00eda otro vuelo con migrantes venezolanos,\u2026 <a href=\"https:\/\/t.co\/5V1fWykc1H\">pic.twitter.com\/5V1fWykc1H<\/a><\/p>\n<p>\u2014 El Diario (@eldiario) <a href=\"https:\/\/twitter.com\/eldiario\/status\/1996330953950499021?ref_src=twsrc%5Etfw\">3 de diciembre de 2025<\/a><\/p><\/blockquote>\n<\/div>\n<\/figure>\n<p>El <strong>segundo vuelo<\/strong>proveniente de <strong>f\u00e9nix, arizona<\/strong>corresponde al <strong>primer vuelo de la aerol\u00ednea estadounidense Eastern Airlines<\/strong> desde que el gobierno venezolano autoriz\u00f3 la reanudaci\u00f3n de estas operaciones el 2 de diciembre.<\/p>\n<p>\u201c<strong>Estamos recibiendo el vuelo n\u00famero 95 del Plan Vuelta a la Patria de este a\u00f1o 2025 (\u2026) Este es el vuelo n\u00famero 76 que hemos recibido desde Estados Unidos. Llegamos ya a la cifra de 14.407 repatriados con el vuelo de hoy, en el que llegan 266 venezolanos y venezolanas<\/strong>\u201d, dijo Gil en declaraciones difundidas por Telesur.<\/p>\n<p>El canciller indic\u00f3 que, durante <strong>2025<\/strong>han sido repatriados <strong>18.088 venezolanos<\/strong>casi todos desde Estados Unidos (<strong>14.407<\/strong>).<\/p>\n<h2 id=\"vuelos-de-repatriacionnbsp\" class=\"rb-heading-index-0-830929 wp-block-heading\"><strong>Vuelos de repatriaci\u00f3n <\/strong><\/h2>\n<p>El <strong>28 de noviembre<\/strong>el Ministerio de Interior y Justicia inform\u00f3 sobre la llegada de un vuelo de repatriaci\u00f3n con <strong>136 venezolanos<\/strong> desde Estados Unidos. <\/p>\n<p>Ese vuelo, identificado como el <strong>numero 93<\/strong> del Plan Vuelta a la Patria y tambi\u00e9n proveniente de Arizona, inclu\u00eda <strong>104 hombres, 24 mujeres y 8 ni\u00f1os<\/strong>seg\u00fan la cuenta oficial del ministerio en Instagram.<\/p>\n<figure class=\"wp-block-image size-large\"><picture fetchpriority=\"high\" decoding=\"async\" class=\"wp-image-830155\"><source type=\"image\/webp\" srcset=\"https:\/\/eldiario.com\/wp-content\/uploads\/2025\/11\/vuelos-de-repatriacion-Estados-Unidos-1200x900.jpg.webp 1200w, https:\/\/eldiario.com\/wp-content\/uploads\/2025\/11\/vuelos-de-repatriacion-Estados-Unidos-300x225.jpg.webp 300w, https:\/\/eldiario.com\/wp-content\/uploads\/2025\/11\/vuelos-de-repatriacion-Estados-Unidos-768x576.jpg.webp 768w, https:\/\/eldiario.com\/wp-content\/uploads\/2025\/11\/vuelos-de-repatriacion-Estados-Unidos-1536x1152.jpg.webp 1536w, https:\/\/eldiario.com\/wp-content\/uploads\/2025\/11\/vuelos-de-repatriacion-Estados-Unidos-860x645.jpg.webp 860w, https:\/\/eldiario.com\/wp-content\/uploads\/2025\/11\/vuelos-de-repatriacion-Estados-Unidos-150x113.jpg.webp 150w, https:\/\/eldiario.com\/wp-content\/uploads\/2025\/11\/vuelos-de-repatriacion-Estados-Unidos.jpg.webp 1600w\" sizes=\"(max-width: 1200px) 100vw, 1200px\"\/><img fetchpriority=\"high\" decoding=\"async\" width=\"1200\" height=\"900\" src=\"https:\/\/eldiario.com\/wp-content\/uploads\/2025\/11\/vuelos-de-repatriacion-Estados-Unidos-1200x900.jpg\" alt=\"Lleg\u00f3 a Venezuela un vuelo con 136 migrantes repatriados desde EE UU\" srcset=\"https:\/\/eldiario.com\/wp-content\/uploads\/2025\/11\/vuelos-de-repatriacion-Estados-Unidos-1200x900.jpg 1200w, https:\/\/eldiario.com\/wp-content\/uploads\/2025\/11\/vuelos-de-repatriacion-Estados-Unidos-300x225.jpg 300w, https:\/\/eldiario.com\/wp-content\/uploads\/2025\/11\/vuelos-de-repatriacion-Estados-Unidos-768x576.jpg 768w, https:\/\/eldiario.com\/wp-content\/uploads\/2025\/11\/vuelos-de-repatriacion-Estados-Unidos-1536x1152.jpg 1536w, https:\/\/eldiario.com\/wp-content\/uploads\/2025\/11\/vuelos-de-repatriacion-Estados-Unidos-860x645.jpg 860w, https:\/\/eldiario.com\/wp-content\/uploads\/2025\/11\/vuelos-de-repatriacion-Estados-Unidos-150x113.jpg 150w, https:\/\/eldiario.com\/wp-content\/uploads\/2025\/11\/vuelos-de-repatriacion-Estados-Unidos.jpg 1600w\" sizes=\"(max-width: 1200px) 100vw, 1200px\"\/>\n<\/picture><figcaption class=\"wp-element-caption\">Foto: @minjusticia_ve | Instagram<\/figcaption><\/figure>\n<p>El <strong>26 de noviembre<\/strong>otro grupo de <strong>175 migrantes venezolanos<\/strong> arrib\u00f3 al aeropuerto de Maiquet\u00eda en un vuelo de repatriaci\u00f3n desde Estados Unidos: <strong>142 hombres, 26 mujeres, 2 ni\u00f1os y 5 ni\u00f1as<\/strong>.<\/p>\n<p>El plan Vuelta a la Patria inform\u00f3 que entre ellos viajaban un <strong>ni\u00f1o de 4 a\u00f1os<\/strong> y una <strong>adolescente 15<\/strong>ambos previamente <strong>separados de sus familias en EE UU<\/strong>.<\/p>\n<h2 id=\"la-reanudacion-de-los-vuelos-de-repatriacion\" class=\"rb-heading-index-1-830929 wp-block-heading\"><strong>La reanudaci\u00f3n de los vuelos de repatriaci\u00f3n<\/strong><\/h2>\n<p>El 2 de diciembre, el gobierno de Nicol\u00e1s Maduro autoriz\u00f3 reanudar los vuelos de repatriaci\u00f3n de migrantes venezolanos operados por la compa\u00f1\u00eda estadounidense Eastern Airlines, tras recibir una solicitud de la administraci\u00f3n de Donald Trump.<\/p>\n<p>En un comunicado publicado en Instagram, la cartera de Estado comunic\u00f3 que la autorizaci\u00f3n se dio \u201cpor instrucciones\u201d del presidente Maduro y que se aplica a los vuelos que cubren la ruta desde Phoenix, Arizona (EE UU), hacia el aeropuerto internacional de Maiquet\u00eda, que sirve a Caracas.<\/p>\n<figure class=\"wp-block-image size-large\"><picture loading=\"lazy\" decoding=\"async\" class=\"wp-image-830139\"><source type=\"image\/webp\" srcset=\"https:\/\/eldiario.com\/wp-content\/uploads\/2025\/11\/68e2e785f761d640e425a4b5a58d18adac639b24-1200x800.jpg.webp 1200w, https:\/\/eldiario.com\/wp-content\/uploads\/2025\/11\/68e2e785f761d640e425a4b5a58d18adac639b24-300x200.jpg.webp 300w, https:\/\/eldiario.com\/wp-content\/uploads\/2025\/11\/68e2e785f761d640e425a4b5a58d18adac639b24-768x512.jpg.webp 768w, https:\/\/eldiario.com\/wp-content\/uploads\/2025\/11\/68e2e785f761d640e425a4b5a58d18adac639b24-1536x1024.jpg.webp 1536w, https:\/\/eldiario.com\/wp-content\/uploads\/2025\/11\/68e2e785f761d640e425a4b5a58d18adac639b24-330x220.jpg.webp 330w, https:\/\/eldiario.com\/wp-content\/uploads\/2025\/11\/68e2e785f761d640e425a4b5a58d18adac639b24-420x280.jpg.webp 420w, https:\/\/eldiario.com\/wp-content\/uploads\/2025\/11\/68e2e785f761d640e425a4b5a58d18adac639b24-615x410.jpg.webp 615w, https:\/\/eldiario.com\/wp-content\/uploads\/2025\/11\/68e2e785f761d640e425a4b5a58d18adac639b24-860x574.jpg.webp 860w, https:\/\/eldiario.com\/wp-content\/uploads\/2025\/11\/68e2e785f761d640e425a4b5a58d18adac639b24-150x100.jpg.webp 150w, https:\/\/eldiario.com\/wp-content\/uploads\/2025\/11\/68e2e785f761d640e425a4b5a58d18adac639b24.jpg.webp 1600w\" sizes=\"(max-width: 1200px) 100vw, 1200px\"\/><img loading=\"lazy\" decoding=\"async\" width=\"1200\" height=\"800\" src=\"https:\/\/eldiario.com\/wp-content\/uploads\/2025\/11\/68e2e785f761d640e425a4b5a58d18adac639b24-1200x800.jpg\" alt=\"Colombia se convierte en la ruta de salida para pasajeros varados en Venezuela\" srcset=\"https:\/\/eldiario.com\/wp-content\/uploads\/2025\/11\/68e2e785f761d640e425a4b5a58d18adac639b24-1200x800.jpg 1200w, https:\/\/eldiario.com\/wp-content\/uploads\/2025\/11\/68e2e785f761d640e425a4b5a58d18adac639b24-300x200.jpg 300w, https:\/\/eldiario.com\/wp-content\/uploads\/2025\/11\/68e2e785f761d640e425a4b5a58d18adac639b24-768x512.jpg 768w, https:\/\/eldiario.com\/wp-content\/uploads\/2025\/11\/68e2e785f761d640e425a4b5a58d18adac639b24-1536x1024.jpg 1536w, https:\/\/eldiario.com\/wp-content\/uploads\/2025\/11\/68e2e785f761d640e425a4b5a58d18adac639b24-330x220.jpg 330w, https:\/\/eldiario.com\/wp-content\/uploads\/2025\/11\/68e2e785f761d640e425a4b5a58d18adac639b24-420x280.jpg 420w, https:\/\/eldiario.com\/wp-content\/uploads\/2025\/11\/68e2e785f761d640e425a4b5a58d18adac639b24-615x410.jpg 615w, https:\/\/eldiario.com\/wp-content\/uploads\/2025\/11\/68e2e785f761d640e425a4b5a58d18adac639b24-860x574.jpg 860w, https:\/\/eldiario.com\/wp-content\/uploads\/2025\/11\/68e2e785f761d640e425a4b5a58d18adac639b24-150x100.jpg 150w, https:\/\/eldiario.com\/wp-content\/uploads\/2025\/11\/68e2e785f761d640e425a4b5a58d18adac639b24.jpg 1600w\" sizes=\"auto, (max-width: 1200px) 100vw, 1200px\"\/>\n<\/picture><figcaption class=\"wp-element-caption\">El aeropuerto internacional Sim\u00f3n Bol\u00edvar, en Maiquet\u00eda (Venezuela). EFE\/ Miguel Guti\u00e9rrez<\/figcaption><\/figure>\n<p>En consecuencia, indic\u00f3, los vuelos tienen autorizaci\u00f3n para ingresar al espacio a\u00e9reo venezolano \u201ccomo de manera peri\u00f3dica semanal ha venido ocurriendo los d\u00edas mi\u00e9rcoles y viernes\u201d, desde que ambos gobiernos acordaron la repatriaci\u00f3n de migrantes en enero de este a\u00f1o.<\/p>\n<p>El s\u00e1bado, Venezuela hab\u00eda afirmado que Estados Unidos suspendi\u00f3 \u201cde manera unilateral, los vuelos de migrantes venezolanos\u201d, despu\u00e9s de que Trump advirtiera que el espacio a\u00e9reo del pa\u00eds suramericano deb\u00eda considerarse \u201ccerrado en su totalidad\u201d, un mensaje que Caracas repudi\u00f3 \u201ccon absoluta contundencia\u201d.<\/p>\n<p><!-- CONTENT END 1 -->\n<\/div>\n<p><script async src=\"https:\/\/platform.twitter.com\/widgets.js\" charset=\"utf-8\"><\/script><script async src=\"\/\/www.instagram.com\/embed.js\"><\/script><br \/>\n<br \/>\n","protected":false},"excerpt":{"rendered":"<p>El mi\u00e9rcoles 3 de diciembre arribaron dos vuelos con repatriados venezolanosprovenientes de M\u00e9xico y Estados Unidosal aeropuerto internacional Sim\u00f3n Bol\u00edvar de Maiquet\u00eda, en La Guaira. Vuelos de repatriaci\u00f3n La reanudaci\u00f3n de los vuelos de repatriaci\u00f3n El primero, procedente de M\u00e9xico, traslad\u00f3 a 304 migrantes venezolanosseg\u00fan confirm\u00f3 el canciller Yv\u00e1n Gil. \u201cEstamos recibiendo el vuelo n\u00famero &hellip;<\/p>\n","protected":false},"author":1,"featured_media":52417,"comment_status":"open","ping_status":"open","sticky":false,"template":"","format":"standard","meta":{"fifu_image_url":"https:\/\/eldiario.com\/wp-content\/uploads\/2025\/12\/vuelo-de-repatriacion-EE-UU-Venezuela.jpg","fifu_image_alt":"","footnotes":""},"categories":[13],"tags":[],"class_list":["post-52415","post","type-post","status-publish","format-standard","has-post-thumbnail","","category-mundo"],"_links":{"self":[{"href":"https:\/\/noticiasveraces.com\/index.php?rest_route=\/wp\/v2\/posts\/52415","targetHints":{"allow":["GET"]}}],"collection":[{"href":"https:\/\/noticiasveraces.com\/index.php?rest_route=\/wp\/v2\/posts"}],"about":[{"href":"https:\/\/noticiasveraces.com\/index.php?rest_route=\/wp\/v2\/types\/post"}],"author":[{"embeddable":true,"href":"https:\/\/noticiasveraces.com\/index.php?rest_route=\/wp\/v2\/users\/1"}],"replies":[{"embeddable":true,"href":"https:\/\/noticiasveraces.com\/index.php?rest_route=%2Fwp%2Fv2%2Fcomments&post=52415"}],"version-history":[{"count":0,"href":"https:\/\/noticiasveraces.com\/index.php?rest_route=\/wp\/v2\/posts\/52415\/revisions"}],"wp:featuredmedia":[{"embeddable":true,"href":"https:\/\/noticiasveraces.com\/index.php?rest_route=\/wp\/v2\/media\/52417"}],"wp:attachment":[{"href":"https:\/\/noticiasveraces.com\/index.php?rest_route=%2Fwp%2Fv2%2Fmedia&parent=52415"}],"wp:term":[{"taxonomy":"category","embeddable":true,"href":"https:\/\/noticiasveraces.com\/index.php?rest_route=%2Fwp%2Fv2%2Fcategories&post=52415"},{"taxonomy":"post_tag","embeddable":true,"href":"https:\/\/noticiasveraces.com\/index.php?rest_route=%2Fwp%2Fv2%2Ftags&post=52415"}],"curies":[{"name":"wp","href":"https:\/\/api.w.org\/{rel}","templated":true}]}}