{"id":52395,"date":"2025-12-03T20:13:10","date_gmt":"2025-12-04T00:13:10","guid":{"rendered":"https:\/\/noticiasveraces.com\/?p=52395"},"modified":"2025-12-03T20:13:10","modified_gmt":"2025-12-04T00:13:10","slug":"su-esposa-exige-informacion-oficial-correo-del-caroni","status":"publish","type":"post","link":"https:\/\/noticiasveraces.com\/?p=52395","title":{"rendered":"su esposa exige informaci\u00f3n oficial \u2013 Correo del Caron\u00ed"},"content":{"rendered":"<p> \n<\/p>\n<div data-id=\"494a3404\" data-element_type=\"widget\" id=\"texto\" data-widget_type=\"theme-post-content.default\">\n<div class=\"elementor-widget-container\">\n<p>La informaci\u00f3n extraoficial difundida en redes sociales y algunos medios digitales, sobre la presunta condena a 30 de prisi\u00f3n contra Rafael Tudares, yerno del opositor Edmundo Gonz\u00e1lez Urrutia, alert\u00f3 a la esposa del preso pol\u00edtico, Mariana Gonz\u00e1lez de Tudares, quien exige informaci\u00f3n oficial del paradero y proceso judicial contra su c\u00f3nyuge.<\/p>\n<p>En un comunicado difundido en redes sociales la noche de este 2 de diciembre, Gonz\u00e1lez de Tudares record\u00f3 que su esposo lleva 11 meses detenido y desde entonces, se encuentra bajo \u201cdesaparici\u00f3n forzada\u201d.<\/p>\n<p>\u201cAnte esas informaciones extraoficiales cumplo con indicarles que mi abogado y yo estaremos acudiendo ante las autoridades correspondientes a solicitar informaci\u00f3n oficial pertinente\u201d, expres\u00f3 Mariana Gonz\u00e1lez de Tudares en el texto, quien agreg\u00f3 que pese a los \u201cobst\u00e1culos y barreras\u201d para acceder a informaci\u00f3n oficial y defender los derechos de su esposo, acudir\u00e1n una vez m\u00e1s para conocer el estado del juicio \u201cque clandestinamente se le ha seguido\u201d para informar lo que le indiquen las autoridades.<\/p>\n<p>Asimismo aclar\u00f3 que el proceso judicial y juicio penal contra Rafael Tudares \u201cha violado flagrantemente sus derechos humanos y garant\u00edas\u201d establecidos en el Pacto Internacional sobre Derechos Civiles y Pol\u00edticos de las Naciones Unidas, el cual fue suscrito y ratificado por el gobierno venezolano. Denunci\u00f3 tambi\u00e9n que ese juicio \u201cha violado el derecho al debido proceso\u201d y los derechos y garant\u00edas que establecen varios art\u00edculos de la Constituci\u00f3n.<\/p>\n<p>Gonz\u00e1lez de Tudares alert\u00f3 que su esposo sigue en \u201csituaci\u00f3n de desaparici\u00f3n forzada\u201d. Pese a que las autoridades le informaron que estar\u00eda en el Sesmas del Rodeo I, al acudir le han negado que est\u00e9 all\u00ed recluido. Tambi\u00e9n le han negado que est\u00e9 en el Sebin de El Helicoide, el de Plaza Venezuela o en todos los centros de detenci\u00f3n a los que ha acudido. No ha tenido comunicaci\u00f3n con su esposo desde el d\u00eda en que fue detenido.<\/p>\n<p class=\"has-medium-font-size\"><strong>Abogado alerta la condena<\/strong><\/p>\n<p>Zair Mundaray, exdirector general de actuaci\u00f3n procesal del Ministerio P\u00fablico, anunci\u00f3 previo al comunicado de la esposa de Rafael Tudares que, seg\u00fan le informaron desde el Circuito Judicial Penal de Caracas, la noche del 1 de noviembre la jueza tercera en materia de Terrorismo Alejandra Romero conden\u00f3 al yerno de Edmundo Gonz\u00e1lez a 30 a\u00f1os de prisi\u00f3n.<\/p>\n<p>Seg\u00fan alert\u00f3 Mundaray, tambi\u00e9n habr\u00eda sido condenado Luis Guillermo Izt\u00fariz, l\u00edder de Vente Venezuela en el estado Miranda, en su caso, a 20 a\u00f1os de prisi\u00f3n. A ambos les habr\u00edan impuesto esta condena \u201cpor inventados delitos de terrorismo y conspiraci\u00f3n\u201d, por lo que en su mensaje, publicado en X, Mundaray denunci\u00f3 que Tarek William Saab, fiscal impuesto por la constituyente de 2017 y ratificado por la Asamblea Nacional de corte oficialista, \u201cforj\u00f3 un expediente sin prueba alguna para sostener este patra\u00f1a\u201d.<\/p>\n<\/p><\/div>\n<\/p><\/div>\n\n","protected":false},"excerpt":{"rendered":"<p>La informaci\u00f3n extraoficial difundida en redes sociales y algunos medios digitales, sobre la presunta condena a 30 de prisi\u00f3n contra Rafael Tudares, yerno del opositor Edmundo Gonz\u00e1lez Urrutia, alert\u00f3 a la esposa del preso pol\u00edtico, Mariana Gonz\u00e1lez de Tudares, quien exige informaci\u00f3n oficial del paradero y proceso judicial contra su c\u00f3nyuge. En un comunicado difundido &hellip;<\/p>\n","protected":false},"author":1,"featured_media":52396,"comment_status":"open","ping_status":"open","sticky":false,"template":"","format":"standard","meta":{"fifu_image_url":"https:\/\/correodelcaroni.com\/wp-content\/uploads\/2025\/12\/RAFAELT_Condena.jpg","fifu_image_alt":"","footnotes":""},"categories":[13],"tags":[],"class_list":["post-52395","post","type-post","status-publish","format-standard","has-post-thumbnail","","category-mundo"],"_links":{"self":[{"href":"https:\/\/noticiasveraces.com\/index.php?rest_route=\/wp\/v2\/posts\/52395","targetHints":{"allow":["GET"]}}],"collection":[{"href":"https:\/\/noticiasveraces.com\/index.php?rest_route=\/wp\/v2\/posts"}],"about":[{"href":"https:\/\/noticiasveraces.com\/index.php?rest_route=\/wp\/v2\/types\/post"}],"author":[{"embeddable":true,"href":"https:\/\/noticiasveraces.com\/index.php?rest_route=\/wp\/v2\/users\/1"}],"replies":[{"embeddable":true,"href":"https:\/\/noticiasveraces.com\/index.php?rest_route=%2Fwp%2Fv2%2Fcomments&post=52395"}],"version-history":[{"count":0,"href":"https:\/\/noticiasveraces.com\/index.php?rest_route=\/wp\/v2\/posts\/52395\/revisions"}],"wp:featuredmedia":[{"embeddable":true,"href":"https:\/\/noticiasveraces.com\/index.php?rest_route=\/wp\/v2\/media\/52396"}],"wp:attachment":[{"href":"https:\/\/noticiasveraces.com\/index.php?rest_route=%2Fwp%2Fv2%2Fmedia&parent=52395"}],"wp:term":[{"taxonomy":"category","embeddable":true,"href":"https:\/\/noticiasveraces.com\/index.php?rest_route=%2Fwp%2Fv2%2Fcategories&post=52395"},{"taxonomy":"post_tag","embeddable":true,"href":"https:\/\/noticiasveraces.com\/index.php?rest_route=%2Fwp%2Fv2%2Ftags&post=52395"}],"curies":[{"name":"wp","href":"https:\/\/api.w.org\/{rel}","templated":true}]}}