{"id":52383,"date":"2025-12-03T19:34:48","date_gmt":"2025-12-03T23:34:48","guid":{"rendered":"https:\/\/noticiasveraces.com\/?p=52383"},"modified":"2025-12-03T19:34:48","modified_gmt":"2025-12-03T23:34:48","slug":"la-vacuna-contra-el-herpes-zoster-puede-retardar-la-progresion-de-la-demencia-en-pacientes-existentes","status":"publish","type":"post","link":"https:\/\/noticiasveraces.com\/?p=52383","title":{"rendered":"La vacuna contra el herpes z\u00f3ster puede retardar la progresi\u00f3n de la demencia en pacientes existentes"},"content":{"rendered":"<p> \n<\/p>\n<div>\n<div id=\"beyondwords-wrapper\" class=\"beyondwords-wrapper\">\n<p><span class=\"label-bg\">NUEVO<\/span>\u00a1Ahora puedes escuchar los art\u00edculos de Fox News!\n  <\/p>\n<\/div>\n<p class=\"speakable\">La vacuna contra el herpes z\u00f3ster podr\u00eda frenar el progreso de la demencia, seg\u00fan un nuevo estudio de Stanford.<\/p>\n<p class=\"speakable\">Estos hallazgos siguen a investigaciones anteriores que encontraron que los adultos mayores que recibieron la vacuna ten\u00edan un 20% menos de probabilidades de desarrollar demencia durante los siguientes siete a\u00f1os en comparaci\u00f3n con aquellos que no recibieron la vacuna.<\/p>\n<p>\u00abPor primera vez, ahora tenemos evidencia que probablemente muestra una relaci\u00f3n de causa y efecto entre la vacunaci\u00f3n contra el herpes z\u00f3ster y la prevenci\u00f3n y el tratamiento de la demencia\u00bb, dijo a Fox News Digital el Dr. Pascal Geldsetzer, profesor asistente de medicina y autor principal del nuevo estudio.<\/p>\n<p><strong>ESCUCHAR M\u00daSICA DESPU\u00c9S DE LOS 70 A\u00d1OS PUEDE REDUCIR EL RIESGO DE DEMENCIA EN CASI UN 40%, SUGIERE UN NUEVO ESTUDIO<\/strong><\/p>\n<p>Un equipo de cient\u00edficos utiliz\u00f3 datos de salud p\u00fablica en Gales, donde, durante varios a\u00f1os, la elegibilidad para la vacuna contra la culebrilla (Zostavax) se bas\u00f3 estrictamente en la fecha de nacimiento. <\/p>\n<p>Las personas nacidas justo antes del l\u00edmite calificaban autom\u00e1ticamente, mientras que las personas nacidas justo despu\u00e9s no.<\/p>\n<div class=\"image-ct inline\">\n<div class=\"m\"><picture><source media=\"(max-width: 767px)\" srcset=\"https:\/\/a57.foxnews.com\/static.foxnews.com\/foxnews.com\/content\/uploads\/2024\/08\/343\/192\/shingles-dementia-split.jpg?ve=1&amp;tl=1, https:\/\/a57.foxnews.com\/static.foxnews.com\/foxnews.com\/content\/uploads\/2024\/08\/686\/384\/shingles-dementia-split.jpg?ve=1&amp;tl=1 2x\" height=\"192\" width=\"343\"><source media=\"(min-width: 768px) and (max-width: 1023px)\" srcset=\"https:\/\/a57.foxnews.com\/static.foxnews.com\/foxnews.com\/content\/uploads\/2024\/08\/672\/378\/shingles-dementia-split.jpg?ve=1&amp;tl=1, https:\/\/a57.foxnews.com\/static.foxnews.com\/foxnews.com\/content\/uploads\/2024\/08\/1344\/756\/shingles-dementia-split.jpg?ve=1&amp;tl=1 2x\" height=\"378\" width=\"672\"><source media=\"(min-width: 1024px) and (max-width: 1279px)\" srcset=\"https:\/\/a57.foxnews.com\/static.foxnews.com\/foxnews.com\/content\/uploads\/2024\/08\/931\/523\/shingles-dementia-split.jpg?ve=1&amp;tl=1, https:\/\/a57.foxnews.com\/static.foxnews.com\/foxnews.com\/content\/uploads\/2024\/08\/1862\/1046\/shingles-dementia-split.jpg?ve=1&amp;tl=1 2x\" height=\"523\" width=\"931\"><source media=\"(min-width: 1280px)\" srcset=\"https:\/\/a57.foxnews.com\/static.foxnews.com\/foxnews.com\/content\/uploads\/2024\/08\/720\/405\/shingles-dementia-split.jpg?ve=1&amp;tl=1, https:\/\/a57.foxnews.com\/static.foxnews.com\/foxnews.com\/content\/uploads\/2024\/08\/1440\/810\/shingles-dementia-split.jpg?ve=1&amp;tl=1 2x\" height=\"405\" width=\"720\"><img loading=\"lazy\" decoding=\"async\" src=\"https:\/\/a57.foxnews.com\/static.foxnews.com\/foxnews.com\/content\/uploads\/2024\/08\/1200\/675\/shingles-dementia-split.jpg?ve=1&amp;tl=1\" alt=\"Divisi\u00f3n de la demencia por culebrilla\" width=\"1200\" height=\"675\"\/><\/source><\/source><\/source><\/source><\/picture><\/div>\n<div class=\"info\">\n<div class=\"caption\">\n<p><span>Un nuevo estudio sugiere que la vacuna contra la culebrilla puede ayudar a retardar la progresi\u00f3n de la demencia en personas a las que ya se les ha diagnosticado la enfermedad.<\/span> <span>(iStock)<\/span><\/p>\n<\/div>\n<\/div>\n<\/div>\n<p>Esto cre\u00f3 dos grandes grupos de adultos mayores que eran casi id\u00e9nticos en edad, perfil de salud y antecedentes, y que solo difer\u00edan en qui\u00e9n recibi\u00f3 la vacuna. Esto permiti\u00f3 a los investigadores comparar las tasas de demencia de una manera que evit\u00f3 algunos de los sesgos observados en los estudios observacionales.<\/p>\n<p><strong>LA VACUNA CONTRA LA culebrilla SE CONECTA CON BENEFICIOS PARA LA SALUD &#8216;EMOCIONANTES&#8217; EN UN GRAN ESTUDIO<\/strong><\/p>\n<p>Despu\u00e9s del an\u00e1lisis inicial de abril, los investigadores profundizaron en los registros y descubrieron que los beneficios de la vacuna se extend\u00edan desde los primeros signos de deterioro cognitivo hasta las \u00faltimas etapas de la demencia.<\/p>\n<p>En el transcurso de nueve a\u00f1os, las personas que recibieron la vacuna tuvieron menos probabilidades de ser diagnosticadas con deterioro cognitivo leve.<\/p>\n<div class=\"image-ct inline\">\n<div class=\"m\"><picture><source media=\"(max-width: 767px)\" srcset=\"https:\/\/a57.foxnews.com\/static.foxnews.com\/foxnews.com\/content\/uploads\/2025\/12\/343\/192\/shingles-vaccine.jpg?ve=1&amp;tl=1, https:\/\/a57.foxnews.com\/static.foxnews.com\/foxnews.com\/content\/uploads\/2025\/12\/686\/384\/shingles-vaccine.jpg?ve=1&amp;tl=1 2x\" height=\"192\" width=\"343\"><source media=\"(min-width: 768px) and (max-width: 1023px)\" srcset=\"https:\/\/a57.foxnews.com\/static.foxnews.com\/foxnews.com\/content\/uploads\/2025\/12\/672\/378\/shingles-vaccine.jpg?ve=1&amp;tl=1, https:\/\/a57.foxnews.com\/static.foxnews.com\/foxnews.com\/content\/uploads\/2025\/12\/1344\/756\/shingles-vaccine.jpg?ve=1&amp;tl=1 2x\" height=\"378\" width=\"672\"><source media=\"(min-width: 1024px) and (max-width: 1279px)\" srcset=\"https:\/\/a57.foxnews.com\/static.foxnews.com\/foxnews.com\/content\/uploads\/2025\/12\/931\/523\/shingles-vaccine.jpg?ve=1&amp;tl=1, https:\/\/a57.foxnews.com\/static.foxnews.com\/foxnews.com\/content\/uploads\/2025\/12\/1862\/1046\/shingles-vaccine.jpg?ve=1&amp;tl=1 2x\" height=\"523\" width=\"931\"><source media=\"(min-width: 1280px)\" srcset=\"https:\/\/a57.foxnews.com\/static.foxnews.com\/foxnews.com\/content\/uploads\/2025\/12\/720\/405\/shingles-vaccine.jpg?ve=1&amp;tl=1, https:\/\/a57.foxnews.com\/static.foxnews.com\/foxnews.com\/content\/uploads\/2025\/12\/1440\/810\/shingles-vaccine.jpg?ve=1&amp;tl=1 2x\" height=\"405\" width=\"720\"><img loading=\"lazy\" decoding=\"async\" src=\"https:\/\/a57.foxnews.com\/static.foxnews.com\/foxnews.com\/content\/uploads\/2025\/12\/1200\/675\/shingles-vaccine.jpg?ve=1&amp;tl=1\" alt=\"Personal m\u00e9dico llenando la aguja de una jeringa con un refuerzo de vacuna gen\u00e9rica del vial\" width=\"1200\" height=\"675\"\/><\/source><\/source><\/source><\/source><\/picture><\/div>\n<div class=\"info\">\n<div class=\"caption\">\n<p><span>Los investigadores encontraron que los pacientes vacunados con demencia ten\u00edan tasas de mortalidad relacionadas con la demencia m\u00e1s bajas que los pacientes no vacunados.<\/span> <span>(iStock)<\/span><\/p>\n<\/div>\n<\/div>\n<\/div>\n<p>Adem\u00e1s, aquellos que recibieron la vacuna despu\u00e9s de un diagn\u00f3stico de demencia ten\u00edan significativamente menos probabilidades de morir de demencia en los siguientes nueve a\u00f1os, lo que sugiere que la vacuna podr\u00eda frenar el progreso de la enfermedad.<\/p>\n<p>Casi la mitad de los ancianos galeses que ten\u00edan demencia al inicio del programa de vacunaci\u00f3n terminaron muriendo de demencia en el seguimiento, en comparaci\u00f3n con s\u00f3lo el 30% de los que recibieron la vacuna.<\/p>\n<p><strong>HAGA CLIC AQU\u00cd PARA DESCARGAR LA APLICACI\u00d3N FOX NEWS<\/strong><\/p>\n<p>\u00abExiste un creciente conjunto de investigaciones que muestran que los virus que se dirigen preferentemente al sistema nervioso e hibernan en \u00e9l durante gran parte de la vida pueden estar implicados en el desarrollo de la demencia\u00bb, dijo Geldsetzer.<\/p>\n<p><strong><u>HAGA CLIC AQU\u00cd PARA SUSCRIBIRSE A NUESTRO BOLET\u00cdN DE SALUD<\/u><\/strong><\/p>\n<p>Eso incluye el virus de la varicela, que permanece en el cuerpo de por vida. En la vejez, puede reactivarse y causar culebrilla y, a veces, puede desencadenar inflamaci\u00f3n en el cerebro o alrededor de \u00e9l, seg\u00fan Mayo Clinic.<\/p>\n<p>Los expertos afirman que prevenir los brotes virales tambi\u00e9n podr\u00eda reducir la inflamaci\u00f3n, que se ha relacionado con el riesgo de demencia.<\/p>\n<div class=\"image-ct inline\">\n<div class=\"m\"><picture><source media=\"(max-width: 767px)\" srcset=\"https:\/\/a57.foxnews.com\/static.foxnews.com\/foxnews.com\/content\/uploads\/2025\/12\/343\/192\/dementia-shingles-vaccine.jpg?ve=1&amp;tl=1, https:\/\/a57.foxnews.com\/static.foxnews.com\/foxnews.com\/content\/uploads\/2025\/12\/686\/384\/dementia-shingles-vaccine.jpg?ve=1&amp;tl=1 2x\" height=\"192\" width=\"343\"><source media=\"(min-width: 768px) and (max-width: 1023px)\" srcset=\"https:\/\/a57.foxnews.com\/static.foxnews.com\/foxnews.com\/content\/uploads\/2025\/12\/672\/378\/dementia-shingles-vaccine.jpg?ve=1&amp;tl=1, https:\/\/a57.foxnews.com\/static.foxnews.com\/foxnews.com\/content\/uploads\/2025\/12\/1344\/756\/dementia-shingles-vaccine.jpg?ve=1&amp;tl=1 2x\" height=\"378\" width=\"672\"><source media=\"(min-width: 1024px) and (max-width: 1279px)\" srcset=\"https:\/\/a57.foxnews.com\/static.foxnews.com\/foxnews.com\/content\/uploads\/2025\/12\/931\/523\/dementia-shingles-vaccine.jpg?ve=1&amp;tl=1, https:\/\/a57.foxnews.com\/static.foxnews.com\/foxnews.com\/content\/uploads\/2025\/12\/1862\/1046\/dementia-shingles-vaccine.jpg?ve=1&amp;tl=1 2x\" height=\"523\" width=\"931\"><source media=\"(min-width: 1280px)\" srcset=\"https:\/\/a57.foxnews.com\/static.foxnews.com\/foxnews.com\/content\/uploads\/2025\/12\/720\/405\/dementia-shingles-vaccine.jpg?ve=1&amp;tl=1, https:\/\/a57.foxnews.com\/static.foxnews.com\/foxnews.com\/content\/uploads\/2025\/12\/1440\/810\/dementia-shingles-vaccine.jpg?ve=1&amp;tl=1 2x\" height=\"405\" width=\"720\"><img loading=\"lazy\" decoding=\"async\" src=\"https:\/\/a57.foxnews.com\/static.foxnews.com\/foxnews.com\/content\/uploads\/2025\/12\/1200\/675\/dementia-shingles-vaccine.jpg?ve=1&amp;tl=1\" alt=\"Hombre y cuidador vistiendo uniforme blanco tomados de la mano\" width=\"1200\" height=\"675\"\/><\/source><\/source><\/source><\/source><\/picture><\/div>\n<div class=\"info\">\n<div class=\"caption\">\n<p><span>Los cient\u00edficos dicen que se necesitan ensayos aleatorios para confirmar si la vacuna contra el herpes z\u00f3ster realmente puede retardar la demencia.<\/span> <span>(iStock)<\/span><\/p>\n<\/div>\n<\/div>\n<\/div>\n<p>La limitaci\u00f3n cr\u00edtica de esta investigaci\u00f3n, seg\u00fan el equipo, es que los comportamientos de salud de quienes se vacunan son diferentes a los de quienes no lo hacen.<\/p>\n<p>\u00abTenemos muy poca o ninguna informaci\u00f3n sobre estos comportamientos en los registros m\u00e9dicos electr\u00f3nicos o en los datos de reclamaciones m\u00e9dicas\u00bb, anot\u00f3 Geldsetzer.<\/p>\n<p><strong><u>PRUEBA CON NUESTRO \u00daLTIMO QUIZ DE ESTILO DE VIDA<\/u><\/strong><\/p>\n<p>Por ejemplo, los investigadores no conocen las conductas diet\u00e9ticas ni los niveles de actividad f\u00edsica de los pacientes.<\/p>\n<p><strong><u>HAGA CLIC AQU\u00cd PARA M\u00c1S HISTORIAS DE SALUD<\/u><\/strong><\/p>\n<p>\u00abSi la vacuna contra el herpes z\u00f3ster realmente previene o retrasa la demencia (y, con este nuevo estudio, tambi\u00e9n parece tener beneficios para aquellos que ya tienen demencia), entonces este ser\u00eda un hallazgo enormemente importante para la medicina cl\u00ednica, la salud de la poblaci\u00f3n y la investigaci\u00f3n sobre las causas de la demencia\u00bb, enfatiz\u00f3 Geldsetzer.<\/p>\n<p>Fox News Digital contact\u00f3 a los fabricantes de vacunas contra la culebrilla para solicitar comentarios.<\/p>\n<p> <!----> <\/p>\n<div class=\"article-meta\">\n<div class=\"author-bio\">\n<p>Khloe Quill es asistente de producci\u00f3n de estilo de vida en Fox News Digital. Ella y el equipo de estilo de vida cubren una variedad de temas que incluyen comida y bebida, viajes y salud. <\/p>\n<\/div>\n<\/div>\n<\/div>\n\n","protected":false},"excerpt":{"rendered":"<p>NUEVO\u00a1Ahora puedes escuchar los art\u00edculos de Fox News! La vacuna contra el herpes z\u00f3ster podr\u00eda frenar el progreso de la demencia, seg\u00fan un nuevo estudio de Stanford. Estos hallazgos siguen a investigaciones anteriores que encontraron que los adultos mayores que recibieron la vacuna ten\u00edan un 20% menos de probabilidades de desarrollar demencia durante los siguientes &hellip;<\/p>\n","protected":false},"author":1,"featured_media":52385,"comment_status":"open","ping_status":"open","sticky":false,"template":"","format":"standard","meta":{"fifu_image_url":"https:\/\/a57.foxnews.com\/static.foxnews.com\/foxnews.com\/content\/uploads\/2024\/08\/1200\/675\/shingles-dementia-split.jpg?ve=1&tl=1","fifu_image_alt":"","footnotes":""},"categories":[8],"tags":[],"class_list":["post-52383","post","type-post","status-publish","format-standard","has-post-thumbnail","","category-salud"],"_links":{"self":[{"href":"https:\/\/noticiasveraces.com\/index.php?rest_route=\/wp\/v2\/posts\/52383","targetHints":{"allow":["GET"]}}],"collection":[{"href":"https:\/\/noticiasveraces.com\/index.php?rest_route=\/wp\/v2\/posts"}],"about":[{"href":"https:\/\/noticiasveraces.com\/index.php?rest_route=\/wp\/v2\/types\/post"}],"author":[{"embeddable":true,"href":"https:\/\/noticiasveraces.com\/index.php?rest_route=\/wp\/v2\/users\/1"}],"replies":[{"embeddable":true,"href":"https:\/\/noticiasveraces.com\/index.php?rest_route=%2Fwp%2Fv2%2Fcomments&post=52383"}],"version-history":[{"count":0,"href":"https:\/\/noticiasveraces.com\/index.php?rest_route=\/wp\/v2\/posts\/52383\/revisions"}],"wp:featuredmedia":[{"embeddable":true,"href":"https:\/\/noticiasveraces.com\/index.php?rest_route=\/wp\/v2\/media\/52385"}],"wp:attachment":[{"href":"https:\/\/noticiasveraces.com\/index.php?rest_route=%2Fwp%2Fv2%2Fmedia&parent=52383"}],"wp:term":[{"taxonomy":"category","embeddable":true,"href":"https:\/\/noticiasveraces.com\/index.php?rest_route=%2Fwp%2Fv2%2Fcategories&post=52383"},{"taxonomy":"post_tag","embeddable":true,"href":"https:\/\/noticiasveraces.com\/index.php?rest_route=%2Fwp%2Fv2%2Ftags&post=52383"}],"curies":[{"name":"wp","href":"https:\/\/api.w.org\/{rel}","templated":true}]}}