{"id":52373,"date":"2025-12-03T17:26:47","date_gmt":"2025-12-03T21:26:47","guid":{"rendered":"https:\/\/noticiasveraces.com\/?p=52373"},"modified":"2025-12-03T17:26:47","modified_gmt":"2025-12-03T21:26:47","slug":"la-duquesa-de-edimburgo-deslumbra-con-una-tiara-brillante-valorada-en-1-millon-de-libras-real-noticias","status":"publish","type":"post","link":"https:\/\/noticiasveraces.com\/?p=52373","title":{"rendered":"La duquesa de Edimburgo deslumbra con una tiara brillante valorada en 1 mill\u00f3n de libras | Real | Noticias"},"content":{"rendered":"<p> \n<\/p>\n<div>\n<p data-mce-linkchecker-status=\"valid\">La duquesa Sof\u00eda hizo una refinada demostraci\u00f3n de aplomo real en el Castillo de Windsor esta tarde cuando lleg\u00f3 para el banquete de estado en apoyo del rey Carlos y la reina Camilla. A menudo descrita como la columna vertebral de la monarqu\u00eda, la mujer de 60 a\u00f1os una vez m\u00e1s dio un paso al frente para la Firma, acompa\u00f1ando a su esposo, el Pr\u00edncipe Eduardo, en el evento diplom\u00e1tico de alto perfil.<\/p>\n<p data-mce-linkchecker-status=\"valid\">La duquesa luc\u00eda elegante y sin esfuerzo con un elegante vestido de noche negro que rozaba la figura creando una silueta estructurada. El dise\u00f1o presentaba un escote suave hasta el hombro, d\u00e1ndole al look un toque moderno pero atemporal, mientras que sus l\u00edneas limpias permitieron que sus joyas y honores ocuparan un lugar central.<\/p>\n<p>Sophie llevaba el cabello en ondas suaves y fluidas, un estilo pulido que enmarcaba su rostro maravillosamente debajo de su tiara brillante valorada en \u00a3 1 mill\u00f3n y le agregaba un toque de glamour al conjunto.<\/p>\n<\/div>\n<div>\n<p>Sophie opt\u00f3 por su diadema favorita, la Aquamarine Tiara, una de las piezas m\u00e1s distintivas y radiantes de su colecci\u00f3n de joyas.<\/p>\n<p>Su fresca piedra preciosa de color verde mar y su elegante estructura inspirada en el Art D\u00e9co combinaron maravillosamente con su vestido cl\u00e1sico y discreto, agregando un toque refrescante a su conjunto atemporal.<\/p>\n<p>La duquesa ha estado vinculada durante mucho tiempo a esta tiara, y la seleccion\u00f3 para muchas ocasiones importantes de estado gracias a su estilo elegante pero moderno.<\/p>\n<\/div>\n<div>\n<p>En particular, se cree que esta tiara es parte de la colecci\u00f3n personal de Sophie y no un pr\u00e9stamo real oficial, lo que significa que es poco probable que otros miembros de la familia la usen, aunque un d\u00eda, los observadores reales podr\u00edan ver a Lady Louise tomarla prestada, en caso de que su madre decidiera heredarla.<\/p>\n<p>M\u00e1s temprano ese mismo d\u00eda, la Familia Real dio la bienvenida al presidente Frank-Walter Steinmeier y a la Primera Dama con una ceremonia llena de pompa brit\u00e1nica, inaugurando oficialmente la visita de estado alemana. Para las celebraciones formales de esta noche, Sophie adopt\u00f3 su caracter\u00edstico estilo pulido y opt\u00f3 por un conjunto elegante que equilibraba la sofisticaci\u00f3n con un glamour tranquilo.<\/p>\n<p>Complet\u00f3 su look con una reluciente selecci\u00f3n de joyas que brillaron bajo las luces del Castillo, a\u00f1adiendo un toque personal a su apariencia.<\/p>\n<\/div>\n<div>\n<p>El presidente Steinmeier y la primera dama llegaron hoy al Reino Unido, donde el Pr\u00edncipe y la Princesa de Gales estuvieron presentes para recibirlos momentos despu\u00e9s de que bajaran del avi\u00f3n.<\/p>\n<p>A medida que avanzaba el d\u00eda, los visitantes alemanes viajaron al Castillo de Windsor para encontrarse con el Rey y la Reina, quienes los guiaron a trav\u00e9s de una exposici\u00f3n curada instalada dentro del Sal\u00f3n Verde.<\/p>\n<p>El duque y la duquesa de Edimburgo tambi\u00e9n estuvieron presentes en el compromiso, ya que la realeza mostr\u00f3 una selecci\u00f3n de tesoros de la Colecci\u00f3n Real relacionados con Alemania, ofreciendo un rico contexto cultural para marcar el inicio de la visita de estado.<\/p>\n<h3\/><\/div>\n\n","protected":false},"excerpt":{"rendered":"<p>La duquesa Sof\u00eda hizo una refinada demostraci\u00f3n de aplomo real en el Castillo de Windsor esta tarde cuando lleg\u00f3 para el banquete de estado en apoyo del rey Carlos y la reina Camilla. A menudo descrita como la columna vertebral de la monarqu\u00eda, la mujer de 60 a\u00f1os una vez m\u00e1s dio un paso al &hellip;<\/p>\n","protected":false},"author":1,"featured_media":52374,"comment_status":"open","ping_status":"open","sticky":false,"template":"","format":"standard","meta":{"fifu_image_url":"https:\/\/cdn.images.express.co.uk\/img\/dynamic\/106\/1200x630\/6591763.jpg","fifu_image_alt":"","footnotes":""},"categories":[10],"tags":[],"class_list":["post-52373","post","type-post","status-publish","format-standard","has-post-thumbnail","","category-moda"],"_links":{"self":[{"href":"https:\/\/noticiasveraces.com\/index.php?rest_route=\/wp\/v2\/posts\/52373","targetHints":{"allow":["GET"]}}],"collection":[{"href":"https:\/\/noticiasveraces.com\/index.php?rest_route=\/wp\/v2\/posts"}],"about":[{"href":"https:\/\/noticiasveraces.com\/index.php?rest_route=\/wp\/v2\/types\/post"}],"author":[{"embeddable":true,"href":"https:\/\/noticiasveraces.com\/index.php?rest_route=\/wp\/v2\/users\/1"}],"replies":[{"embeddable":true,"href":"https:\/\/noticiasveraces.com\/index.php?rest_route=%2Fwp%2Fv2%2Fcomments&post=52373"}],"version-history":[{"count":0,"href":"https:\/\/noticiasveraces.com\/index.php?rest_route=\/wp\/v2\/posts\/52373\/revisions"}],"wp:featuredmedia":[{"embeddable":true,"href":"https:\/\/noticiasveraces.com\/index.php?rest_route=\/wp\/v2\/media\/52374"}],"wp:attachment":[{"href":"https:\/\/noticiasveraces.com\/index.php?rest_route=%2Fwp%2Fv2%2Fmedia&parent=52373"}],"wp:term":[{"taxonomy":"category","embeddable":true,"href":"https:\/\/noticiasveraces.com\/index.php?rest_route=%2Fwp%2Fv2%2Fcategories&post=52373"},{"taxonomy":"post_tag","embeddable":true,"href":"https:\/\/noticiasveraces.com\/index.php?rest_route=%2Fwp%2Fv2%2Ftags&post=52373"}],"curies":[{"name":"wp","href":"https:\/\/api.w.org\/{rel}","templated":true}]}}