{"id":52367,"date":"2025-12-03T15:31:54","date_gmt":"2025-12-03T19:31:54","guid":{"rendered":"https:\/\/noticiasveraces.com\/?p=52367"},"modified":"2025-12-03T15:31:54","modified_gmt":"2025-12-03T19:31:54","slug":"panini-y-fifa-revelaron-la-portada-del-album-mundial-2026-curiosidades-de-futbol","status":"publish","type":"post","link":"https:\/\/noticiasveraces.com\/?p=52367","title":{"rendered":"Panini y FIFA revelaron la portada del \u00e1lbum Mundial 2026 | Curiosidades de f\u00fatbol"},"content":{"rendered":"<p> \n<\/p>\n<div id=\"cuerpoArticulo\">\n<p class=\"texto intro cnx-companion-firstparagraph\" id=\"pnull-m195-194-196\">La FIFA sigue anunciando detalles previos al sorteo del Mundial 2026 y tambi\u00e9n ha aprovechado para dar a conocer p\u00fablicamente la portada del famoso \u00e1lbum de Panini.<\/p>\n<p class=\"texto contenido-parrafo-articulo cnx-companion-paragraph\" id=\"pnull-m207-2-208\">Panini America present\u00f3 en Estados Unidos una edici\u00f3n especial de la portada del \u00e1lbum oficial de cromos de la Copa Mundial de la FIFA, un homenaje directo a los coanfitriones Canad\u00e1 y Estados Unidos. Esta imagen, que mezcla el emblema oficial del torneo, el trofeo de la Copa del Mundo y la ic\u00f3nica chilena de Carlo Parola, s\u00edmbolo de Panini desde 1965, que forma parte de la colecci\u00f3n m\u00e1s grande que la firma haya producido en su historia, acorde con el formato ampliado a 48 selecciones.<\/p>\n<p>La presentaci\u00f3n marca la primera vez que Panini dedica una portada a una regi\u00f3n organizadora del Mundial y coincidi\u00f3 con el inicio de la preventa limitada en Amazon. En los pr\u00f3ximos meses se lanzar\u00e1 tambi\u00e9n una portada especial dedicada a M\u00e9xico, as\u00ed como la portada global del \u00e1lbum.<\/p>\n<div class=\"fotografia caja-articulo\" id=\"pnull-m443-4-444\">\n<div class=\"imagen-cuerpo-bk\">\n<figure itemscope=\"\" itemtype=\"https:\/\/schema.org\/ImageObject\" itemprop=\"image\" class=\"foto-galeria-articulo imagen-articulo foto-texto-articulo-galeria\" id=\"m448-447-449\"><img decoding=\"async\" src=\"data:image\/png;base64,iVBORw0KGgoAAAANSUhEUgAAAAEAAAABCAQAAAC1HAwCAAAAC0lEQVR42mP8\/x0AAvsB+DlKarAAAAAASUVORK5CYII=\" style=\" display: inline;\" alt=\"\u00c1lbum Mundial Panini 2026\" data-original=\"\/files\/article_content\/uploads\/2025\/12\/03\/69308603805d2.jpeg\"\/><meta itemprop=\"width\" content=\"600\"\/><meta itemprop=\"height\" content=\"450\"\/> <meta itemprop=\"url\" content=\"https:\/\/www.futbolred.com\/files\/article_content\/uploads\/2025\/12\/03\/69308603805d2.jpeg\"\/><\/figure>\n<\/div>\n<div class=\"figcaption-cuerpo-bk credito-image-bk\"><figcaption class=\"foto-info\">\n<div class=\"titulo-foto-bk\">\n<p class=\"titulo pie-de-foto\" id=\"m455-1-456\">Portada Panini Mundial 2026<\/p>\n<\/div>\n<p class=\"credito\">\n                            <span class=\"linea pre_credito\">Foto:<\/span><\/p>\n<p>                        <span class=\"autor\" id=\"m461-2-462\">FIFA y Panini<\/span><\/p>\n<\/figcaption><\/div>\n<\/p><\/div>\n<p class=\"texto contenido-parrafo-articulo cnx-companion-paragraph\" id=\"pnull-m478-5-479\">Desde la FIFA, Romy Gai destac\u00f3 la relevancia cultural de la colecci\u00f3n, se\u00f1alando que el \u00e1lbum \u201cune a generaciones de aficionados\u201d y simboliza \u201cla alegr\u00eda, la pasi\u00f3n y la expectaci\u00f3n\u201d que rodean al torneo. Mark Warsop, director general de Panini America, asegur\u00f3 que esta edici\u00f3n especial es apenas el comienzo de un proyecto m\u00e1s amplio que incluir\u00e1 cromos y cartas intercambiables durante la Copa Mundial 2026.<\/p>\n<p>Con ello, Panini prolonga una tradici\u00f3n que comenz\u00f3 en M\u00e9xico 1970 y que se mantiene como uno de los rituales m\u00e1s arraigados entre los aficionados del f\u00fatbol mundial.<\/p>\n<\/div>\n\n","protected":false},"excerpt":{"rendered":"<p>La FIFA sigue anunciando detalles previos al sorteo del Mundial 2026 y tambi\u00e9n ha aprovechado para dar a conocer p\u00fablicamente la portada del famoso \u00e1lbum de Panini. Panini America present\u00f3 en Estados Unidos una edici\u00f3n especial de la portada del \u00e1lbum oficial de cromos de la Copa Mundial de la FIFA, un homenaje directo a &hellip;<\/p>\n","protected":false},"author":1,"featured_media":52368,"comment_status":"open","ping_status":"open","sticky":false,"template":"","format":"standard","meta":{"fifu_image_url":"https:\/\/www.futbolred.com\/files\/og_thumbnail\/uploads\/2025\/10\/03\/68e048d479eb6.jpeg","fifu_image_alt":"","footnotes":""},"categories":[6],"tags":[],"class_list":["post-52367","post","type-post","status-publish","format-standard","has-post-thumbnail","","category-deportes"],"_links":{"self":[{"href":"https:\/\/noticiasveraces.com\/index.php?rest_route=\/wp\/v2\/posts\/52367","targetHints":{"allow":["GET"]}}],"collection":[{"href":"https:\/\/noticiasveraces.com\/index.php?rest_route=\/wp\/v2\/posts"}],"about":[{"href":"https:\/\/noticiasveraces.com\/index.php?rest_route=\/wp\/v2\/types\/post"}],"author":[{"embeddable":true,"href":"https:\/\/noticiasveraces.com\/index.php?rest_route=\/wp\/v2\/users\/1"}],"replies":[{"embeddable":true,"href":"https:\/\/noticiasveraces.com\/index.php?rest_route=%2Fwp%2Fv2%2Fcomments&post=52367"}],"version-history":[{"count":0,"href":"https:\/\/noticiasveraces.com\/index.php?rest_route=\/wp\/v2\/posts\/52367\/revisions"}],"wp:featuredmedia":[{"embeddable":true,"href":"https:\/\/noticiasveraces.com\/index.php?rest_route=\/wp\/v2\/media\/52368"}],"wp:attachment":[{"href":"https:\/\/noticiasveraces.com\/index.php?rest_route=%2Fwp%2Fv2%2Fmedia&parent=52367"}],"wp:term":[{"taxonomy":"category","embeddable":true,"href":"https:\/\/noticiasveraces.com\/index.php?rest_route=%2Fwp%2Fv2%2Fcategories&post=52367"},{"taxonomy":"post_tag","embeddable":true,"href":"https:\/\/noticiasveraces.com\/index.php?rest_route=%2Fwp%2Fv2%2Ftags&post=52367"}],"curies":[{"name":"wp","href":"https:\/\/api.w.org\/{rel}","templated":true}]}}