{"id":52362,"date":"2025-12-03T15:27:54","date_gmt":"2025-12-03T19:27:54","guid":{"rendered":"https:\/\/noticiasveraces.com\/?p=52362"},"modified":"2025-12-03T15:27:54","modified_gmt":"2025-12-03T19:27:54","slug":"prohibieron-la-venta-de-fuegos-artificiales-en-varios-municipios-de-miranda","status":"publish","type":"post","link":"https:\/\/noticiasveraces.com\/?p=52362","title":{"rendered":"Prohibieron la venta de fuegos artificiales en varios municipios de Miranda"},"content":{"rendered":"<p> \n<\/p>\n<div>\n<p>Las autoridades de varios municipios del estado Miranda <strong>prohibieron la venta, distribuci\u00f3n y uso de fuegos artificiales<\/strong> durante las fiestas navide\u00f1as. <\/p>\n<div class=\"ruby-table-contents rbtoc table-fw\">\n<ul class=\"toc-content h5\">\n<li>Pronunciamientos anteriores<\/li>\n<li>La venta de fuegos artificiales a ni\u00f1os y adolescentes es ilegal <\/li>\n<\/ul>\n<\/div>\n<p>De acuerdo con el medio mirandino <em>El Teque\u00f1o<\/em>la alcaldesa del municipio Carrizal, Jennifer Mujica,<strong> firm\u00f3 un decreto para la prohibici\u00f3n de la comercializaci\u00f3n de estos productos <\/strong>durante el mes de diciembre en la localidad. <\/p>\n<p>Con esta medida,<strong> Carrizal se une a los municipios Los Salias y Guaicaipuro en la decisi\u00f3n de restringir la venta de fuegos artificiales<\/strong>por lo que en todos los Altos Mirandinos estar\u00e1 prohibida esta pr\u00e1ctica. <\/p>\n<p>El decreto, con fecha de 1\u00b0 de diciembre, detalla que la medida responde a <strong>criterios de salud p\u00fablica, seguridad ciudadana y protecci\u00f3n animal<\/strong>. Asimismo, el documento advierte sobre los riesgos que representa el uso de pirotecnia, incluyendo quemaduras, lesiones auditivas, afecciones respiratorias y complicaciones para personas con asma y enfermedades cardiovasculares. <\/p>\n<h2 id=\"pronunciamientos-anteriores\" class=\"rb-heading-index-0-830851 wp-block-heading\"><strong>Pronunciamientos anteriores<\/strong><\/h2>\n<p>El alcalde del municipio Guaicaipuro, Farith Fraija, firm\u00f3 el 18 de noviembre un decreto para <strong>prohibir la venta, distribuci\u00f3n y uso de fuegos artificiales en la entidad<\/strong>. <\/p>\n<p>El funcionario aplic\u00f3 la medida antes del inicio de la temporada decembrina y asegur\u00f3 que <strong>esta restricci\u00f3n busca brindar bienestar a las familias durante las fiestas<\/strong>. <\/p>\n<figure class=\"wp-block-image size-large\"><img fetchpriority=\"high\" decoding=\"async\" width=\"1200\" height=\"794\" src=\"https:\/\/eldiario.com\/wp-content\/uploads\/2025\/12\/fireworks-7570875-1920-1200x794.jpg\" alt=\"Prohibieron la venta de fuegos artificiales en varios municipios de Miranda\" class=\"wp-image-830853\" srcset=\"https:\/\/eldiario.com\/wp-content\/uploads\/2025\/12\/fireworks-7570875-1920-1200x794.jpg 1200w, https:\/\/eldiario.com\/wp-content\/uploads\/2025\/12\/fireworks-7570875-1920-300x198.jpg 300w, https:\/\/eldiario.com\/wp-content\/uploads\/2025\/12\/fireworks-7570875-1920-768x508.jpg 768w, https:\/\/eldiario.com\/wp-content\/uploads\/2025\/12\/fireworks-7570875-1920-1536x1016.jpg 1536w, https:\/\/eldiario.com\/wp-content\/uploads\/2025\/12\/fireworks-7570875-1920-860x569.jpg 860w, https:\/\/eldiario.com\/wp-content\/uploads\/2025\/12\/fireworks-7570875-1920-150x99.jpg 150w, https:\/\/eldiario.com\/wp-content\/uploads\/2025\/12\/fireworks-7570875-1920.jpg 1920w\" sizes=\"(max-width: 1200px) 100vw, 1200px\"\/><figcaption class=\"wp-element-caption\">Foto: Pixabay<\/figcaption><\/figure>\n<p>\u201cEsto lo estamos haciendo para proteger a la familia, sobre todo a los ni\u00f1os, ni\u00f1as y adolescentes.<strong> La Navidad debe ser un espacio para el encuentro, el disfrute y la uni\u00f3n, no para poner en riesgo la vida de los dem\u00e1s<\/strong>\u201d, declar\u00f3 el alcalde en ese momento.<\/p>\n<p>La alcald\u00eda hizo un llamado a la conciencia colectiva para celebrar unas <strong>fiestas en paz y evitando pr\u00e1cticas que puedan derivar en accidentes<\/strong> o emergencias m\u00e9dicas. <\/p>\n<p>La medida estar\u00e1 vigente durante toda la temporada navide\u00f1a y ser\u00e1 supervisada por los cuerpos de seguridad y autoridades municipales.<\/p>\n<h2 id=\"la-venta-de-fuegos-artificiales-a-ninos-y-adolescentes-es-ilegalnbsp\" class=\"rb-heading-index-1-830851 wp-block-heading\"><strong>La venta de fuegos artificiales a ni\u00f1os y adolescentes es ilegal <\/strong><\/h2>\n<p><strong>Vender fuegos artificiales a ni\u00f1os, ni\u00f1as y adolescentes es ilegal <\/strong>y puede representar una pena de c\u00e1rcel para los responsables. <\/p>\n<p>La Ley org\u00e1nica para la protecci\u00f3n del ni\u00f1o, ni\u00f1a y adolescente (Lopnna) establece en su art\u00edculo 262 que las personas que vendan juegos pirot\u00e9cnicos a <strong>menores de edad<\/strong> incurren en un delito que les puede acarrear condenas de prisi\u00f3n.<\/p>\n<p>Los organismos de seguridad advierten que los<strong> fuegos artificiales <\/strong>solo deben ser manipulados por adultos, preferiblemente experimentados y calificados para su uso. No obstante,<strong> la mejor medida preventiva es evitar su uso durante las fiestas<\/strong>. <\/p>\n<p><!-- CONTENT END 1 -->\n<\/div>\n\n","protected":false},"excerpt":{"rendered":"<p>Las autoridades de varios municipios del estado Miranda prohibieron la venta, distribuci\u00f3n y uso de fuegos artificiales durante las fiestas navide\u00f1as. Pronunciamientos anteriores La venta de fuegos artificiales a ni\u00f1os y adolescentes es ilegal De acuerdo con el medio mirandino El Teque\u00f1ola alcaldesa del municipio Carrizal, Jennifer Mujica, firm\u00f3 un decreto para la prohibici\u00f3n de &hellip;<\/p>\n","protected":false},"author":1,"featured_media":52364,"comment_status":"open","ping_status":"open","sticky":false,"template":"","format":"standard","meta":{"fifu_image_url":"https:\/\/eldiario.com\/wp-content\/uploads\/2024\/12\/fireworks-1880042-1920-1.jpg","fifu_image_alt":"","footnotes":""},"categories":[4],"tags":[],"class_list":["post-52362","post","type-post","status-publish","format-standard","has-post-thumbnail","","category-historias-destacadas"],"_links":{"self":[{"href":"https:\/\/noticiasveraces.com\/index.php?rest_route=\/wp\/v2\/posts\/52362","targetHints":{"allow":["GET"]}}],"collection":[{"href":"https:\/\/noticiasveraces.com\/index.php?rest_route=\/wp\/v2\/posts"}],"about":[{"href":"https:\/\/noticiasveraces.com\/index.php?rest_route=\/wp\/v2\/types\/post"}],"author":[{"embeddable":true,"href":"https:\/\/noticiasveraces.com\/index.php?rest_route=\/wp\/v2\/users\/1"}],"replies":[{"embeddable":true,"href":"https:\/\/noticiasveraces.com\/index.php?rest_route=%2Fwp%2Fv2%2Fcomments&post=52362"}],"version-history":[{"count":0,"href":"https:\/\/noticiasveraces.com\/index.php?rest_route=\/wp\/v2\/posts\/52362\/revisions"}],"wp:featuredmedia":[{"embeddable":true,"href":"https:\/\/noticiasveraces.com\/index.php?rest_route=\/wp\/v2\/media\/52364"}],"wp:attachment":[{"href":"https:\/\/noticiasveraces.com\/index.php?rest_route=%2Fwp%2Fv2%2Fmedia&parent=52362"}],"wp:term":[{"taxonomy":"category","embeddable":true,"href":"https:\/\/noticiasveraces.com\/index.php?rest_route=%2Fwp%2Fv2%2Fcategories&post=52362"},{"taxonomy":"post_tag","embeddable":true,"href":"https:\/\/noticiasveraces.com\/index.php?rest_route=%2Fwp%2Fv2%2Ftags&post=52362"}],"curies":[{"name":"wp","href":"https:\/\/api.w.org\/{rel}","templated":true}]}}