{"id":52327,"date":"2025-12-03T09:29:24","date_gmt":"2025-12-03T13:29:24","guid":{"rendered":"https:\/\/noticiasveraces.com\/?p=52327"},"modified":"2025-12-03T09:29:24","modified_gmt":"2025-12-03T13:29:24","slug":"eduardo-luis-respondio-a-cantante-del-gol-el-que-diga-que-es-irremplazable-vive-en-arrogancia-curiosidades-de-futbol","status":"publish","type":"post","link":"https:\/\/noticiasveraces.com\/?p=52327","title":{"rendered":"Eduardo Luis respondi\u00f3 a &#8216;Cantante del gol&#8217;: &#8216;el que diga que es irremplazable, vive en arrogancia&#8217; | Curiosidades de f\u00fatbol"},"content":{"rendered":"<p> \n<br \/><img decoding=\"async\" src=\"https:\/\/www.futbolred.com\/files\/article_graphic\/uploads\/2023\/11\/20\/655c3021c102f.jpeg\" \/><\/p>\n<div id=\"cuerpoArticulo\">\n<p class=\"texto intro cnx-companion-firstparagraph\" id=\"p259504-m357-356-358\"><b>Eduardo Luis <\/b>y <b>Javier Fern\u00e1ndez<\/b> han sostenido una importante guerra por demostrar qui\u00e9n es el mejor narrador del f\u00fatbol colombiano y Selecci\u00f3n Colombia en estos \u00faltimos a\u00f1os, pero ante la salida del \u2018Cantante del gol\u2019 de RCN, cada uno ha expresado sus m\u00e1s sinceros sentimientos con respecto al trabajo realizado.<\/p>\n<p class=\"texto contenido-parrafo-articulo cnx-companion-paragraph\" id=\"p259504-m375-2-376\">Claramente, cada uno ha defendido su posici\u00f3n y no ha cedido, siendo Fern\u00e1ndez el primero en exponer durante una entrevista a La Red Viral que es irremplazable.<\/p>\n<p>En ese mismo espacio, Eduardo Luis fue el reciente invitado y el conductor del programa, Daniel Mu\u00f1oz, le indag\u00f3 sobre qu\u00e9 opinaba sobre que Javier Fern\u00e1ndez dijera que era irremplazable.<\/p>\n<p>Sin embargo, Eduardo Luis fue claro que no fue el reemplazo de nadie, debido a que cada uno tiene sus \u00e9xitos y porque trabaj\u00f3 para llegar a ese importante reto.<\/p>\n<p>\u201c<b>Yo no estoy aqu\u00ed porque alguien sali\u00f3. Estoy aqu\u00ed porque trabaj\u00e9 para estar aqu\u00ed. <\/b>Cada puesto que tengo me lo he ganado en la cancha, no en la comparaci\u00f3n con otro narrador\u201d, dijo Eduardo Luis.<\/p>\n<p><iframe loading=\"lazy\" title=\"Eduardo Luis no cree en el rating, \u201csolo miden televisores\u201d: Le declara la guerra al Gol Caracol\" width=\"618\" height=\"348\" src=\"https:\/\/www.youtube.com\/embed\/UdtdcG7bPUs?feature=oembed\" frameborder=\"0\" allow=\"accelerometer; autoplay; clipboard-write; encrypted-media; gyroscope; picture-in-picture; web-share\" referrerpolicy=\"strict-origin-when-cross-origin\" allowfullscreen><\/iframe><\/p>\n<p class=\"texto contenido-parrafo-articulo cnx-companion-paragraph\" id=\"p259504-m432-5-433\">Adem\u00e1s, de ello, el actual narrador de Win Sports y RCN, fue contundente al mencionar que <b>\u201cel que diga que no tiene reemplazo vive en la arrogancia. Yo no necesito decirlo. Yo lo demuestro trabajando\u201d,<\/b> afirm\u00f3 Eduardo Luis.<\/p>\n<p>Sumado a ello, Eduardo Luis dej\u00f3 claro que \u00e9l compite consigo mismo, debido a que solo as\u00ed saldr\u00e1 cada vez m\u00e1s su mejor versi\u00f3n.<\/p>\n<p>\u201c<b>Yo vivo la vida como si fuera el mejor. Eso no es arrogancia, es presi\u00f3n. <\/b>Yo me exijo, me cuido, me preparo porque quiero que la gente sienta que hago las cosas al nivel m\u00e1s alto\u201d, mencion\u00f3 Eduardo Luis.<\/p>\n<p><span class=\"articulo-subtitulo subtitulo2 espacio-contenido cnx-companion-subtitle\" id=\"p259504-m438-6-439\">Pelea entre RCN y Caracol por rating de Selecci\u00f3n Colombia<\/span><\/p>\n<p class=\"texto contenido-parrafo-articulo cnx-companion-paragraph\" id=\"p259504-m444-7-445\">Con respecto a la superioridad de Gol Caracol a RCN en partidos de Selecci\u00f3n Colombia, acept\u00f3 que est\u00e1n lejos y record\u00f3 lo vivido en Copa Am\u00e9rica 2016 donde tuvo un mazazo como narrador.<\/p>\n<p>\u201cEl rating, seg\u00fan IBOPE estamos mal. Uno debe aprender de las victorias y derrotas. En Copa Am\u00e9rica 2016 fue un desastre porque cre\u00eda que pod\u00eda dar, pero la \u2018pela\u2019 fue impresionante\u201d, dijo Eduardo Luis.<\/p>\n<p>Con respecto, a la mejor\u00eda, cont\u00f3 que es el gran reto profesional que tiene de derrotar a Caracol, aunque saben que los sistemas de medici\u00f3n deben mejorar y no solo tomar en cuenta televisores.<\/p>\n<p>\u201cAceptamos que no es f\u00e1cil porque peleamos contra un monstruo, pero tengo la ilusi\u00f3n y va ser el proceso m\u00e1s lento de nuestras carreras, pero es el reto que tengo. Creo en el sistema de medici\u00f3n es muy antigua y no se debe tomar como la \u00fanica verdad. Tengo claro que estamos lejos y tal vez la diferencia es m\u00e1s grande, pero no lo sabemos. Debe haber otra manera de medir\u201d, finaliz\u00f3 Eduardo Luis.<\/p>\n<\/div>\n\n","protected":false},"excerpt":{"rendered":"<p>Eduardo Luis y Javier Fern\u00e1ndez han sostenido una importante guerra por demostrar qui\u00e9n es el mejor narrador del f\u00fatbol colombiano y Selecci\u00f3n Colombia en estos \u00faltimos a\u00f1os, pero ante la salida del \u2018Cantante del gol\u2019 de RCN, cada uno ha expresado sus m\u00e1s sinceros sentimientos con respecto al trabajo realizado. Claramente, cada uno ha defendido &hellip;<\/p>\n","protected":false},"author":1,"featured_media":52329,"comment_status":"open","ping_status":"open","sticky":false,"template":"","format":"standard","meta":{"fifu_image_url":"https:\/\/www.futbolred.com\/files\/og_thumbnail\/uploads\/2023\/11\/20\/655c3021c102f.jpeg","fifu_image_alt":"","footnotes":""},"categories":[6],"tags":[],"class_list":["post-52327","post","type-post","status-publish","format-standard","has-post-thumbnail","","category-deportes"],"_links":{"self":[{"href":"https:\/\/noticiasveraces.com\/index.php?rest_route=\/wp\/v2\/posts\/52327","targetHints":{"allow":["GET"]}}],"collection":[{"href":"https:\/\/noticiasveraces.com\/index.php?rest_route=\/wp\/v2\/posts"}],"about":[{"href":"https:\/\/noticiasveraces.com\/index.php?rest_route=\/wp\/v2\/types\/post"}],"author":[{"embeddable":true,"href":"https:\/\/noticiasveraces.com\/index.php?rest_route=\/wp\/v2\/users\/1"}],"replies":[{"embeddable":true,"href":"https:\/\/noticiasveraces.com\/index.php?rest_route=%2Fwp%2Fv2%2Fcomments&post=52327"}],"version-history":[{"count":0,"href":"https:\/\/noticiasveraces.com\/index.php?rest_route=\/wp\/v2\/posts\/52327\/revisions"}],"wp:featuredmedia":[{"embeddable":true,"href":"https:\/\/noticiasveraces.com\/index.php?rest_route=\/wp\/v2\/media\/52329"}],"wp:attachment":[{"href":"https:\/\/noticiasveraces.com\/index.php?rest_route=%2Fwp%2Fv2%2Fmedia&parent=52327"}],"wp:term":[{"taxonomy":"category","embeddable":true,"href":"https:\/\/noticiasveraces.com\/index.php?rest_route=%2Fwp%2Fv2%2Fcategories&post=52327"},{"taxonomy":"post_tag","embeddable":true,"href":"https:\/\/noticiasveraces.com\/index.php?rest_route=%2Fwp%2Fv2%2Ftags&post=52327"}],"curies":[{"name":"wp","href":"https:\/\/api.w.org\/{rel}","templated":true}]}}