{"id":52322,"date":"2025-12-03T09:26:38","date_gmt":"2025-12-03T13:26:38","guid":{"rendered":"https:\/\/noticiasveraces.com\/?p=52322"},"modified":"2025-12-03T09:26:38","modified_gmt":"2025-12-03T13:26:38","slug":"exjefa-de-la-diplomacia-de-la-ue-federica-mogherini-imputada-por-corrupcion","status":"publish","type":"post","link":"https:\/\/noticiasveraces.com\/?p=52322","title":{"rendered":"Exjefa de la diplomacia de la UE, Federica Mogherini, imputada por corrupci\u00f3n"},"content":{"rendered":"<p> \n<\/p>\n<div>\n<article>\n<div class=\"image-featured\">\n<img src=\"data:image\/png;base64,iVBORw0KGgoAAAANSUhEUgAABLAAAAMgAQAAAAAbm6avAAAAAnRSTlMAAHaTzTgAAACMSURBVHja7cExAQAAAMKg9U9tB2+gAAAAAAAAAAAAAAAAAAAAAAAAAAAAAAAAAAAAAAAAAAAAAAAAAAAAAAAAAAAAAAAAAAAAAAAAAAAAAAAAAAAAAAAAAAAAAAAAAAAAAAAAAAAAAAAAAAAAAAAAAAAAAAAAAAAAAAAAAAAAAAAAAAAAAAAAAAAAPgPX7wABGnGBnwAAAABJRU5ErkJggg==\" alt=\"La exjefa de la diplomacia de la UE Mogherini, imputada por corrupci\u00f3n\" data-src=\"https:\/\/elnacional-uploads.nyc3.digitaloceanspaces.com\/wp-content\/uploads\/2025\/12\/03084219\/33e61ab02476aa7bcaf848e7ea644c1f2c251725.jpg\" decoding=\"async\" class=\"lazyload\" data-eio-rwidth=\"1200\" data-eio-rheight=\"800\"\/><img decoding=\"async\" src=\"https:\/\/elnacional-uploads.nyc3.digitaloceanspaces.com\/wp-content\/uploads\/2025\/12\/03084219\/33e61ab02476aa7bcaf848e7ea644c1f2c251725.jpg\" alt=\"La exjefa de la diplomacia de la UE Mogherini, imputada por corrupci\u00f3n\" data-eio=\"l\"\/><figcaption>La rectora Federica Mogherini pronuncia un discurso durante la ceremonia de apertura del septuag\u00e9simo quinto a\u00f1o acad\u00e9mico del Colegio de Europa &#8211; Campus de Brujas, en Brujas, B\u00e9lgica, el 28 de octubre de 2024 |<br \/>\nEFE\/EPA\/Olivier Matthys<\/figcaption><\/div>\n<p>La ex alta representante de la Pol\u00edtica Exterior de la UE Federica Mogherini y otros dos detenidos en la v\u00edspera han sido imputados este mi\u00e9rcoles por la fiscal\u00eda europea dentro de su investigaci\u00f3n por supuesto fraude y corrupci\u00f3n en la contrataci\u00f3n p\u00fablica, entre otros delitos relacionados con una formaci\u00f3n financiada por la Uni\u00f3n Europea para j\u00f3venes diplom\u00e1ticos.<\/p>\n<p>En un comunicado, la Fiscal\u00eda Europea contra el Fraude (EPPO) indic\u00f3 que las tres personas detenidas han sido puestas en libertad al no detectarse riesgo de fuga.<\/p>\n<p>La Polic\u00eda Federal belga realiz\u00f3 este martes registros en varios edificios del Colegio de Europa en Brujas, en el Servicio Europeo de Acci\u00f3n Exterior en Bruselas y en los domicilios de los sospechosos por un supuesto fraude en la academia diplom\u00e1tica de la Uni\u00f3n Europea que durante el curso acad\u00e9mico 2021-2022 organiz\u00f3 el Colegio de Europa de Brujas (B\u00e9lgica) mediante una licitaci\u00f3n.<\/p>\n<p>La investigaci\u00f3n se centra en si el Colegio de Europa, centro del que es rectora Mogherini, fue informado de antemano sobre los criterios de selecci\u00f3n del procedimiento de licitaci\u00f3n para este programa para j\u00f3venes diplom\u00e1ticos y ten\u00eda motivos suficientes para creer que se les adjudicar\u00eda antes de que el Servicio Europeo de Acci\u00f3n Exterior publicase el anuncio de licitaci\u00f3n.<\/p>\n<p>Adem\u00e1s de Mogherini, fueron detenidos el diplom\u00e1tico italiano Stefano Sannino, exsecretario general del Servicio Europeo de Acci\u00f3n Exterior (SEAE), durante esta etapa, seg\u00fan detalles publicados por los medios belgas, y un directivo del Colegio de Europa, que no ha sido identificado.<\/p>\n<p>La fiscal\u00eda se limit\u00f3 a anunciar la imputaci\u00f3n de \u00abla rectora y un alto cargo\u00bb del Colegio de Europa, as\u00ed como de un alto funcionario de la Comisi\u00f3n Europea, sin hacer p\u00fablicas las identidades de los imputados.<\/p>\n<p>La EPPO, una fiscal\u00eda independiente que investiga delitos contra los intereses financieros de la UE, precis\u00f3 que, de momento, no har\u00e1 p\u00fablicos m\u00e1s detalles de la investigaci\u00f3n para no comprometer su resultado y se\u00f1al\u00f3 la presunci\u00f3n de inocencia de los tres imputados.<\/p>\n<\/article>\n<\/div>\n\n","protected":false},"excerpt":{"rendered":"<p>La rectora Federica Mogherini pronuncia un discurso durante la ceremonia de apertura del septuag\u00e9simo quinto a\u00f1o acad\u00e9mico del Colegio de Europa &#8211; Campus de Brujas, en Brujas, B\u00e9lgica, el 28 de octubre de 2024 | EFE\/EPA\/Olivier Matthys La ex alta representante de la Pol\u00edtica Exterior de la UE Federica Mogherini y otros dos detenidos en &hellip;<\/p>\n","protected":false},"author":1,"featured_media":52324,"comment_status":"open","ping_status":"open","sticky":false,"template":"","format":"standard","meta":{"fifu_image_url":"https:\/\/elnacional-uploads.nyc3.digitaloceanspaces.com\/wp-content\/uploads\/2025\/12\/03084219\/33e61ab02476aa7bcaf848e7ea644c1f2c251725.jpg","fifu_image_alt":"","footnotes":""},"categories":[4],"tags":[],"class_list":["post-52322","post","type-post","status-publish","format-standard","has-post-thumbnail","","category-historias-destacadas"],"_links":{"self":[{"href":"https:\/\/noticiasveraces.com\/index.php?rest_route=\/wp\/v2\/posts\/52322","targetHints":{"allow":["GET"]}}],"collection":[{"href":"https:\/\/noticiasveraces.com\/index.php?rest_route=\/wp\/v2\/posts"}],"about":[{"href":"https:\/\/noticiasveraces.com\/index.php?rest_route=\/wp\/v2\/types\/post"}],"author":[{"embeddable":true,"href":"https:\/\/noticiasveraces.com\/index.php?rest_route=\/wp\/v2\/users\/1"}],"replies":[{"embeddable":true,"href":"https:\/\/noticiasveraces.com\/index.php?rest_route=%2Fwp%2Fv2%2Fcomments&post=52322"}],"version-history":[{"count":0,"href":"https:\/\/noticiasveraces.com\/index.php?rest_route=\/wp\/v2\/posts\/52322\/revisions"}],"wp:featuredmedia":[{"embeddable":true,"href":"https:\/\/noticiasveraces.com\/index.php?rest_route=\/wp\/v2\/media\/52324"}],"wp:attachment":[{"href":"https:\/\/noticiasveraces.com\/index.php?rest_route=%2Fwp%2Fv2%2Fmedia&parent=52322"}],"wp:term":[{"taxonomy":"category","embeddable":true,"href":"https:\/\/noticiasveraces.com\/index.php?rest_route=%2Fwp%2Fv2%2Fcategories&post=52322"},{"taxonomy":"post_tag","embeddable":true,"href":"https:\/\/noticiasveraces.com\/index.php?rest_route=%2Fwp%2Fv2%2Ftags&post=52322"}],"curies":[{"name":"wp","href":"https:\/\/api.w.org\/{rel}","templated":true}]}}