{"id":52313,"date":"2025-12-03T09:06:10","date_gmt":"2025-12-03T13:06:10","guid":{"rendered":"https:\/\/noticiasveraces.com\/?p=52313"},"modified":"2025-12-03T09:06:10","modified_gmt":"2025-12-03T13:06:10","slug":"la-ministra-de-sanidad-carga-contra-ayuso-por-el-escandalo-del-hospital-de-torrejon-este-es-el-modelo-del-pp-sociedad","status":"publish","type":"post","link":"https:\/\/noticiasveraces.com\/?p=52313","title":{"rendered":"La ministra de Sanidad carga contra Ayuso por el esc\u00e1ndalo del Hospital de Torrej\u00f3n: \u201cEste es el modelo del PP\u201d | Sociedad"},"content":{"rendered":"<p> \n<br \/><img decoding=\"async\" src=\"https:\/\/imagenes.elpais.com\/resizer\/v2\/KWXVTWRINZDVDFXGW4TEOX2CTU.jpg?auth=670a3bb13f12acb131c8c92e25d2bbbcee83c0ddd627e7606df5e83fb1b3f4d3\" \/><\/p>\n<div data-dtm-region=\"articulo_cuerpo\">\n<p class=\"\">La noticia publicada este mi\u00e9rcoles en EL PA\u00cdS en la que se desvela que Pablo Gallart, CEO de la empresa que gestiona el Hospital de Torrej\u00f3n de Ardoz, ha ordenado engrosar las listas de espera para maximizar los beneficios econ\u00f3micos, ha desatado un aluvi\u00f3n de cr\u00edticas de los partidos de izquierdas al modelo de gesti\u00f3n sanitaria de la Comunidad de Madrid. <\/p>\n<p class=\"\">La ministra de Sanidad, M\u00f3nica Garc\u00eda (Sumar), <a href=\"https:\/\/twitter.com\/Monica_Garcia_G?ref_src=twsrc%5Etfw%7Ctwcamp%5Etweetembed%7Ctwterm%5E1996129564917940461%7Ctwgr%5E7592c05d15db04bbe6d6161271932e3b856c9dcc%7Ctwcon%5Es1_&amp;ref_url=https%3A%2F%2Fprisa.arcpublishing.com%2Fcomposer%2Fstory%2Fv2%2Fnew%3Ftemplate%3D37e9a6f9-b2f2-4952-b697-50d02672804c\" target=\"_self\" rel=\"\" title=\"https:\/\/twitter.com\/Monica_Garcia_G?ref_src=twsrc%5Etfw%7Ctwcamp%5Etweetembed%7Ctwterm%5E1996129564917940461%7Ctwgr%5E7592c05d15db04bbe6d6161271932e3b856c9dcc%7Ctwcon%5Es1_&amp;ref_url=https%3A%2F%2Fprisa.arcpublishing.com%2Fcomposer%2Fstory%2Fv2%2Fnew%3Ftemplate%3D37e9a6f9-b2f2-4952-b697-50d02672804c\">ha cargado con dureza<\/a> contra la presidenta madrile\u00f1a, Isabel D\u00edaz Ayuso (PP), a la que ha acusado de poner \u201cel dinero por encima de las vidas\u201d y ha adelantado que M\u00e1s Madrid est\u00e1 preparando \u201cacciones legales\u201d contra el gobierno regional de Isabel D\u00edaz Ayuso. El portavoz del PSOE regional y ministro para la Transformaci\u00f3n Digital, \u00d3scar L\u00f3pez, ha asegurado que su partido tambi\u00e9n est\u00e1 barajando opciones legales para cargar contra el ejecutivo auton\u00f3mico y ha adelantado que pedir\u00e1 la comparecencia en la Asamblea de la consejera de Sanidad, Fatima Matute, para que rinda cuentas. <\/p>\n<div id=\"sum_twitter\" data-oembed-type=\"twitter\" class=\"a_em _df\">\n<blockquote class=\"twitter-tweet\">\n<p lang=\"es\" dir=\"ltr\">Este es el modelo sanitario del PP. Dejar la sanidad en manos de empresas que seleccionan a los pacientes priorizando los beneficios econ\u00f3micos. Los pacientes que no dan dinero,  los que \u201cperjudican a la privada\u201d, para la sanidad p\u00fablica mientras Ayuso la asfixia. El dinero por\u2026 <a href=\"https:\/\/t.co\/Bfkoxswon6\">pic.twitter.com\/Bfkoxswon6<\/a><\/p>\n<p>\u2014 M\u00f3nica Garc\u00eda (@Monica_Garcia_G) <a href=\"https:\/\/twitter.com\/Monica_Garcia_G\/status\/1996129564917940461?ref_src=twsrc%5Etfw\">3 de diciembre de 2025<\/a><\/p><\/blockquote>\n<\/div>\n<p class=\"\">Desde la Comunidad de Madrid defienden que el Servicio Madrile\u00f1o de Salud (Sermas) realiza \u201cuna gesti\u00f3n de las listas de espera transparente y eficaz\u201d y que los datos \u201cson publicados mensualmente en la web de la Comunidad de Madrid, tanto de los pacientes en lista de espera como de los tiempos de demora media\u201d. Aunque la presidenta Ayuso todav\u00eda no se ha pronunciado al respecto, s\u00ed lo ha hecho el portavoz del gobierno regional, Miguel \u00c1ngel Garc\u00eda. Seg\u00fan \u00e9l, la Consejer\u00eda de Sanidad est\u00e1 \u201cencima de todos\u201d los centros hospitalarios para que \u201cla atenci\u00f3n y la calidad sean excelentes\u201d sin importar que sean p\u00fablicos o privados. \u201cLos mejores hospitales de Europa se encuentran aqu\u00ed, en nuestra regi\u00f3n\u201d, ha a\u00f1adido.<\/p>\n<p class=\"\">El origen de la pol\u00e9mica est\u00e1 en unos audios revelados este mi\u00e9rcoles por EL PA\u00cdS que se grabaron en una reuni\u00f3n celebrada el pasado 25 de septiembre en la que se juntaron una veintena de mandos del Hospital de Torrej\u00f3n de Ardoz y del grupo sanitario Ribera, que lo gestiona. En ellos se escucha al CEO de la compa\u00f1\u00eda, Pablo Gallart, decir que hay que aumentar las listas de espera y seleccionar procedimientos rentables para aumentar el EBITDA [beneficio antes de intereses, impuestos, depreciaciones y amortizaciones] de empresa. \u201cEn Torrej\u00f3n en el a\u00f1o 22 y 23 decidimos como organizaci\u00f3n hacer un esfuerzo para bajar las listas de espera. Lo \u00fanico que pido es: desandemos el camino\u201d, dijo.<\/p>\n<p class=\"\">\u201cEs lo que llevamos denunciando desde hace tiempo\u201d, ha criticado la ministra de Sanidad desde Bruselas, donde se encuentra de viaje oficial. \u201cHay empresas privadas que se benefician de esa parasitaci\u00f3n p\u00fablico-privada en la cual hay empresas que priorizan los beneficios econ\u00f3micos por encima de la salud de los pacientes\u201d, continua. \u201cEste es el modelo del Partido Popular y, para que este modelo funcione, se necesita que los gobiernos del Partido Popular sean c\u00f3mplices de este modelo\u201d, remata.<\/p>\n<p class=\"\">Por su parte, la portavoz de M\u00e1s Madrid en la Asamblea regional, Manuela Bergerot, ha calificado a trav\u00e9s de su cuenta de X como \u201caterrador\u201d el audio de Pablo Gallart. \u201cSe trata de que estemos peor para que ellos ganen m\u00e1s\u201d, ha tuiteado.<\/p>\n<\/div>\n<p><script async src=\"https:\/\/platform.twitter.com\/widgets.js\" charset=\"utf-8\"><\/script><br \/>\n<br \/>\n","protected":false},"excerpt":{"rendered":"<p>La noticia publicada este mi\u00e9rcoles en EL PA\u00cdS en la que se desvela que Pablo Gallart, CEO de la empresa que gestiona el Hospital de Torrej\u00f3n de Ardoz, ha ordenado engrosar las listas de espera para maximizar los beneficios econ\u00f3micos, ha desatado un aluvi\u00f3n de cr\u00edticas de los partidos de izquierdas al modelo de gesti\u00f3n &hellip;<\/p>\n","protected":false},"author":1,"featured_media":52315,"comment_status":"open","ping_status":"open","sticky":false,"template":"","format":"standard","meta":{"fifu_image_url":"https:\/\/imagenes.elpais.com\/resizer\/v2\/KWXVTWRINZDVDFXGW4TEOX2CTU.jpg?auth=670a3bb13f12acb131c8c92e25d2bbbcee83c0ddd627e7606df5e83fb1b3f4d3&width=1200","fifu_image_alt":"","footnotes":""},"categories":[11],"tags":[],"class_list":["post-52313","post","type-post","status-publish","format-standard","has-post-thumbnail","","category-viaje"],"_links":{"self":[{"href":"https:\/\/noticiasveraces.com\/index.php?rest_route=\/wp\/v2\/posts\/52313","targetHints":{"allow":["GET"]}}],"collection":[{"href":"https:\/\/noticiasveraces.com\/index.php?rest_route=\/wp\/v2\/posts"}],"about":[{"href":"https:\/\/noticiasveraces.com\/index.php?rest_route=\/wp\/v2\/types\/post"}],"author":[{"embeddable":true,"href":"https:\/\/noticiasveraces.com\/index.php?rest_route=\/wp\/v2\/users\/1"}],"replies":[{"embeddable":true,"href":"https:\/\/noticiasveraces.com\/index.php?rest_route=%2Fwp%2Fv2%2Fcomments&post=52313"}],"version-history":[{"count":0,"href":"https:\/\/noticiasveraces.com\/index.php?rest_route=\/wp\/v2\/posts\/52313\/revisions"}],"wp:featuredmedia":[{"embeddable":true,"href":"https:\/\/noticiasveraces.com\/index.php?rest_route=\/wp\/v2\/media\/52315"}],"wp:attachment":[{"href":"https:\/\/noticiasveraces.com\/index.php?rest_route=%2Fwp%2Fv2%2Fmedia&parent=52313"}],"wp:term":[{"taxonomy":"category","embeddable":true,"href":"https:\/\/noticiasveraces.com\/index.php?rest_route=%2Fwp%2Fv2%2Fcategories&post=52313"},{"taxonomy":"post_tag","embeddable":true,"href":"https:\/\/noticiasveraces.com\/index.php?rest_route=%2Fwp%2Fv2%2Ftags&post=52313"}],"curies":[{"name":"wp","href":"https:\/\/api.w.org\/{rel}","templated":true}]}}