{"id":52311,"date":"2025-12-03T08:53:14","date_gmt":"2025-12-03T12:53:14","guid":{"rendered":"https:\/\/noticiasveraces.com\/?p=52311"},"modified":"2025-12-03T08:53:14","modified_gmt":"2025-12-03T12:53:14","slug":"la-hora-de-los-pueblos","status":"publish","type":"post","link":"https:\/\/noticiasveraces.com\/?p=52311","title":{"rendered":"La hora de los pueblos"},"content":{"rendered":"<p> \n<\/p>\n<div data-td-block-uid=\"tdi_110\">\n<div class=\"tdb-block-inner td-fix-index\">\n<p>El Programa Latinoam\u00e9rica la Hora de los Pueblos naci\u00f3 el 31 de octubre de 2018, en el seno del colectivo Caracas Insurgente, un grupo de trabajo preocupado por la formaci\u00f3n sociopol\u00edtica de la dirigencia comunal.<\/p>\n<p>Se materializ\u00f3 en Oyeven, emisora alternativa que en septiembre arribar\u00e1 a sus 10 a\u00f1os de transmisi\u00f3n ininterrumpida en la Gran Caracas. Agradecemos a su director, Francisco Tovar, quien con paciencia asumi\u00f3 la tarea de acompa\u00f1arnos y prepararnos en esta hermosa labor de hacer radio.<\/p>\n<p>La radio ha sido subestimada por las fuerzas y los gobiernos populares en su alcance y funci\u00f3n social. Si revisamos la historia reciente, resaltar\u00e1n las actuaciones de Radio Kawsachun Coca en Bolivia, que logr\u00f3 denunciar nacional e internacionalmente los cr\u00edmenes cometidos por el gobierno fascista durante las masacres de Sacaba y Senkata.<\/p>\n<p>Asimismo, el papel jugado por Radio Nacional de Venezuela durante el golpe el\u00e9ctrico de 2019. La radio se ha constituido en el medio de comunicaci\u00f3n m\u00e1s igualitario, puesto que llega a todos, incluso a aquellos que no tienen dinero para pagar megas y navegar por las redes, aquellos que a veces no tienen ni celular.<\/p>\n<p>Nos sentimos honrados y agradecidos por cada uno de los reconocimientos que nos han otorgado los compa\u00f1eros y compa\u00f1eras periodistas de dilatada experiencia que conforman el Movimiento Periodismo Necesario, un movimiento comprometido con el rescate de la \u00e9tica profesional y el compromiso con el pueblo.<\/p>\n<p>\u00abLa radio se ha constituido en el medio de comunicaci\u00f3n m\u00e1s igualitario, puesto que llega a todos, incluso a aquellos que no tienen dinero para pagar megas y navegar\u201d.<\/p>\n<\/div>\n<\/div>\n\n","protected":false},"excerpt":{"rendered":"<p>El Programa Latinoam\u00e9rica la Hora de los Pueblos naci\u00f3 el 31 de octubre de 2018, en el seno del colectivo Caracas Insurgente, un grupo de trabajo preocupado por la formaci\u00f3n sociopol\u00edtica de la dirigencia comunal. Se materializ\u00f3 en Oyeven, emisora alternativa que en septiembre arribar\u00e1 a sus 10 a\u00f1os de transmisi\u00f3n ininterrumpida en la Gran &hellip;<\/p>\n","protected":false},"author":1,"featured_media":52312,"comment_status":"open","ping_status":"open","sticky":false,"template":"","format":"standard","meta":{"fifu_image_url":"https:\/\/ultimasnoticias.com.ve\/wp-content\/uploads\/2025\/09\/WhatsApp-Image-2025-09-24-at-2.23.17-PM.jpeg","fifu_image_alt":"","footnotes":""},"categories":[13],"tags":[],"class_list":["post-52311","post","type-post","status-publish","format-standard","has-post-thumbnail","","category-mundo"],"_links":{"self":[{"href":"https:\/\/noticiasveraces.com\/index.php?rest_route=\/wp\/v2\/posts\/52311","targetHints":{"allow":["GET"]}}],"collection":[{"href":"https:\/\/noticiasveraces.com\/index.php?rest_route=\/wp\/v2\/posts"}],"about":[{"href":"https:\/\/noticiasveraces.com\/index.php?rest_route=\/wp\/v2\/types\/post"}],"author":[{"embeddable":true,"href":"https:\/\/noticiasveraces.com\/index.php?rest_route=\/wp\/v2\/users\/1"}],"replies":[{"embeddable":true,"href":"https:\/\/noticiasveraces.com\/index.php?rest_route=%2Fwp%2Fv2%2Fcomments&post=52311"}],"version-history":[{"count":0,"href":"https:\/\/noticiasveraces.com\/index.php?rest_route=\/wp\/v2\/posts\/52311\/revisions"}],"wp:featuredmedia":[{"embeddable":true,"href":"https:\/\/noticiasveraces.com\/index.php?rest_route=\/wp\/v2\/media\/52312"}],"wp:attachment":[{"href":"https:\/\/noticiasveraces.com\/index.php?rest_route=%2Fwp%2Fv2%2Fmedia&parent=52311"}],"wp:term":[{"taxonomy":"category","embeddable":true,"href":"https:\/\/noticiasveraces.com\/index.php?rest_route=%2Fwp%2Fv2%2Fcategories&post=52311"},{"taxonomy":"post_tag","embeddable":true,"href":"https:\/\/noticiasveraces.com\/index.php?rest_route=%2Fwp%2Fv2%2Ftags&post=52311"}],"curies":[{"name":"wp","href":"https:\/\/api.w.org\/{rel}","templated":true}]}}