{"id":52301,"date":"2025-12-03T04:46:54","date_gmt":"2025-12-03T08:46:54","guid":{"rendered":"https:\/\/noticiasveraces.com\/?p=52301"},"modified":"2025-12-03T04:46:54","modified_gmt":"2025-12-03T08:46:54","slug":"fp11-j-2025-001892-correo-del-caroni","status":"publish","type":"post","link":"https:\/\/noticiasveraces.com\/?p=52301","title":{"rendered":"FP11-J-2025-001892 \u2013 Correo del Caron\u00ed"},"content":{"rendered":"<p> \n<\/p>\n<div data-id=\"32b8dfe8\" data-element_type=\"widget\" id=\"texto\" data-widget_type=\"theme-post-content.default\">\n<div class=\"elementor-widget-container\">\n<p class=\"has-text-align-center has-black-color has-text-color has-link-color wp-elements-abe285bd3211bfadfd347fe5842aa020\"><strong>REP\u00daBLICA BOLIVARIANA DE VENEZUELA<\/strong><\/p>\n<figure class=\"wp-block-image aligncenter size-full is-resized\"><img fetchpriority=\"high\" decoding=\"async\" width=\"1000\" height=\"1081\" alt=\"\" class=\"wp-image-43040 ewww_webp\" style=\"width:140px;height:auto\" src-img=\"https:\/\/correodelcaroni.com\/wp-content\/uploads\/2021\/07\/Escudo_de_Armas_de_Venezuela_2006.png\" src-webp=\"https:\/\/correodelcaroni.com\/wp-content\/uploads\/2021\/07\/Escudo_de_Armas_de_Venezuela_2006.png.webp\" data-eio=\"j\"\/><img fetchpriority=\"high\" decoding=\"async\" width=\"1000\" height=\"1081\" src=\"https:\/\/correodelcaroni.com\/wp-content\/uploads\/2021\/07\/Escudo_de_Armas_de_Venezuela_2006.png\" alt=\"\" class=\"wp-image-43040\" style=\"width:140px;height:auto\"\/><\/figure>\n<p class=\"has-text-align-center has-black-color has-text-color has-link-color wp-elements-adace7152680f6f1e8c56449708b3142\"><strong>PODER JUDICIAL<\/strong><\/p>\n<p class=\"has-text-align-center has-black-color has-text-color has-link-color wp-elements-45971dffbb641973eb4130e913c9f8be\"><strong>Tribunal de Mediaci\u00f3n, Sustanciaci\u00f3n Y Ejecuci\u00f3n de Protecci\u00f3n de Ni\u00f1os, Ni\u00f1as y Adolescentes del Circuito Judicial del Estado Bol\u00edvar, Sede Puerto Ordaz<\/strong><\/p>\n<p class=\"has-text-align-center has-black-color has-text-color has-link-color wp-elements-5b3c53bfe1c22fcef38c0d7accec34a1\"><strong>Puerto Ordaz, veinticuatro (24) de Noviembre de dos mil veinticinco (2025)<\/strong><\/p>\n<p class=\"has-text-align-center has-black-color has-text-color has-link-color wp-elements-6f2430111a3b9efde95c040b7850602a\"><strong>A\u00f1os: 215\u00b0 y 166\u00b0<\/strong><\/p>\n<p class=\"has-black-color has-text-color has-link-color wp-elements-a8a924834b05bdfcbcd63ed2b27a231a\">SUPUESTO PRINCIPAL: FP11-J-2025-001892<\/p>\n<p class=\"has-black-color has-text-color has-link-color wp-elements-3405a15b0ea25f3b8800167b0876bca3\">APARTAMENTO : FP11-J-2025-001892<\/p>\n<p class=\"has-text-align-center has-black-color has-text-color has-link-color has-medium-font-size wp-elements-3be5873a3a5b1c771896894a585f33c7\"><strong><br \/>CARTEL UNICO DE NOTIFICACION<\/strong><\/p>\n<p class=\"has-text-align-center has-black-color has-text-color has-link-color wp-elements-54f694e506086466ad0595a36ab087fb\"><strong>Se le hace saber:<\/strong><\/p>\n<p class=\"has-black-color has-text-color has-link-color wp-elements-1ee4d867f5ca5a38b7e5f565c1f50d99\">Que con motivo de la Solicitud de <strong>RECTIFICACION DE PARTIDA DE NACIMIENTO<\/strong>presentada por la ciudadana <strong>MAR\u00cdA ISABEL DE FREITAS DE ABREU<\/strong>Venezolana, mayor de edad, titular de la cedula de identidad N\u00ba V-11.519.765, representante legal del ni\u00f1o (<strong>identidad omitida en virtud de lo dispuesto en el art\u00edculo 65 de la Ley Org\u00e1nica para la Protecci\u00f3n de Ni\u00f1os, Ni\u00f1as y Adolescentes<\/strong>), por ante este Tribunal se ha acordado la Publicaci\u00f3n del presente CARTEL conforme al Art\u00edculo 461 de la Ley Org\u00e1nica para la Protecci\u00f3n de Ni\u00f1os, Ni\u00f1as y Adolescentes, a toda persona que tenga inter\u00e9s directo y manifiesto en la presente solicitud y puedan verse afectados sus derechos en la misma, a fin de que comparezcan a la Audiencia Preliminar, para formular sus oposiciones y defensas que ha bien tengan, en la referida audiencia, y que la Audiencia se proceder\u00e1 a fijar una vez conste en auto la notificaci\u00f3n del Fiscal del Ministerio Publico, y la constancia efectuada por el secretario en el presente juicio.-<\/p>\n<p class=\"has-black-color has-text-color has-link-color wp-elements-661f3a6ab5b4a8cb89992a32e634792e\">El presente cartel deber\u00e1 ser publicado en un diario de circulaci\u00f3n nacional y\/o local, de conformidad con lo dispuesto en el Art\u00edculo 516 en concordancia con el art\u00edculo 461 de la Ley Org\u00e1nica para la protecci\u00f3n de Ni\u00f1os, Ni\u00f1as y Adolescentes.<\/p>\n<p class=\"has-text-align-center has-black-color has-text-color has-link-color wp-elements-051816b5b61466af9f1f7e4bcdc40967\">DIOS Y FEDERACI\u00d3N<\/p>\n<p>(FDO. Y SELLADO)<\/p>\n<p class=\"has-text-align-center has-black-color has-text-color has-link-color wp-elements-191291fcee6e6ca0d010873ff42fec8b\"><strong>ABG. CARLOS GABRIEL CORONEL<\/strong><\/p>\n<p class=\"has-text-align-center has-black-color has-text-color has-link-color wp-elements-d62404338f1cae7eea17fcbf40962f45\">Juez Provisorio del Tribunal Segundo de Primera Instancia de Mediaci\u00f3n,<br \/>Sustanciaci\u00f3n, Ejecuci\u00f3n y R\u00e9gimen Procesal Transitorio.-<\/p>\n<p><iframe style=\"border: 0px none #ffffff;\" name=\"myiFrame\" width=\"800px\" height=\"650px\" marginwidth=\"0\" marginheight=\"0\" scrolling=\"no\" data-src=\"https:\/\/correodelcaroni.com\/wp-content\/uploads\/2025\/12\/Cartel_FP11J2025001892_Web.pdf\" class=\"lazyload\"><\/iframe><\/p>\n<\/p><\/div>\n<\/p><\/div>\n\n","protected":false},"excerpt":{"rendered":"<p>REP\u00daBLICA BOLIVARIANA DE VENEZUELA PODER JUDICIAL Tribunal de Mediaci\u00f3n, Sustanciaci\u00f3n Y Ejecuci\u00f3n de Protecci\u00f3n de Ni\u00f1os, Ni\u00f1as y Adolescentes del Circuito Judicial del Estado Bol\u00edvar, Sede Puerto Ordaz Puerto Ordaz, veinticuatro (24) de Noviembre de dos mil veinticinco (2025) A\u00f1os: 215\u00b0 y 166\u00b0 SUPUESTO PRINCIPAL: FP11-J-2025-001892 APARTAMENTO : FP11-J-2025-001892 CARTEL UNICO DE NOTIFICACION Se le &hellip;<\/p>\n","protected":false},"author":1,"featured_media":52303,"comment_status":"open","ping_status":"open","sticky":false,"template":"","format":"standard","meta":{"fifu_image_url":"https:\/\/correodelcaroni.com\/wp-content\/uploads\/2023\/12\/Imagen-Cartel-2.jpg","fifu_image_alt":"","footnotes":""},"categories":[13],"tags":[],"class_list":["post-52301","post","type-post","status-publish","format-standard","has-post-thumbnail","","category-mundo"],"_links":{"self":[{"href":"https:\/\/noticiasveraces.com\/index.php?rest_route=\/wp\/v2\/posts\/52301","targetHints":{"allow":["GET"]}}],"collection":[{"href":"https:\/\/noticiasveraces.com\/index.php?rest_route=\/wp\/v2\/posts"}],"about":[{"href":"https:\/\/noticiasveraces.com\/index.php?rest_route=\/wp\/v2\/types\/post"}],"author":[{"embeddable":true,"href":"https:\/\/noticiasveraces.com\/index.php?rest_route=\/wp\/v2\/users\/1"}],"replies":[{"embeddable":true,"href":"https:\/\/noticiasveraces.com\/index.php?rest_route=%2Fwp%2Fv2%2Fcomments&post=52301"}],"version-history":[{"count":0,"href":"https:\/\/noticiasveraces.com\/index.php?rest_route=\/wp\/v2\/posts\/52301\/revisions"}],"wp:featuredmedia":[{"embeddable":true,"href":"https:\/\/noticiasveraces.com\/index.php?rest_route=\/wp\/v2\/media\/52303"}],"wp:attachment":[{"href":"https:\/\/noticiasveraces.com\/index.php?rest_route=%2Fwp%2Fv2%2Fmedia&parent=52301"}],"wp:term":[{"taxonomy":"category","embeddable":true,"href":"https:\/\/noticiasveraces.com\/index.php?rest_route=%2Fwp%2Fv2%2Fcategories&post=52301"},{"taxonomy":"post_tag","embeddable":true,"href":"https:\/\/noticiasveraces.com\/index.php?rest_route=%2Fwp%2Fv2%2Ftags&post=52301"}],"curies":[{"name":"wp","href":"https:\/\/api.w.org\/{rel}","templated":true}]}}