{"id":52211,"date":"2025-12-02T14:03:01","date_gmt":"2025-12-02T18:03:01","guid":{"rendered":"https:\/\/noticiasveraces.com\/?p=52211"},"modified":"2025-12-02T14:03:01","modified_gmt":"2025-12-02T18:03:01","slug":"el-gobierno-venezolano-autorizo-reanudar-vuelos-para-repatriar-a-migrantes-desde-ee-uu","status":"publish","type":"post","link":"https:\/\/noticiasveraces.com\/?p=52211","title":{"rendered":"El gobierno venezolano autoriz\u00f3 reanudar vuelos para repatriar a migrantes desde EE UU"},"content":{"rendered":"<p> \n<\/p>\n<div>\n<p><strong>El gobierno de Nicol\u00e1s Maduro autoriz\u00f3 reanudar los vuelos de repatriaci\u00f3n de migrantes venezolanos operados por la compa\u00f1\u00eda estadounidense Eastern Airlines<\/strong>tras recibir una solicitud de la administraci\u00f3n de Donald Trump, inform\u00f3 este martes el Ministerio de Transporte de Venezuela.<\/p>\n<p>En un comunicado publicado en Instagram, la cartera de Estado comunic\u00f3 que la autorizaci\u00f3n se dio <strong>\u201cpor instrucciones\u201d<\/strong> del presidente Maduro y que se aplica a los vuelos que cubren la ruta desde Phoenix, Arizona (EE UU), hacia el aeropuerto internacional de Maiquet\u00eda, que sirve a Caracas.<\/p>\n<p>En consecuencia, indic\u00f3, los vuelos tienen autorizaci\u00f3n para ingresar al espacio a\u00e9reo venezolano <strong>\u201ccomo de manera peri\u00f3dica semanal ha venido ocurriendo los d\u00edas mi\u00e9rcoles y viernes\u201d<\/strong>desde que ambos gobiernos acordaron la repatriaci\u00f3n de migrantes en enero de este a\u00f1o.<\/p>\n<figure class=\"wp-block-image size-full\"><picture fetchpriority=\"high\" decoding=\"async\" class=\"wp-image-818069\"><source type=\"image\/webp\" srcset=\"https:\/\/eldiario.com\/wp-content\/uploads\/2025\/09\/Ruedas-de-avion-Pixabay-1.jpg.webp 1600w, https:\/\/eldiario.com\/wp-content\/uploads\/2025\/09\/Ruedas-de-avion-Pixabay-1-300x200.jpg.webp 300w, https:\/\/eldiario.com\/wp-content\/uploads\/2025\/09\/Ruedas-de-avion-Pixabay-1-1200x800.jpg.webp 1200w, https:\/\/eldiario.com\/wp-content\/uploads\/2025\/09\/Ruedas-de-avion-Pixabay-1-768x512.jpg.webp 768w, https:\/\/eldiario.com\/wp-content\/uploads\/2025\/09\/Ruedas-de-avion-Pixabay-1-1536x1023.jpg.webp 1536w, https:\/\/eldiario.com\/wp-content\/uploads\/2025\/09\/Ruedas-de-avion-Pixabay-1-330x220.jpg.webp 330w, https:\/\/eldiario.com\/wp-content\/uploads\/2025\/09\/Ruedas-de-avion-Pixabay-1-420x280.jpg.webp 420w, https:\/\/eldiario.com\/wp-content\/uploads\/2025\/09\/Ruedas-de-avion-Pixabay-1-615x410.jpg.webp 615w, https:\/\/eldiario.com\/wp-content\/uploads\/2025\/09\/Ruedas-de-avion-Pixabay-1-860x573.jpg.webp 860w, https:\/\/eldiario.com\/wp-content\/uploads\/2025\/09\/Ruedas-de-avion-Pixabay-1-150x100.jpg.webp 150w\" sizes=\"(max-width: 1600px) 100vw, 1600px\"\/><img fetchpriority=\"high\" decoding=\"async\" width=\"1600\" height=\"1066\" src=\"https:\/\/eldiario.com\/wp-content\/uploads\/2025\/09\/Ruedas-de-avion-Pixabay-1.jpg\" alt=\"Un adolescente sobrevivi\u00f3 a un vuelo de Afganist\u00e1n a India oculto en el compartimento de las ruedas del avi\u00f3n\" srcset=\"https:\/\/eldiario.com\/wp-content\/uploads\/2025\/09\/Ruedas-de-avion-Pixabay-1.jpg 1600w, https:\/\/eldiario.com\/wp-content\/uploads\/2025\/09\/Ruedas-de-avion-Pixabay-1-300x200.jpg 300w, https:\/\/eldiario.com\/wp-content\/uploads\/2025\/09\/Ruedas-de-avion-Pixabay-1-1200x800.jpg 1200w, https:\/\/eldiario.com\/wp-content\/uploads\/2025\/09\/Ruedas-de-avion-Pixabay-1-768x512.jpg 768w, https:\/\/eldiario.com\/wp-content\/uploads\/2025\/09\/Ruedas-de-avion-Pixabay-1-1536x1023.jpg 1536w, https:\/\/eldiario.com\/wp-content\/uploads\/2025\/09\/Ruedas-de-avion-Pixabay-1-330x220.jpg 330w, https:\/\/eldiario.com\/wp-content\/uploads\/2025\/09\/Ruedas-de-avion-Pixabay-1-420x280.jpg 420w, https:\/\/eldiario.com\/wp-content\/uploads\/2025\/09\/Ruedas-de-avion-Pixabay-1-615x410.jpg 615w, https:\/\/eldiario.com\/wp-content\/uploads\/2025\/09\/Ruedas-de-avion-Pixabay-1-860x573.jpg 860w, https:\/\/eldiario.com\/wp-content\/uploads\/2025\/09\/Ruedas-de-avion-Pixabay-1-150x100.jpg 150w\" sizes=\"(max-width: 1600px) 100vw, 1600px\"\/>\n<\/picture><figcaption class=\"wp-element-caption\">Imagen referencial | Foto: Pixabay <\/figcaption><\/figure>\n<p>El s\u00e1bado, Venezuela hab\u00eda afirmado que Estados Unidos suspendi\u00f3 <strong>\u201cde manera unilateral, los vuelos de migrantes venezolanos\u201d<\/strong>despu\u00e9s de que Trump advirtiera que el espacio a\u00e9reo del pa\u00eds suramericano deb\u00eda considerarse <strong>\u201ccerrado en su totalidad\u201d<\/strong>un mensaje que Caracas repudi\u00f3 <strong>\u201ccon absoluta contundencia\u201d<\/strong>.<\/p>\n<p><strong>\u201cNinguna autoridad ajena a la institucionalidad venezolana tiene facultad para interferir, bloquear o condicionar el uso del espacio a\u00e9reo nacional\u201d<\/strong>afirm\u00f3 el gobierno venezolano, en un comunicado difundido entonces por la Canciller\u00eda en Caracas.<\/p>\n<h2 class=\"wp-block-heading\" id=\"h-tensiones-entre-washington-y-caracas\"><strong>Tensiones entre Washington y Caracas<\/strong><\/h2>\n<p>Estos intercambios ocurren <strong>en medio de las crecientes tensiones entre Washington y Caracas,<\/strong> tras el despliegue militar estadounidense en el Caribe, defendido por la Casa Blanca como parte de su estrategia contra las drogas procedentes de Latinoam\u00e9rica, pero que la administraci\u00f3n venezolana tacha de <strong>\u201camenaza\u201d<\/strong> e intento de propiciar un cambio de r\u00e9gimen.<\/p>\n<figure class=\"wp-block-image size-large\"><picture decoding=\"async\" class=\"wp-image-724761\"><source type=\"image\/webp\" srcset=\"https:\/\/eldiario.com\/wp-content\/uploads\/2024\/09\/Avion-vuelos-Pixabay-1200x757.jpg.webp 1200w, https:\/\/eldiario.com\/wp-content\/uploads\/2024\/09\/Avion-vuelos-Pixabay-300x189.jpg.webp 300w, https:\/\/eldiario.com\/wp-content\/uploads\/2024\/09\/Avion-vuelos-Pixabay-768x484.jpg.webp 768w, https:\/\/eldiario.com\/wp-content\/uploads\/2024\/09\/Avion-vuelos-Pixabay-1536x969.jpg.webp 1536w, https:\/\/eldiario.com\/wp-content\/uploads\/2024\/09\/Avion-vuelos-Pixabay-150x95.jpg.webp 150w, https:\/\/eldiario.com\/wp-content\/uploads\/2024\/09\/Avion-vuelos-Pixabay.jpg.webp 1600w\" sizes=\"(max-width: 1200px) 100vw, 1200px\"\/><img loading=\"lazy\" decoding=\"async\" width=\"1200\" height=\"757\" src=\"https:\/\/eldiario.com\/wp-content\/uploads\/2024\/09\/Avion-vuelos-Pixabay-1200x757.jpg\" alt=\"En claves: cu\u00e1l es el impacto social y econ\u00f3mico de la suspensi\u00f3n de los vuelos entre Venezuela y Chile\" srcset=\"https:\/\/eldiario.com\/wp-content\/uploads\/2024\/09\/Avion-vuelos-Pixabay-1200x757.jpg 1200w, https:\/\/eldiario.com\/wp-content\/uploads\/2024\/09\/Avion-vuelos-Pixabay-300x189.jpg 300w, https:\/\/eldiario.com\/wp-content\/uploads\/2024\/09\/Avion-vuelos-Pixabay-768x484.jpg 768w, https:\/\/eldiario.com\/wp-content\/uploads\/2024\/09\/Avion-vuelos-Pixabay-1536x969.jpg 1536w, https:\/\/eldiario.com\/wp-content\/uploads\/2024\/09\/Avion-vuelos-Pixabay-150x95.jpg 150w, https:\/\/eldiario.com\/wp-content\/uploads\/2024\/09\/Avion-vuelos-Pixabay.jpg 1600w\" sizes=\"auto, (max-width: 1200px) 100vw, 1200px\"\/>\n<\/picture><figcaption class=\"wp-element-caption\">Foto: Pixabay <\/figcaption><\/figure>\n<p>El pasado 21 de noviembre la Administraci\u00f3n Federal de Aviaci\u00f3n (FAA) de EE UU inst\u00f3 a <strong>\u201cextremar la precauci\u00f3n\u201d<\/strong> al sobrevolar Venezuela y el sur del Caribe ante lo que considera <strong>\u201cuna situaci\u00f3n potencialmente peligrosa\u201d<\/strong> en la zona, lo que desat\u00f3 una ola de cancelaciones de vuelos desde y hacia el pa\u00eds suramericano.<\/p>\n<p>En respuesta, Venezuela revoc\u00f3 las concesiones de operaci\u00f3n a siete aerol\u00edneas internacionales, incluyendo este lunes a la espa\u00f1ola Plus Ultra.<\/p>\n<p><em>Este contenido incluye informaci\u00f3n suministrada por la Agencia EFE. Editado, verificado y contextualizado por el equipo editorial de <\/em><strong><em>El Diario<\/em><\/strong><em>. Conoce nuestra pol\u00edtica sobre el uso de contenidos de EFE <\/em><strong>aqu\u00ed<\/strong>.<\/p>\n<p><!-- CONTENT END 1 -->\n<\/div>\n<p><script async src=\"\/\/www.instagram.com\/embed.js\"><\/script><br \/>\n<br \/>\n","protected":false},"excerpt":{"rendered":"<p>El gobierno de Nicol\u00e1s Maduro autoriz\u00f3 reanudar los vuelos de repatriaci\u00f3n de migrantes venezolanos operados por la compa\u00f1\u00eda estadounidense Eastern Airlinestras recibir una solicitud de la administraci\u00f3n de Donald Trump, inform\u00f3 este martes el Ministerio de Transporte de Venezuela. En un comunicado publicado en Instagram, la cartera de Estado comunic\u00f3 que la autorizaci\u00f3n se dio &hellip;<\/p>\n","protected":false},"author":1,"featured_media":52213,"comment_status":"open","ping_status":"open","sticky":false,"template":"","format":"standard","meta":{"fifu_image_url":"https:\/\/eldiario.com\/wp-content\/uploads\/2024\/01\/Avion-imagen-sin-derechos-de-autor-Pixabay.jpg","fifu_image_alt":"","footnotes":""},"categories":[13],"tags":[],"class_list":["post-52211","post","type-post","status-publish","format-standard","has-post-thumbnail","","category-mundo"],"_links":{"self":[{"href":"https:\/\/noticiasveraces.com\/index.php?rest_route=\/wp\/v2\/posts\/52211","targetHints":{"allow":["GET"]}}],"collection":[{"href":"https:\/\/noticiasveraces.com\/index.php?rest_route=\/wp\/v2\/posts"}],"about":[{"href":"https:\/\/noticiasveraces.com\/index.php?rest_route=\/wp\/v2\/types\/post"}],"author":[{"embeddable":true,"href":"https:\/\/noticiasveraces.com\/index.php?rest_route=\/wp\/v2\/users\/1"}],"replies":[{"embeddable":true,"href":"https:\/\/noticiasveraces.com\/index.php?rest_route=%2Fwp%2Fv2%2Fcomments&post=52211"}],"version-history":[{"count":0,"href":"https:\/\/noticiasveraces.com\/index.php?rest_route=\/wp\/v2\/posts\/52211\/revisions"}],"wp:featuredmedia":[{"embeddable":true,"href":"https:\/\/noticiasveraces.com\/index.php?rest_route=\/wp\/v2\/media\/52213"}],"wp:attachment":[{"href":"https:\/\/noticiasveraces.com\/index.php?rest_route=%2Fwp%2Fv2%2Fmedia&parent=52211"}],"wp:term":[{"taxonomy":"category","embeddable":true,"href":"https:\/\/noticiasveraces.com\/index.php?rest_route=%2Fwp%2Fv2%2Fcategories&post=52211"},{"taxonomy":"post_tag","embeddable":true,"href":"https:\/\/noticiasveraces.com\/index.php?rest_route=%2Fwp%2Fv2%2Ftags&post=52211"}],"curies":[{"name":"wp","href":"https:\/\/api.w.org\/{rel}","templated":true}]}}