{"id":52188,"date":"2025-12-02T09:44:18","date_gmt":"2025-12-02T13:44:18","guid":{"rendered":"https:\/\/noticiasveraces.com\/?p=52188"},"modified":"2025-12-02T09:44:18","modified_gmt":"2025-12-02T13:44:18","slug":"apple-apaga-definitivamente-uno-de-sus-iphone-entra-a-la-lista-de-descontinuados-en-todo-el-mundo","status":"publish","type":"post","link":"https:\/\/noticiasveraces.com\/?p=52188","title":{"rendered":"Apple apaga definitivamente uno de sus iPhone: entra a la lista de \u00abdescontinuados en todo el mundo\u00bb"},"content":{"rendered":"<p> \n<\/p>\n<div>\n<p>\n\t\t\t<span rel=\"author\" class=\"fn\">con una esp\u00e1tula<\/span>\n\t\t<\/p>\n<p>\t\t<time class=\"entry-date published updated\" datetime=\"2025-12-02T09:29:11-04:00\">diciembre 02 2025, 9:29 am<\/time><br \/>\n\t\t<span class=\"spot-im-replies-count\" data-post-id=\"5842245\"\/><\/p>\n<figure id=\"attachment_5842252\" aria-describedby=\"caption-attachment-5842252\" style=\"width: 640px\" class=\"wp-caption alignnone\"><img fetchpriority=\"high\" decoding=\"async\" onerror=\"this.onerror=null;this.src=\" https:=\"\" class=\"wp-image-5842252\" src=\"https:\/\/sandia.datanubex.uk\/wp-content\/uploads\/2025\/12\/IMUKZCTSPFCMBHGXOCVCZNY7OY.avif\" alt=\"\" width=\"640\" height=\"360\"\/><figcaption id=\"caption-attachment-5842252\" class=\"wp-caption-text\">La marca retir\u00f3 definitivamente un iPhone de bajo costo de su servicio t\u00e9cnico. | Foto: Getty Images<\/figcaption><\/figure>\n<\/p>\n<\/p>\n<p><!-- Begin Mailchimp Signup Form --><\/p>\n<div id=\"mc_embed_signup\">\n<p><label for=\"mce-EMAIL\">            \u00a1\u00danete al club ahora! Suscr\u00edbete al bolet\u00edn m\u00e1s importante de Venezuela          <\/label><iframe data-test-id=\"beehiiv-embed\" height=\"52\" frameborder=\"0\" scrolling=\"no\" style=\"margin: 0; border-radius: 0px !important; &#10;&#9;&#9;background-color: transparent;\" data-src=\"https:\/\/embeds.beehiiv.com\/cdab9503-16ae-4689-ad4f-1408c727a83a?slim=true\" class=\"lazyload\"><\/iframe><\/p>\n<\/div>\n<p><!--End mc_embed_signup 2--><\/p>\n<p>Apple realiz\u00f3 un nuevo ajuste a su inventario hist\u00f3rico y a\u00f1adi\u00f3 varios dispositivos a la categor\u00eda de productos que quedan \u201cdescontinuados en todo el mundo\u201d, lo que significa que ya no recibir\u00e1n ayuda t\u00e9cnica ni reparaciones por parte de la marca.<\/p>\n<p><strong>Por Semana<\/strong><\/p>\n<p>Entre ellos aparece uno de los iPhone m\u00e1s econ\u00f3micos que llegaron al mercado, un modelo que marc\u00f3 a los usuarios por su tama\u00f1o compacto y por conservar el dise\u00f1o cl\u00e1sico que recordaba a generaciones anteriores.<\/p>\n<h2>El iPhone SE original se despide tras cumplir su ciclo<\/h2>\n<p>El equipo que entra oficialmente en la categor\u00eda de obsoleto es el iPhone SE de primera generaci\u00f3n, un tel\u00e9fono que debut\u00f3 el 21 de marzo de 2016 y que busc\u00f3 recuperar la esencia del iPhone 5s, pero con un coraz\u00f3n m\u00e1s moderno.<\/p>\n<p>Se trataba de un dispositivo diminuto comparado con los m\u00f3viles actuales: cuerpo de aluminio, bordes planos, acabado mate y un peso de apenas 113 gramos. Aquella \u201cEdici\u00f3n Especial\u201d, como lo suger\u00edan sus iniciales, se convirti\u00f3 en una alternativa para quienes prefer\u00edan tel\u00e9fonos peque\u00f1os y de precio contenido.<\/p>\n<p>El cambio de estatus era previsible. Desde que dej\u00f3 de fabricarse han pasado siete a\u00f1os, el tiempo que Apple suele utilizar como referencia para retirar completamente el soporte.<\/p>\n<p>Sus descendientes a\u00fan tienen recorrido por delante. El SE de segunda generaci\u00f3n, presentado en 2020 y retirado del mercado en 2022, reci\u00e9n alcanzar\u00e1 la categor\u00eda de obsoleto en 2029. La tercera versi\u00f3n, que desapareci\u00f3 del cat\u00e1logo este a\u00f1o tras la llegada del iPhone 16e, llegar\u00eda a esa instancia en 2032.<\/p>\n<p><strong>Para seguir leyendo, clic AQU\u00cd.<\/strong><\/p>\n<p><!-- CONTENT END 2 -->\n\t<\/div>\n\n","protected":false},"excerpt":{"rendered":"<p>con una esp\u00e1tula diciembre 02 2025, 9:29 am La marca retir\u00f3 definitivamente un iPhone de bajo costo de su servicio t\u00e9cnico. | Foto: Getty Images \u00a1\u00danete al club ahora! Suscr\u00edbete al bolet\u00edn m\u00e1s importante de Venezuela Apple realiz\u00f3 un nuevo ajuste a su inventario hist\u00f3rico y a\u00f1adi\u00f3 varios dispositivos a la categor\u00eda de productos que &hellip;<\/p>\n","protected":false},"author":1,"featured_media":52190,"comment_status":"open","ping_status":"open","sticky":false,"template":"","format":"standard","meta":{"fifu_image_url":"https:\/\/sandia.datanubex.uk\/wp-content\/uploads\/2025\/12\/IMUKZCTSPFCMBHGXOCVCZNY7OY.avif","fifu_image_alt":"","footnotes":""},"categories":[13],"tags":[],"class_list":["post-52188","post","type-post","status-publish","format-standard","has-post-thumbnail","","category-mundo"],"_links":{"self":[{"href":"https:\/\/noticiasveraces.com\/index.php?rest_route=\/wp\/v2\/posts\/52188","targetHints":{"allow":["GET"]}}],"collection":[{"href":"https:\/\/noticiasveraces.com\/index.php?rest_route=\/wp\/v2\/posts"}],"about":[{"href":"https:\/\/noticiasveraces.com\/index.php?rest_route=\/wp\/v2\/types\/post"}],"author":[{"embeddable":true,"href":"https:\/\/noticiasveraces.com\/index.php?rest_route=\/wp\/v2\/users\/1"}],"replies":[{"embeddable":true,"href":"https:\/\/noticiasveraces.com\/index.php?rest_route=%2Fwp%2Fv2%2Fcomments&post=52188"}],"version-history":[{"count":0,"href":"https:\/\/noticiasveraces.com\/index.php?rest_route=\/wp\/v2\/posts\/52188\/revisions"}],"wp:featuredmedia":[{"embeddable":true,"href":"https:\/\/noticiasveraces.com\/index.php?rest_route=\/wp\/v2\/media\/52190"}],"wp:attachment":[{"href":"https:\/\/noticiasveraces.com\/index.php?rest_route=%2Fwp%2Fv2%2Fmedia&parent=52188"}],"wp:term":[{"taxonomy":"category","embeddable":true,"href":"https:\/\/noticiasveraces.com\/index.php?rest_route=%2Fwp%2Fv2%2Fcategories&post=52188"},{"taxonomy":"post_tag","embeddable":true,"href":"https:\/\/noticiasveraces.com\/index.php?rest_route=%2Fwp%2Fv2%2Ftags&post=52188"}],"curies":[{"name":"wp","href":"https:\/\/api.w.org\/{rel}","templated":true}]}}