{"id":52125,"date":"2025-12-01T23:12:13","date_gmt":"2025-12-02T03:12:13","guid":{"rendered":"https:\/\/noticiasveraces.com\/?p=52125"},"modified":"2025-12-01T23:12:13","modified_gmt":"2025-12-02T03:12:13","slug":"vuelos-hacia-venezuela-cuales-conexiones-siguen-disponibles-el-diario-venezuela","status":"publish","type":"post","link":"https:\/\/noticiasveraces.com\/?p=52125","title":{"rendered":"Vuelos hacia Venezuela: \u00bfcu\u00e1les conexiones siguen disponibles? &#8211; El Diario Venezuela"},"content":{"rendered":"<p> \n<\/p>\n<div>\n<p>El Aeropuerto Internacional Sim\u00f3n Bol\u00edvar de Maiquet\u00eda, en La Guaira, principal terminal de Venezuela que sirve a Caracas, recibi\u00f3 el lunes 1\u00aa de diciembre varios vuelos procedentes de Colombia, Panam\u00e1 y Rusia, en medio de cancelaciones de varias aerol\u00edneas por las medidas anunciadas por el gobierno de Estados Unidos.<\/p>\n<p>Dos de los cuatro vuelos llegaron a Venezuela operados por la aerol\u00ednea paname\u00f1a Copa Airlines (desde Bogot\u00e1 y Ciudad de Panam\u00e1), uno por la venezolana Conviasa (San Petersburgo) y otro por la tambi\u00e9n nacional Laser (Bogot\u00e1), que tiene programado otro viaje a Curazao.<\/p>\n<p>De acuerdo con la informaci\u00f3n, la aerol\u00ednea venezolana Avior tiene una conexi\u00f3n programada desde la isla caribe\u00f1a y tambi\u00e9n desde la capital colombiana, mientras que Copa tiene un viaje agendado saliendo de Panam\u00e1, todos con destino a Caracas.<\/p>\n<p>En cuanto a las salidas desde Venezuela, un vuelo de Laser despeg\u00f3 hacia Bogot\u00e1, mientras que otro, programado para las 9:45 am con destino a Curazao, fue reprogramado para las 2:00 pm.<\/p>\n<p>Por su parte, una aeronave de Avior despeg\u00f3 con rumbo a Curazao y la aerol\u00ednea tiene prevista otra salida hacia Bogot\u00e1.<\/p>\n<p>Tambi\u00e9n un vuelo de Copa parti\u00f3 con retraso a la capital colombiana y en la programaci\u00f3n de la aerol\u00ednea est\u00e1n otros dos a Panam\u00e1. En pantalla hay un itinerario hacia La Habana y otro a Canc\u00fan a trav\u00e9s de la estatal venezolana Conviasa.<\/p>\n<p>Sin embargo, mientras estas operaciones se desarrollaban, varias dos aerol\u00edneas anunciaron nuevas suspensiones este lunes 1\u00b0 de diciembre: <\/p>\n<p>Laser inform\u00f3 que no podr\u00e1 operar sus vuelos del 3 de diciembre entre Caracas y Madrid \u2014rutas que realiza junto a Plus Ultra\u2014 en cumplimiento de la recomendaci\u00f3n de la Agencia Espa\u00f1ola de Seguridad A\u00e9rea (AESA) de no sobrevolar la FIR Maiquet\u00eda hasta el 31 de diciembre. <\/p>\n<p>Asimismo, Latam Colombia paraliz\u00f3 \u201chasta nuevo aviso\u201d su ruta Bogot\u00e1\u2013Caracas tras la suspensi\u00f3n de su permiso de operaci\u00f3n por parte del INAC, que el 26 de noviembre revoc\u00f3 concesiones a compa\u00f1\u00edas que no retomaron vuelos dentro del plazo de 48 horas otorgado por las autoridades.<\/p>\n<p>De esta forma, Conviasa mantiene abierta la \u00fanica salida directa a Europa desde Venezuela, en un escenario marcado por la cancelaci\u00f3n temporal de operaciones por parte de Iberia, Air Europa, TAP, Turkish Airlines, Plus Ultra, Latam Colombia, Avianca, Gol, Estelar y la propia Laser en su ruta a Madrid, luego del aviso de la FAA de \u201cextremar la precauci\u00f3n\u201d al sobrevolar Venezuela y el sur del Caribe.<\/p>\n<h2 class=\"wp-block-heading\" id=\"h-reportaron-caida-del-24-7-en-los-vuelos-internacionales\"><strong>Reportaron ca\u00edda del 24,7 % en los vuelos internacionales<\/strong><\/h2>\n<figure class=\"wp-block-image size-large\"><picture fetchpriority=\"high\" decoding=\"async\" class=\"wp-image-829620\"><source type=\"image\/webp\" sizes=\"(max-width: 1200px) 100vw, 1200px\" nitro-lazy-srcset=\"https:\/\/eldiario.com\/nitropack_static\/DWpklAePbJBFiBKvuTtiGMLbtJlHUqWt\/assets\/images\/optimized\/rev-a8dec8a\/eldiario.com\/wp-content\/uploads\/2025\/11\/suspension-de-vuelos-1200x900.jpg.webp 1200w, https:\/\/eldiario.com\/nitropack_static\/DWpklAePbJBFiBKvuTtiGMLbtJlHUqWt\/assets\/images\/optimized\/rev-a8dec8a\/eldiario.com\/wp-content\/uploads\/2025\/11\/suspension-de-vuelos-300x225.jpg.webp 300w, https:\/\/eldiario.com\/nitropack_static\/DWpklAePbJBFiBKvuTtiGMLbtJlHUqWt\/assets\/images\/optimized\/rev-a8dec8a\/eldiario.com\/wp-content\/uploads\/2025\/11\/suspension-de-vuelos-768x576.jpg.webp 768w, https:\/\/eldiario.com\/nitropack_static\/DWpklAePbJBFiBKvuTtiGMLbtJlHUqWt\/assets\/images\/optimized\/rev-a8dec8a\/eldiario.com\/wp-content\/uploads\/2025\/11\/suspension-de-vuelos-1536x1152.jpg.webp 1536w, https:\/\/eldiario.com\/nitropack_static\/DWpklAePbJBFiBKvuTtiGMLbtJlHUqWt\/assets\/images\/optimized\/rev-a8dec8a\/eldiario.com\/wp-content\/uploads\/2025\/11\/suspension-de-vuelos-860x645.jpg.webp 860w, https:\/\/eldiario.com\/nitropack_static\/DWpklAePbJBFiBKvuTtiGMLbtJlHUqWt\/assets\/images\/optimized\/rev-a8dec8a\/eldiario.com\/wp-content\/uploads\/2025\/11\/suspension-de-vuelos-150x113.jpg.webp 150w, https:\/\/eldiario.com\/nitropack_static\/DWpklAePbJBFiBKvuTtiGMLbtJlHUqWt\/assets\/images\/optimized\/rev-a8dec8a\/eldiario.com\/wp-content\/uploads\/2025\/11\/suspension-de-vuelos.jpg.webp 1600w\" nitro-lazy-empty=\"\" id=\"ODM5OjcxOQ==-1\" srcset=\"data:image\/svg+xml;nitro-empty-id=ODM5OjcxOQ==-1;base64,PHN2ZyB2aWV3Qm94PSIwIDAgMTIwMCA5MDAiIHdpZHRoPSIxMjAwIiBoZWlnaHQ9IjkwMCIgeG1sbnM9Imh0dHA6Ly93d3cudzMub3JnLzIwMDAvc3ZnIj48L3N2Zz4=\"\/><img fetchpriority=\"high\" width=\"1200\" height=\"900\" alt=\"Suspensi\u00f3n de vuelos internacionales hacia Venezuela impide reencuentros familiares\" sizes=\"(max-width: 1200px) 100vw, 1200px\" srcset=\"https:\/\/eldiario.com\/nitropack_static\/DWpklAePbJBFiBKvuTtiGMLbtJlHUqWt\/assets\/images\/optimized\/rev-a8dec8a\/eldiario.com\/wp-content\/uploads\/2025\/11\/suspension-de-vuelos-1200x900.jpg 1200w, https:\/\/eldiario.com\/nitropack_static\/DWpklAePbJBFiBKvuTtiGMLbtJlHUqWt\/assets\/images\/optimized\/rev-a8dec8a\/eldiario.com\/wp-content\/uploads\/2025\/11\/suspension-de-vuelos-300x225.jpg 300w, https:\/\/eldiario.com\/nitropack_static\/DWpklAePbJBFiBKvuTtiGMLbtJlHUqWt\/assets\/images\/optimized\/rev-a8dec8a\/eldiario.com\/wp-content\/uploads\/2025\/11\/suspension-de-vuelos-768x576.jpg 768w, https:\/\/eldiario.com\/nitropack_static\/DWpklAePbJBFiBKvuTtiGMLbtJlHUqWt\/assets\/images\/optimized\/rev-a8dec8a\/eldiario.com\/wp-content\/uploads\/2025\/11\/suspension-de-vuelos-1536x1152.jpg 1536w, https:\/\/eldiario.com\/nitropack_static\/DWpklAePbJBFiBKvuTtiGMLbtJlHUqWt\/assets\/images\/optimized\/rev-a8dec8a\/eldiario.com\/wp-content\/uploads\/2025\/11\/suspension-de-vuelos-860x645.jpg 860w, https:\/\/eldiario.com\/nitropack_static\/DWpklAePbJBFiBKvuTtiGMLbtJlHUqWt\/assets\/images\/optimized\/rev-a8dec8a\/eldiario.com\/wp-content\/uploads\/2025\/11\/suspension-de-vuelos-150x113.jpg 150w, https:\/\/eldiario.com\/nitropack_static\/DWpklAePbJBFiBKvuTtiGMLbtJlHUqWt\/assets\/images\/optimized\/rev-a8dec8a\/eldiario.com\/wp-content\/uploads\/2025\/11\/suspension-de-vuelos.jpg 1600w\" src=\"https:\/\/eldiario.com\/nitropack_static\/DWpklAePbJBFiBKvuTtiGMLbtJlHUqWt\/assets\/images\/optimized\/rev-a8dec8a\/eldiario.com\/wp-content\/uploads\/2025\/11\/suspension-de-vuelos-1200x900.jpg\" class=\"nitro-lazy\" decoding=\"async\" nitro-lazy-empty=\"\" id=\"ODQwOjkwNg==-1\"\/> <\/picture><figcaption class=\"wp-element-caption\">EFE\/Ronald Rock R<\/figcaption><\/figure>\n<p>El pasado 21 de noviembre, cinco d\u00edas despu\u00e9s de que EE UU anunciara la entrada en aguas del Caribe del portaaviones USS Gerald R. Ford, el m\u00e1s grande del mundo, la Administraci\u00f3n Federal de Aviaci\u00f3n (FAA) del pa\u00eds norteamericano inst\u00f3 a \u201cextremar la precauci\u00f3n\u201d al sobrevolar Venezuela y el sur del Caribe ante lo que considera \u201cuna situaci\u00f3n potencialmente peligrosa\u201d en la zona.<\/p>\n<p>A partir del d\u00eda siguiente, se produjo una cancelaci\u00f3n en cascada de vuelos internacionales, a lo que se sum\u00f3 una recomendaci\u00f3n de Enaire, gestor de la navegaci\u00f3n a\u00e9rea de Espa\u00f1a, de no sobrevolar ese espacio a\u00e9reo hasta el 1\u00b0 de diciembre.<\/p>\n<p>El 24 de noviembre, Venezuela dio a las compa\u00f1\u00edas 48 horas para reanudar operaciones, bajo advertencia de cancelar los permisos a las que no lo hicieran, un plazo que venci\u00f3 al mediod\u00eda hora local del 26 de noviembre.<\/p>\n<p>A pesar de esto, de acuerdo con EFE, los vuelos semanales desde Venezuela hacia destinos internacionales cayeron un 24,7 % con el fin de las concesiones a seis aerol\u00edneas.<\/p>\n<p>Asimismo, se estim\u00f3 que un total de 352 frecuencias semanales internacionales ten\u00eda Venezuela en 2013, el \u201cmomento de mayor auge\u201d, cifra que se redujo en seis a\u00f1os hasta \u201csolo 100\u201d en 2019, debido al retiro gradual de las l\u00edneas a\u00e9reas por \u00abla imposibilidad de repatriar los fondos a sus pa\u00edses de origen\u201d, as\u00ed como a \u00abla ca\u00edda del mercado\u201d, seg\u00fan la Asociaci\u00f3n de L\u00edneas A\u00e9reas en Venezuela (ALAV).<\/p>\n<\/p><\/div>\n\n","protected":false},"excerpt":{"rendered":"<p>El Aeropuerto Internacional Sim\u00f3n Bol\u00edvar de Maiquet\u00eda, en La Guaira, principal terminal de Venezuela que sirve a Caracas, recibi\u00f3 el lunes 1\u00aa de diciembre varios vuelos procedentes de Colombia, Panam\u00e1 y Rusia, en medio de cancelaciones de varias aerol\u00edneas por las medidas anunciadas por el gobierno de Estados Unidos. Dos de los cuatro vuelos llegaron &hellip;<\/p>\n","protected":false},"author":1,"featured_media":52127,"comment_status":"open","ping_status":"open","sticky":false,"template":"","format":"standard","meta":{"fifu_image_url":"https:\/\/eldiario.com\/wp-content\/uploads\/2025\/11\/place-flying-sunset-sky-1.jpg","fifu_image_alt":"","footnotes":""},"categories":[13],"tags":[],"class_list":["post-52125","post","type-post","status-publish","format-standard","has-post-thumbnail","","category-mundo"],"_links":{"self":[{"href":"https:\/\/noticiasveraces.com\/index.php?rest_route=\/wp\/v2\/posts\/52125","targetHints":{"allow":["GET"]}}],"collection":[{"href":"https:\/\/noticiasveraces.com\/index.php?rest_route=\/wp\/v2\/posts"}],"about":[{"href":"https:\/\/noticiasveraces.com\/index.php?rest_route=\/wp\/v2\/types\/post"}],"author":[{"embeddable":true,"href":"https:\/\/noticiasveraces.com\/index.php?rest_route=\/wp\/v2\/users\/1"}],"replies":[{"embeddable":true,"href":"https:\/\/noticiasveraces.com\/index.php?rest_route=%2Fwp%2Fv2%2Fcomments&post=52125"}],"version-history":[{"count":0,"href":"https:\/\/noticiasveraces.com\/index.php?rest_route=\/wp\/v2\/posts\/52125\/revisions"}],"wp:featuredmedia":[{"embeddable":true,"href":"https:\/\/noticiasveraces.com\/index.php?rest_route=\/wp\/v2\/media\/52127"}],"wp:attachment":[{"href":"https:\/\/noticiasveraces.com\/index.php?rest_route=%2Fwp%2Fv2%2Fmedia&parent=52125"}],"wp:term":[{"taxonomy":"category","embeddable":true,"href":"https:\/\/noticiasveraces.com\/index.php?rest_route=%2Fwp%2Fv2%2Fcategories&post=52125"},{"taxonomy":"post_tag","embeddable":true,"href":"https:\/\/noticiasveraces.com\/index.php?rest_route=%2Fwp%2Fv2%2Ftags&post=52125"}],"curies":[{"name":"wp","href":"https:\/\/api.w.org\/{rel}","templated":true}]}}