{"id":52123,"date":"2025-12-01T22:11:17","date_gmt":"2025-12-02T02:11:17","guid":{"rendered":"https:\/\/noticiasveraces.com\/?p=52123"},"modified":"2025-12-01T22:11:17","modified_gmt":"2025-12-02T02:11:17","slug":"colombia-restablece-vuelos-con-venezuela-correo-del-orinoco","status":"publish","type":"post","link":"https:\/\/noticiasveraces.com\/?p=52123","title":{"rendered":"Colombia restablece vuelos con Venezuela &#8211; Correo del Orinoco"},"content":{"rendered":"<p> \n<\/p>\n<div>\n<p>El presidente de Colombia, Gustavo Petro, instruy\u00f3 restablecer los vuelos civiles entre su pa\u00eds y Venezuela, en respuesta a las recientes amenazas del mandatario estadounidense, Donald Trump, sobre el cierre del espacio a\u00e9reo internacional.<\/p>\n<p>\u201cColombia restablece el servicio a\u00e9reo civil con Venezuela e invita al mundo a hacerlo. Es hora de di\u00e1logos, no de barbarie\u201d, expres\u00f3 en un mensaje publicado en la red social X.<\/p>\n<p>El jefe de Estado agreg\u00f3: \u201cEstados Unidos no tiene el derecho de cerrar el espacio a\u00e9reo venezolano. Puede hacerlo con sus aerol\u00edneas, pero no con las del mundo\u201d. Con estas declaraciones, Colombia ratifica su voluntad por la paz y se posiciona en defensa de la soberan\u00eda a\u00e9rea de la regi\u00f3n.<\/p>\n<p>Por su parte, la ministra de Transporte colombiana, Mar\u00eda Fernanda Rojas, cuestion\u00f3 la alerta emitida por la Administraci\u00f3n Federal de Aviaci\u00f3n, sobre supuestas condiciones de inseguridad en Venezuela.<\/p>\n<h6>TONEL<\/h6>\n<\/p><\/div>\n\n","protected":false},"excerpt":{"rendered":"<p>El presidente de Colombia, Gustavo Petro, instruy\u00f3 restablecer los vuelos civiles entre su pa\u00eds y Venezuela, en respuesta a las recientes amenazas del mandatario estadounidense, Donald Trump, sobre el cierre del espacio a\u00e9reo internacional. \u201cColombia restablece el servicio a\u00e9reo civil con Venezuela e invita al mundo a hacerlo. Es hora de di\u00e1logos, no de barbarie\u201d, &hellip;<\/p>\n","protected":false},"author":1,"featured_media":52124,"comment_status":"open","ping_status":"open","sticky":false,"template":"","format":"standard","meta":{"fifu_image_url":"http:\/\/190.202.124.19\/wp-content\/uploads\/2025\/12\/Airbus-A380-696x391-1.jpg","fifu_image_alt":"","footnotes":""},"categories":[13],"tags":[],"class_list":["post-52123","post","type-post","status-publish","format-standard","has-post-thumbnail","","category-mundo"],"_links":{"self":[{"href":"https:\/\/noticiasveraces.com\/index.php?rest_route=\/wp\/v2\/posts\/52123","targetHints":{"allow":["GET"]}}],"collection":[{"href":"https:\/\/noticiasveraces.com\/index.php?rest_route=\/wp\/v2\/posts"}],"about":[{"href":"https:\/\/noticiasveraces.com\/index.php?rest_route=\/wp\/v2\/types\/post"}],"author":[{"embeddable":true,"href":"https:\/\/noticiasveraces.com\/index.php?rest_route=\/wp\/v2\/users\/1"}],"replies":[{"embeddable":true,"href":"https:\/\/noticiasveraces.com\/index.php?rest_route=%2Fwp%2Fv2%2Fcomments&post=52123"}],"version-history":[{"count":0,"href":"https:\/\/noticiasveraces.com\/index.php?rest_route=\/wp\/v2\/posts\/52123\/revisions"}],"wp:featuredmedia":[{"embeddable":true,"href":"https:\/\/noticiasveraces.com\/index.php?rest_route=\/wp\/v2\/media\/52124"}],"wp:attachment":[{"href":"https:\/\/noticiasveraces.com\/index.php?rest_route=%2Fwp%2Fv2%2Fmedia&parent=52123"}],"wp:term":[{"taxonomy":"category","embeddable":true,"href":"https:\/\/noticiasveraces.com\/index.php?rest_route=%2Fwp%2Fv2%2Fcategories&post=52123"},{"taxonomy":"post_tag","embeddable":true,"href":"https:\/\/noticiasveraces.com\/index.php?rest_route=%2Fwp%2Fv2%2Ftags&post=52123"}],"curies":[{"name":"wp","href":"https:\/\/api.w.org\/{rel}","templated":true}]}}