{"id":52114,"date":"2025-12-01T21:04:04","date_gmt":"2025-12-02T01:04:04","guid":{"rendered":"https:\/\/noticiasveraces.com\/?p=52114"},"modified":"2025-12-01T21:04:04","modified_gmt":"2025-12-02T01:04:04","slug":"petro-tomara-acciones-legales-contra-asesinatos-de-eeuu-en-el-caribe","status":"publish","type":"post","link":"https:\/\/noticiasveraces.com\/?p=52114","title":{"rendered":"Petro tomar\u00e1 acciones legales contra asesinatos de EEUU en el Caribe"},"content":{"rendered":"<p> \n<\/p>\n<div>\n<p>El presidente de Colombia, Gustavo Petro, elev\u00f3 este lunes su voz contra los bombardeos estadounidenses en aguas del Caribe y el Pac\u00edfico, calific\u00e1ndolos como cr\u00edmenes que deben ser investigados y sancionados. En un mensaje difundido en su cuenta de X, el mandatario anunci\u00f3 que su abogado, Dan Kovalik, ha iniciado la defensa judicial de la familia Carranza, allegados de Alejandro Carranza, pescador samario asesinado tras el impacto de un misil contra su embarcaci\u00f3n.<\/p>\n<p>\u201cMi abogado Dan Kovalik ha iniciado la defensa judicial de la familia Carranza, v\u00edctima del asesinato estadounidense de Alejandro Carranza, el pescador samario muerto por [el] misil disparado a su lancha en el Caribe\u201d, escribi\u00f3 Petro, subrayando la necesidad de solidaridad y justicia para las v\u00edctimas.<\/p>\n<p>Kovalik, reconocido jurista en derechos humanos y laborales, tambi\u00e9n representa a Petro ante la justicia estadounidense. M\u00e1s all\u00e1 de esta acci\u00f3n legal, el presidente colombiano inst\u00f3 a la agencia jur\u00eddica del Estado a convocar una comisi\u00f3n de abogados nacionales para investigar los cr\u00edmenes cometidos en el mar Caribe y el Pac\u00edfico, recordando que la misi\u00f3n de dicha instancia es la defensa de las v\u00edctimas de la violencia en Colombia.<\/p>\n<p>Petro reiter\u00f3 que los bombardeos ordenados por el secretario de Guerra de EEUU, Pete Hegseth, bajo el argumento de combatir el narcotr\u00e1fico, han derivado en el asesinato de civiles caribe\u00f1os y pac\u00edficos, violando est\u00e1ndares internacionales y atentando contra el derecho humanitario.<\/p>\n<h2 id=\"sumado-a-la-acci-oacute-n-de-venezuela\" class=\"wp-block-heading\">Sumado a la acci\u00f3n de Venezuela<\/h2>\n<p>El anuncio del mandatario colombiano coincide con la postura de Venezuela, cuyo Parlamento discute la creaci\u00f3n de una comisi\u00f3n especial para investigar las ejecuciones extrajudiciales perpetradas por fuerzas estadounidenses en el Caribe. El presidente de la Asamblea Nacional, Jorge Rodr\u00edguez, inform\u00f3 que se han reunido con familiares de venezolanos asesinados en estas operaciones, calificadas como ileg\u00edtimas e ilegales.<\/p>\n<p>De esta manera, Petro no solo exige justicia para las v\u00edctimas colombianas, sino que tambi\u00e9n se suma a los esfuerzos regionales encabezados por Venezuela, consolidando una posici\u00f3n conjunta en defensa de los derechos humanos en el Caribe y el Pac\u00edfico.<\/p>\n<p>La pol\u00e9mica se intensific\u00f3 tras revelaciones de The Washington Post, que citando fuentes militares, asegur\u00f3 que Hegseth habr\u00eda dado la orden verbal de \u201cmatarlos a todos\u201d durante el primer ataque contra una embarcaci\u00f3n en septiembre, lo que deriv\u00f3 en la ejecuci\u00f3n de sobrevivientes tras un segundo bombardeo.<\/p>\n<\/div>\n\n","protected":false},"excerpt":{"rendered":"<p>El presidente de Colombia, Gustavo Petro, elev\u00f3 este lunes su voz contra los bombardeos estadounidenses en aguas del Caribe y el Pac\u00edfico, calific\u00e1ndolos como cr\u00edmenes que deben ser investigados y sancionados. En un mensaje difundido en su cuenta de X, el mandatario anunci\u00f3 que su abogado, Dan Kovalik, ha iniciado la defensa judicial de la &hellip;<\/p>\n","protected":false},"author":1,"featured_media":52115,"comment_status":"open","ping_status":"open","sticky":false,"template":"","format":"standard","meta":{"fifu_image_url":"https:\/\/ultimasnoticias.com.ve\/wp-content\/uploads\/2025\/10\/presidente-de-colombia-gustavo-petro-44809.jpg","fifu_image_alt":"","footnotes":""},"categories":[4],"tags":[],"class_list":["post-52114","post","type-post","status-publish","format-standard","has-post-thumbnail","","category-historias-destacadas"],"_links":{"self":[{"href":"https:\/\/noticiasveraces.com\/index.php?rest_route=\/wp\/v2\/posts\/52114","targetHints":{"allow":["GET"]}}],"collection":[{"href":"https:\/\/noticiasveraces.com\/index.php?rest_route=\/wp\/v2\/posts"}],"about":[{"href":"https:\/\/noticiasveraces.com\/index.php?rest_route=\/wp\/v2\/types\/post"}],"author":[{"embeddable":true,"href":"https:\/\/noticiasveraces.com\/index.php?rest_route=\/wp\/v2\/users\/1"}],"replies":[{"embeddable":true,"href":"https:\/\/noticiasveraces.com\/index.php?rest_route=%2Fwp%2Fv2%2Fcomments&post=52114"}],"version-history":[{"count":0,"href":"https:\/\/noticiasveraces.com\/index.php?rest_route=\/wp\/v2\/posts\/52114\/revisions"}],"wp:featuredmedia":[{"embeddable":true,"href":"https:\/\/noticiasveraces.com\/index.php?rest_route=\/wp\/v2\/media\/52115"}],"wp:attachment":[{"href":"https:\/\/noticiasveraces.com\/index.php?rest_route=%2Fwp%2Fv2%2Fmedia&parent=52114"}],"wp:term":[{"taxonomy":"category","embeddable":true,"href":"https:\/\/noticiasveraces.com\/index.php?rest_route=%2Fwp%2Fv2%2Fcategories&post=52114"},{"taxonomy":"post_tag","embeddable":true,"href":"https:\/\/noticiasveraces.com\/index.php?rest_route=%2Fwp%2Fv2%2Ftags&post=52114"}],"curies":[{"name":"wp","href":"https:\/\/api.w.org\/{rel}","templated":true}]}}