{"id":52081,"date":"2025-12-01T15:07:29","date_gmt":"2025-12-01T19:07:29","guid":{"rendered":"https:\/\/noticiasveraces.com\/?p=52081"},"modified":"2025-12-01T15:07:29","modified_gmt":"2025-12-01T19:07:29","slug":"bulgaria-se-vuelca-con-lubo-penev","status":"publish","type":"post","link":"https:\/\/noticiasveraces.com\/?p=52081","title":{"rendered":"Bulgaria se vuelca con Lubo Penev"},"content":{"rendered":"<p> \n<\/p>\n<div>\n<p data-mrf-recirculation=\"Links P\u00e1rrafos\" class=\"ue-c-article__paragraph paragraph xai-icon-container ue-c-article--first-letter-highlighted\"><strong>Bulgaria<\/strong> vive una ola de solidaridad con el exgoleador del <strong>Valencia <\/strong>y <strong>Atl\u00e9tico de Madrid<\/strong><strong>Lubo Penev<\/strong>de 59 a\u00f1os, hospitalizado de urgencia en estado grave con un diagn\u00f3stico de c\u00e1ncer de ri\u00f1\u00f3n avanzado.<span class=\"xai-icon\"\/><\/p>\n<p data-mrf-recirculation=\"Links P\u00e1rrafos\" class=\"ue-c-article__paragraph paragraph xai-icon-container\">Su organismo, muy debilitado, no permite iniciar un tratamiento de quimioterapia en el hospital de <strong>Alemania <\/strong>en el que ha sido ingresado, informaron este lunes las televisiones bTV y Nova TV.<span class=\"xai-icon\"\/><\/p>\n<p data-mrf-recirculation=\"Links P\u00e1rrafos\" class=\"ue-c-article__paragraph paragraph xai-icon-container\">La noticia desencaden\u00f3 un aluvi\u00f3n de mensajes de apoyo de grandes figuras del deporte, entrenadores, futbolistas y miles de aficionados.<span class=\"xai-icon\"\/><\/p>\n<p data-mrf-recirculation=\"Links P\u00e1rrafos\" class=\"ue-c-article__paragraph paragraph xai-icon-container\">La <strong>Uni\u00f3n B\u00falgara de F\u00fatbol<\/strong> expres\u00f3 su \u00abprofundo dolor\u00bb por la situaci\u00f3n de <strong>Penev<\/strong>al tiempo que mostr\u00f3 \u00abla convicci\u00f3n de que una persona con su fuerza, car\u00e1cter y esp\u00edritu puede superar este desaf\u00edo\u00bb.<span class=\"xai-icon\"\/><\/p>\n<p data-mrf-recirculation=\"Links P\u00e1rrafos\" class=\"ue-c-article__paragraph paragraph xai-icon-container\">Tambi\u00e9n el exjugador del <strong>Barcelona <\/strong>y ganador del <strong>Bal\u00f3n de Oro<\/strong>, <strong>Hristo Stoichkov<\/strong>destac\u00f3 el esp\u00edritu luchador de <strong>Penev <\/strong>y su confianza en que volver\u00e1 \u00abm\u00e1s fuerte\u00bb.<span class=\"xai-icon\"\/><\/p>\n<p data-mrf-recirculation=\"Links P\u00e1rrafos\" class=\"ue-c-article__paragraph paragraph xai-icon-container\">Numerosos aficionados se han sumado a la ola de solidaridad, recordando que <strong>Penev <\/strong>ya afront\u00f3 una enfermedad grave en 1994, cuando super\u00f3 un c\u00e1ncer testicular que le impidi\u00f3 participar en el hist\u00f3rico <strong>Mundial de Estados Unidos<\/strong>donde <strong>Bulgaria <\/strong>logr\u00f3 el cuarto puesto.<span class=\"xai-icon\"\/><\/p>\n<p data-mrf-recirculation=\"Links P\u00e1rrafos\" class=\"ue-c-article__paragraph paragraph xai-icon-container\">El estado del exdelantero y exseleccionador es muy grave y los m\u00e9dicos trabajan para definir el tratamiento adecuado, pero descartan la quimioterapia debido a su deterioro f\u00edsico, seg\u00fan inform\u00f3 bTV.<span class=\"xai-icon\"\/><\/p>\n<p data-mrf-recirculation=\"Links P\u00e1rrafos\" class=\"ue-c-article__paragraph paragraph xai-icon-container\">Su esposa, <strong>Kristina M\u00edtsev<\/strong>a, ha anunciado la apertura de una cuenta bancaria para donaciones destinadas a financiar su tratamiento.<span class=\"xai-icon\"\/><\/p>\n<p data-mrf-recirculation=\"Links P\u00e1rrafos\" class=\"ue-c-article__paragraph paragraph xai-icon-container\"><strong>Lubo Penev<\/strong>conocido como en <strong>Bulgaria <\/strong>como &#8216;el goleador&#8217;, fue internacional con <strong>Bulgaria <\/strong>y jug\u00f3 en equipos como <strong>Atl\u00e9tico de Madrid<\/strong>, <strong>Valencia <\/strong>y <strong>Celta de Vigo<\/strong>adem\u00e1s de entrenar a varios clubes b\u00falgaros y a la selecci\u00f3n del pa\u00eds.<span class=\"xai-icon\"\/><\/p>\n<p data-mrf-recirculation=\"Links P\u00e1rrafos\" class=\"ue-c-article__paragraph paragraph xai-icon-container\"><strong>Bulgaria <\/strong>sigue de cerca otros casos que han conmocionado al f\u00fatbol nacional.<span class=\"xai-icon\"\/><\/p>\n<p data-mrf-recirculation=\"Links P\u00e1rrafos\" class=\"ue-c-article__paragraph paragraph xai-icon-container\">A finales de noviembre, <strong>Borislav Mihaylov<\/strong>exportero de la selecci\u00f3n y expresidente de la <strong>Uni\u00f3n B\u00falgara de F\u00fatbo<\/strong>l, sufri\u00f3 un derrame cerebral y permanece hospitalizado en estado estable.<span class=\"xai-icon\"\/><\/p>\n<p data-mrf-recirculation=\"Links P\u00e1rrafos\" class=\"ue-c-article__paragraph paragraph xai-icon-container\"><strong>Petar Hubchev<\/strong>antiguo seleccionador y otra figura destacada del f\u00fatbol b\u00falgaro, tambi\u00e9n recibe tratamiento contra el c\u00e1ncer.<span class=\"xai-icon\"\/><\/p>\n<\/div>\n\n","protected":false},"excerpt":{"rendered":"<p>Bulgaria vive una ola de solidaridad con el exgoleador del Valencia y Atl\u00e9tico de MadridLubo Penevde 59 a\u00f1os, hospitalizado de urgencia en estado grave con un diagn\u00f3stico de c\u00e1ncer de ri\u00f1\u00f3n avanzado. Su organismo, muy debilitado, no permite iniciar un tratamiento de quimioterapia en el hospital de Alemania en el que ha sido ingresado, informaron &hellip;<\/p>\n","protected":false},"author":1,"featured_media":52082,"comment_status":"open","ping_status":"open","sticky":false,"template":"","format":"standard","meta":{"fifu_image_url":"https:\/\/objetos-xlk.estaticos-marca.com\/files\/article_main_microformat\/\/uploads\/2025\/12\/01\/692de116125fb.jpeg","fifu_image_alt":"","footnotes":""},"categories":[6],"tags":[],"class_list":["post-52081","post","type-post","status-publish","format-standard","has-post-thumbnail","","category-deportes"],"_links":{"self":[{"href":"https:\/\/noticiasveraces.com\/index.php?rest_route=\/wp\/v2\/posts\/52081","targetHints":{"allow":["GET"]}}],"collection":[{"href":"https:\/\/noticiasveraces.com\/index.php?rest_route=\/wp\/v2\/posts"}],"about":[{"href":"https:\/\/noticiasveraces.com\/index.php?rest_route=\/wp\/v2\/types\/post"}],"author":[{"embeddable":true,"href":"https:\/\/noticiasveraces.com\/index.php?rest_route=\/wp\/v2\/users\/1"}],"replies":[{"embeddable":true,"href":"https:\/\/noticiasveraces.com\/index.php?rest_route=%2Fwp%2Fv2%2Fcomments&post=52081"}],"version-history":[{"count":0,"href":"https:\/\/noticiasveraces.com\/index.php?rest_route=\/wp\/v2\/posts\/52081\/revisions"}],"wp:featuredmedia":[{"embeddable":true,"href":"https:\/\/noticiasveraces.com\/index.php?rest_route=\/wp\/v2\/media\/52082"}],"wp:attachment":[{"href":"https:\/\/noticiasveraces.com\/index.php?rest_route=%2Fwp%2Fv2%2Fmedia&parent=52081"}],"wp:term":[{"taxonomy":"category","embeddable":true,"href":"https:\/\/noticiasveraces.com\/index.php?rest_route=%2Fwp%2Fv2%2Fcategories&post=52081"},{"taxonomy":"post_tag","embeddable":true,"href":"https:\/\/noticiasveraces.com\/index.php?rest_route=%2Fwp%2Fv2%2Ftags&post=52081"}],"curies":[{"name":"wp","href":"https:\/\/api.w.org\/{rel}","templated":true}]}}