{"id":52075,"date":"2025-12-01T15:02:59","date_gmt":"2025-12-01T19:02:59","guid":{"rendered":"https:\/\/noticiasveraces.com\/?p=52075"},"modified":"2025-12-01T15:02:59","modified_gmt":"2025-12-01T19:02:59","slug":"cnp-registro-111-incidentes-contra-la-libertad-de-prensa-en-venezuela-entre-enero-y-noviembre-el-diario-venezuela","status":"publish","type":"post","link":"https:\/\/noticiasveraces.com\/?p=52075","title":{"rendered":"CNP registr\u00f3 111 incidentes contra la libertad de prensa en Venezuela entre enero y noviembre &#8211; El Diario Venezuela"},"content":{"rendered":"<p> \n<\/p>\n<div>\n<p>El Colegio Nacional de Periodistas (<strong>CNP) registr\u00f3 111 incidentes contra la libertad de prensa en Venezuela entre enero y noviembre<\/strong>que incluyen 31 impedimentos de cobertura y 19 detenciones \u00abarbitrarias\u00bb.<\/p>\n<div class=\"ruby-table-contents rbtoc table-fw\">\n<ul class=\"toc-content h5\">\n<li>Casos de deportaciones de periodistas <\/li>\n<li>Ipys denunci\u00f3 deterioro de las condiciones para ejercer el periodismo<\/li>\n<\/ul>\n<\/div>\n<p>A trav\u00e9s de su cuenta de X, el CNP detall\u00f3 el lunes 1\u00b0 de diciembre que, entre los incidentes contabilizados, <strong>18 corresponden a \u00abhostigamientos\u00bb, 11 a \u00abamenazas\u00bb, 8 a \u00abintimidaciones\u00bb, 7 al cierre de emisoras de radio y 4 al decomiso de equipos usados para el ejercicio del periodismo<\/strong>.<\/p>\n<p>Asimismo, <strong>report\u00f3 3 \u00abagresiones f\u00edsicas\u00bb y 2 verbales, 2 robos de equipos, 2 ocasiones en las que se borr\u00f3 el material de los periodistas, 2 deportaciones de corresponsales extranjeros, 1 cierre de un canal de televisi\u00f3n y<\/strong><strong>  1 acto vand\u00e1lico<\/strong> en la sede del CNP.<\/p>\n<p>\u00abEl informe revela que la estrategia de control se mantiene firme, buscando la anulaci\u00f3n total del periodismo independiente\u00bb, afirm\u00f3 la gremial en su cuenta de Instagram, que contabiliza, en total, 21 periodistas detenidos \u00abarbitrariamente\u00bb en Venezuela.<\/p>\n<h2 id=\"casos-de-deportaciones-de-periodistasnbsp\" class=\"rb-heading-index-0-830453 wp-block-heading\"><strong>Casos de deportaciones de periodistas <\/strong><\/h2>\n<p>El Sindicato Nacional de Trabajadores de la Prensa (SNTP) denunci\u00f3 el 27 de agosto que <strong>dos periodistas mexicanos del medio <\/strong><strong><em>Milenio<\/em><\/strong><strong> fueron deportados <\/strong>por las autoridades de Venezuela cuando intentaron ingresar al pa\u00eds. <\/p>\n<p>De acuerdo con la publicaci\u00f3n del sindicato, los comunicadores <strong>Israel Navarro y Gerardo Torres fueron enviados especiales para hacer cobertura de la situaci\u00f3n en Venezuela,<\/strong> en medio de las tensiones entre el gobierno de Nicol\u00e1s Maduro y el presidente de Estados Unidos, Donald Trump.<\/p>\n<figure class=\"wp-block-image\"><picture decoding=\"async\"><source type=\"image\/webp\" nitro-lazy-srcset=\"https:\/\/eldiario.com\/nitropack_static\/DWpklAePbJBFiBKvuTtiGMLbtJlHUqWt\/assets\/images\/optimized\/rev-a8dec8a\/eldiario.com\/wp-content\/uploads\/2024\/11\/0fd8dabb92f2f21bbfe3fac7e0da4f59bd141edc-1200x800.jpg.webp \" nitro-lazy-empty=\"\" id=\"ODIxOjE0Mw==-1\" srcset=\"data:image\/svg+xml;nitro-empty-id=ODIxOjE0Mw==-1;base64,PHN2ZyB2aWV3Qm94PSIwIDAgMTIwMCA4MDAiIHdpZHRoPSIxMjAwIiBoZWlnaHQ9IjgwMCIgeG1sbnM9Imh0dHA6Ly93d3cudzMub3JnLzIwMDAvc3ZnIj48L3N2Zz4=\"\/><img alt=\"Turismo en Venezuela: \u00bfc\u00f3mo afect\u00f3 la crisis poselectoral a este sector?\" src=\"https:\/\/eldiario.com\/nitropack_static\/DWpklAePbJBFiBKvuTtiGMLbtJlHUqWt\/assets\/images\/optimized\/rev-a8dec8a\/eldiario.com\/wp-content\/uploads\/2024\/11\/0fd8dabb92f2f21bbfe3fac7e0da4f59bd141edc-1200x800.jpg\" class=\"nitro-lazy\" decoding=\"async\" nitro-lazy-empty=\"\" id=\"ODIyOjIxMw==-1\"\/> <\/picture><figcaption class=\"wp-element-caption\"> Fotograf\u00eda referencial de un avi\u00f3n en el Aeropuerto Internacional de Maiquet\u00eda Sim\u00f3n Bol\u00edvar | Foto: EFE\/ Ronald Pe\u00f1a<\/figcaption><\/figure>\n<p>Se conoci\u00f3 que los periodistas <strong>hab\u00edan llegado al Aeropuerto Internacional Sim\u00f3n Bol\u00edvar de Maiquet\u00eda el 25 de agosto. <\/strong>En el lugar fueron retenidos por funcionarios de migraci\u00f3n y contrainteligencia, quienes les confiscaron sus pasaportes, tel\u00e9fonos celulares y equipos de trabajo. <\/p>\n<p>Adem\u00e1s, el SNTP denunci\u00f3 que <strong>las autoridades venezolanas les prohibieron \u201ccualquier comunicaci\u00f3n con su medio<\/strong>\u201d y los mantuvieron bajo vigilancia en un cuarto custodiado por militares para luego ser deportado a M\u00e9xico a trav\u00e9s de un vuelo hasta Panam\u00e1.<\/p>\n<h2 id=\"ipys-denuncio-deterioro-de-las-condiciones-para-ejercer-el-periodismo\" class=\"rb-heading-index-1-830453 wp-block-heading\"><strong>Ipys denunci\u00f3 deterioro de las condiciones para ejercer el periodismo<\/strong><\/h2>\n<figure class=\"wp-block-image size-large\"><picture fetchpriority=\"high\" decoding=\"async\" class=\"wp-image-813474\"><source type=\"image\/webp\" sizes=\"(max-width: 1200px) 100vw, 1200px\" nitro-lazy-srcset=\"https:\/\/eldiario.com\/nitropack_static\/DWpklAePbJBFiBKvuTtiGMLbtJlHUqWt\/assets\/images\/optimized\/rev-a8dec8a\/eldiario.com\/wp-content\/uploads\/2025\/09\/camera-3633075-1920-1200x800.jpg.webp 1200w, https:\/\/eldiario.com\/nitropack_static\/DWpklAePbJBFiBKvuTtiGMLbtJlHUqWt\/assets\/images\/optimized\/rev-a8dec8a\/eldiario.com\/wp-content\/uploads\/2025\/09\/camera-3633075-1920-300x200.jpg.webp 300w, https:\/\/eldiario.com\/nitropack_static\/DWpklAePbJBFiBKvuTtiGMLbtJlHUqWt\/assets\/images\/optimized\/rev-a8dec8a\/eldiario.com\/wp-content\/uploads\/2025\/09\/camera-3633075-1920-768x512.jpg.webp 768w, https:\/\/eldiario.com\/nitropack_static\/DWpklAePbJBFiBKvuTtiGMLbtJlHUqWt\/assets\/images\/optimized\/rev-a8dec8a\/eldiario.com\/wp-content\/uploads\/2025\/09\/camera-3633075-1920-1536x1023.jpg.webp 1536w, https:\/\/eldiario.com\/nitropack_static\/DWpklAePbJBFiBKvuTtiGMLbtJlHUqWt\/assets\/images\/optimized\/rev-a8dec8a\/eldiario.com\/wp-content\/uploads\/2025\/09\/camera-3633075-1920-330x220.jpg.webp 330w, https:\/\/eldiario.com\/nitropack_static\/DWpklAePbJBFiBKvuTtiGMLbtJlHUqWt\/assets\/images\/optimized\/rev-a8dec8a\/eldiario.com\/wp-content\/uploads\/2025\/09\/camera-3633075-1920-420x280.jpg.webp 420w, https:\/\/eldiario.com\/nitropack_static\/DWpklAePbJBFiBKvuTtiGMLbtJlHUqWt\/assets\/images\/optimized\/rev-a8dec8a\/eldiario.com\/wp-content\/uploads\/2025\/09\/camera-3633075-1920-615x410.jpg.webp 615w, https:\/\/eldiario.com\/nitropack_static\/DWpklAePbJBFiBKvuTtiGMLbtJlHUqWt\/assets\/images\/optimized\/rev-a8dec8a\/eldiario.com\/wp-content\/uploads\/2025\/09\/camera-3633075-1920-860x573.jpg.webp 860w, https:\/\/eldiario.com\/nitropack_static\/DWpklAePbJBFiBKvuTtiGMLbtJlHUqWt\/assets\/images\/optimized\/rev-a8dec8a\/eldiario.com\/wp-content\/uploads\/2025\/09\/camera-3633075-1920-150x100.jpg.webp 150w, https:\/\/eldiario.com\/nitropack_static\/DWpklAePbJBFiBKvuTtiGMLbtJlHUqWt\/assets\/images\/optimized\/rev-a8dec8a\/eldiario.com\/wp-content\/uploads\/2025\/09\/camera-3633075-1920.jpg.webp 1600w\" nitro-lazy-empty=\"\" id=\"ODQxOjk4NQ==-1\" srcset=\"data:image\/svg+xml;nitro-empty-id=ODQxOjk4NQ==-1;base64,PHN2ZyB2aWV3Qm94PSIwIDAgMTIwMCA4MDAiIHdpZHRoPSIxMjAwIiBoZWlnaHQ9IjgwMCIgeG1sbnM9Imh0dHA6Ly93d3cudzMub3JnLzIwMDAvc3ZnIj48L3N2Zz4=\"\/><img fetchpriority=\"high\" width=\"1200\" height=\"800\" alt=\"El CNP registr\u00f3 88 agresiones a medios y periodistas en Venezuela entre enero y agosto de 2025\" sizes=\"(max-width: 1200px) 100vw, 1200px\" srcset=\"https:\/\/eldiario.com\/nitropack_static\/DWpklAePbJBFiBKvuTtiGMLbtJlHUqWt\/assets\/images\/optimized\/rev-a8dec8a\/eldiario.com\/wp-content\/uploads\/2025\/09\/camera-3633075-1920-1200x800.jpg 1200w, https:\/\/eldiario.com\/nitropack_static\/DWpklAePbJBFiBKvuTtiGMLbtJlHUqWt\/assets\/images\/optimized\/rev-a8dec8a\/eldiario.com\/wp-content\/uploads\/2025\/09\/camera-3633075-1920-300x200.jpg 300w, https:\/\/eldiario.com\/nitropack_static\/DWpklAePbJBFiBKvuTtiGMLbtJlHUqWt\/assets\/images\/optimized\/rev-a8dec8a\/eldiario.com\/wp-content\/uploads\/2025\/09\/camera-3633075-1920-768x512.jpg 768w, https:\/\/eldiario.com\/nitropack_static\/DWpklAePbJBFiBKvuTtiGMLbtJlHUqWt\/assets\/images\/optimized\/rev-a8dec8a\/eldiario.com\/wp-content\/uploads\/2025\/09\/camera-3633075-1920-1536x1023.jpg 1536w, https:\/\/eldiario.com\/nitropack_static\/DWpklAePbJBFiBKvuTtiGMLbtJlHUqWt\/assets\/images\/optimized\/rev-a8dec8a\/eldiario.com\/wp-content\/uploads\/2025\/09\/camera-3633075-1920-330x220.jpg 330w, https:\/\/eldiario.com\/nitropack_static\/DWpklAePbJBFiBKvuTtiGMLbtJlHUqWt\/assets\/images\/optimized\/rev-a8dec8a\/eldiario.com\/wp-content\/uploads\/2025\/09\/camera-3633075-1920-420x280.jpg 420w, https:\/\/eldiario.com\/nitropack_static\/DWpklAePbJBFiBKvuTtiGMLbtJlHUqWt\/assets\/images\/optimized\/rev-a8dec8a\/eldiario.com\/wp-content\/uploads\/2025\/09\/camera-3633075-1920-615x410.jpg 615w, https:\/\/eldiario.com\/nitropack_static\/DWpklAePbJBFiBKvuTtiGMLbtJlHUqWt\/assets\/images\/optimized\/rev-a8dec8a\/eldiario.com\/wp-content\/uploads\/2025\/09\/camera-3633075-1920-860x573.jpg 860w, https:\/\/eldiario.com\/nitropack_static\/DWpklAePbJBFiBKvuTtiGMLbtJlHUqWt\/assets\/images\/optimized\/rev-a8dec8a\/eldiario.com\/wp-content\/uploads\/2025\/09\/camera-3633075-1920-150x100.jpg 150w, https:\/\/eldiario.com\/nitropack_static\/DWpklAePbJBFiBKvuTtiGMLbtJlHUqWt\/assets\/images\/optimized\/rev-a8dec8a\/eldiario.com\/wp-content\/uploads\/2025\/09\/camera-3633075-1920.jpg 1600w\" src=\"https:\/\/eldiario.com\/nitropack_static\/DWpklAePbJBFiBKvuTtiGMLbtJlHUqWt\/assets\/images\/optimized\/rev-a8dec8a\/eldiario.com\/wp-content\/uploads\/2025\/09\/camera-3633075-1920-1200x800.jpg\" class=\"nitro-lazy\" decoding=\"async\" nitro-lazy-empty=\"\" id=\"ODQyOjExNjc=-1\"\/> <\/picture><figcaption class=\"wp-element-caption\">Foto: Pixabay<\/figcaption><\/figure>\n<p>En noviembre, la ONG Instituto Prensa y Sociedad (Ipys) de Venezuela denunci\u00f3 el \u00abdeterioro sostenido de las condiciones para ejercer el periodismo y el impacto directo de la impunidad en la labor informativa\u00bb en el pa\u00eds.<\/p>\n<p>Para Ipys, en Venezuela \u00abinformar sigue siendo una labor castigada\u00bb y por ello reiter\u00f3 su llamado a las autoridades a investigar los que consider\u00f3 como \u00abcr\u00edmenes contra periodistas\u00bb, as\u00ed como \u00absancionar a los responsables\u00bb y \u00abgarantizar\u00bb que \u00abestas violaciones\u00bb no se repitan.<\/p>\n<p><strong>IPYS report\u00f3 130 casos de violaciones a la libertad de expresi\u00f3n en Venezuela entre enero y octubre de 2025<\/strong>siendo las restricciones en Internet y hostigamiento y amenazas las formas de agresi\u00f3n que m\u00e1s prevalecieron en los 10 primeros meses del a\u00f1o. <\/p>\n<p>\u201cEstas cifras reflejan el<strong> deterioro sostenido de las condiciones para ejercer el periodismo<\/strong> y el impacto directo de la impunidad en la labor informativa\u201d, escribi\u00f3 el IPYS\u00a0en su reporte <em>La impunidad tambi\u00e9n censura<\/em>.<\/p>\n<p>La organizaci\u00f3n precis\u00f3 en su informe que las <strong>restricciones en Internet <\/strong>representaron el 33 de los casos reportados, seguido por el<strong> hostigamiento y amenazas<\/strong> (29 de los casos), discurso <strong>estigmatizante <\/strong>(19 casos), <strong>detenciones arbitrarias<\/strong> (14 casos) y <strong>limitaciones de acceso a la informaci\u00f3n p\u00fablica<\/strong> (15 casos). <\/p>\n<p><em>\u201cEste contenido incluye informaci\u00f3n suministrada por la Agencia EFE. Editado, verificado y contextualizado por el equipo editorial de <strong>El Diario<\/strong>. Conoce nuestra pol\u00edtica sobre el uso de contenidos de EFE<\/em><em> <\/em>aqu\u00ed.<em>\u00ab<\/em><\/p>\n<\/p><\/div>\n\n","protected":false},"excerpt":{"rendered":"<p>El Colegio Nacional de Periodistas (CNP) registr\u00f3 111 incidentes contra la libertad de prensa en Venezuela entre enero y noviembreque incluyen 31 impedimentos de cobertura y 19 detenciones \u00abarbitrarias\u00bb. Casos de deportaciones de periodistas Ipys denunci\u00f3 deterioro de las condiciones para ejercer el periodismo A trav\u00e9s de su cuenta de X, el CNP detall\u00f3 el &hellip;<\/p>\n","protected":false},"author":1,"featured_media":52077,"comment_status":"open","ping_status":"open","sticky":false,"template":"","format":"standard","meta":{"fifu_image_url":"https:\/\/eldiario.com\/wp-content\/uploads\/2025\/01\/radio-7388139-1920.jpg","fifu_image_alt":"","footnotes":""},"categories":[4],"tags":[],"class_list":["post-52075","post","type-post","status-publish","format-standard","has-post-thumbnail","","category-historias-destacadas"],"_links":{"self":[{"href":"https:\/\/noticiasveraces.com\/index.php?rest_route=\/wp\/v2\/posts\/52075","targetHints":{"allow":["GET"]}}],"collection":[{"href":"https:\/\/noticiasveraces.com\/index.php?rest_route=\/wp\/v2\/posts"}],"about":[{"href":"https:\/\/noticiasveraces.com\/index.php?rest_route=\/wp\/v2\/types\/post"}],"author":[{"embeddable":true,"href":"https:\/\/noticiasveraces.com\/index.php?rest_route=\/wp\/v2\/users\/1"}],"replies":[{"embeddable":true,"href":"https:\/\/noticiasveraces.com\/index.php?rest_route=%2Fwp%2Fv2%2Fcomments&post=52075"}],"version-history":[{"count":0,"href":"https:\/\/noticiasveraces.com\/index.php?rest_route=\/wp\/v2\/posts\/52075\/revisions"}],"wp:featuredmedia":[{"embeddable":true,"href":"https:\/\/noticiasveraces.com\/index.php?rest_route=\/wp\/v2\/media\/52077"}],"wp:attachment":[{"href":"https:\/\/noticiasveraces.com\/index.php?rest_route=%2Fwp%2Fv2%2Fmedia&parent=52075"}],"wp:term":[{"taxonomy":"category","embeddable":true,"href":"https:\/\/noticiasveraces.com\/index.php?rest_route=%2Fwp%2Fv2%2Fcategories&post=52075"},{"taxonomy":"post_tag","embeddable":true,"href":"https:\/\/noticiasveraces.com\/index.php?rest_route=%2Fwp%2Fv2%2Ftags&post=52075"}],"curies":[{"name":"wp","href":"https:\/\/api.w.org\/{rel}","templated":true}]}}