{"id":52072,"date":"2025-12-01T14:03:44","date_gmt":"2025-12-01T18:03:44","guid":{"rendered":"https:\/\/noticiasveraces.com\/?p=52072"},"modified":"2025-12-01T14:03:44","modified_gmt":"2025-12-01T18:03:44","slug":"petro-lanza-una-ofensiva-juridica-contra-los-asesinatos-de-ee-uu-en-el-caribe","status":"publish","type":"post","link":"https:\/\/noticiasveraces.com\/?p=52072","title":{"rendered":"Petro lanza una ofensiva jur\u00eddica contra los \u00abasesinatos\u00bb de EE.UU. en el Caribe"},"content":{"rendered":"<p> \n<\/p>\n<div>\n<p>El presidente de Colombia, Gustavo Petro, anunci\u00f3 este lunes que su\u00a0abogado <strong>Dan Kovalik<\/strong> \u00abha iniciado la defensa judicial de la familia Carranza\u00bb, allegados de una de las v\u00edctimas mortales de los bombardeos de EE.UU. en el Caribe.<\/p>\n<p>\u00abMi abogado Dan Kovalik ha iniciado la defensa judicial de la familia Carranza, v\u00edctima del asesinato estadounidense de Alejandro Carranza, el pescador samario muerto por [el] misil disparado a su lancha en el Caribe y pobre de solidaridad\u00bb, escribi\u00f3 Petro en su cuenta de X.<\/p>\n<p>Seg\u00fan Bloomberg, Kovalik es un abogado especializado en materia de derechos humanos y laborales, que cobr\u00f3 mayor notoriedad como asesor legal del\u00a0sindicato United Steelworkers (USW). En la actualidad tambi\u00e9n representa al mandatario colombiano ante la justicia estadounidense, luego de que Trump incluyera a Petro en la llamada &#8216;lista Clinton&#8217;.<\/p>\n<div class=\"EmbedBlock-root EmbedBlock-twitter\">\n<div class=\"TwitterEmbed\">\n<blockquote class=\"twitter-tweet lazyload\" data-twitter=\"twitter-tweet\">\n<p lang=\"es\" dir=\"ltr\">Abogados estadounisenses de los dos partidos se unen para examinar la pol\u00edtica del secretario de guerra de Trump que ha ocasionado el asesinato a civiles caribe\u00f1os bajo sus ordenes directasMi abogado Dan Kovalik ha iniciado la defensa judicial de la familia Carranza, v\u00edctima\u2026<\/p>\n<p>\u2014 Gustavo Petro (@petrogustavo) <a href=\"https:\/\/twitter.com\/petrogustavo\/status\/1995522170437374097?ref_src=twsrc%5Etfw\">1 de diciembre de 2025<\/a><\/p><\/blockquote>\n<\/div>\n<\/div>\n<p>M\u00e1s all\u00e1 de esa acci\u00f3n del jurista estadounidense a favor de los Carranza, el mandatario consider\u00f3 que la agencia jur\u00eddica del Estado deber\u00eda \u00abconvocar una comisi\u00f3n de abogados colombianos para <strong>investigar los cr\u00edmenes en el mar Caribe<\/strong>\u00ab, en vista de que la misi\u00f3n de esa instancia es la defensa de las v\u00edctimas de la violencia en Colombia.<\/p>\n<p>Petro hizo el comentario a ra\u00edz de la iniciativa de un grupo de congresistas estadounidenses, que se han propuesto \u00abexaminar la pol\u00edtica del secretario de Guerra\u00bb de EE.UU., Pete Hegseth, uno de los art\u00edfices de la estrategia de bombardear\u00a0embarcaciones en el Caribe bajo\u00a0el alegato del presunto tr\u00e1fico de drogas.<\/p>\n<p>En varias oportunidades, el mandatario colombiano ha denunciado que esa pr\u00e1ctica no se ajusta a los est\u00e1ndares para los operativos de interdicci\u00f3n de drogas y que su letalidad atenta contra el derecho internacional. Este lunes, reiter\u00f3 que los bombardeos han ocasionado \u00ab<strong>el asesinato a civiles caribe\u00f1os<\/strong>\u00bb bajo la orden directa de\u00a0Hegseth.<\/p>\n<div class=\"EmbedBlock-root EmbedBlock-twitter\">\n<div class=\"TwitterEmbed\">\n<blockquote class=\"twitter-tweet lazyload\" data-twitter=\"twitter-tweet\" data-media-max-width=\"560\">\n<p lang=\"es\" dir=\"ltr\">El presidente de la Asamblea Nacional de Venezuela, Jorge Rodr\u00edguez, ha levantado la voz para denunciar lo que est\u00e1 ocurriendo desde el 2 de septiembre en el Mar Caribe es ilegal. En esta supuesta modernidad del siglo XXI, incluso la guerra est\u00e1 regulada, lo establece la\u2026 <a href=\"https:\/\/t.co\/o287DBq6QB\">pic.twitter.com\/o287DBq6QB<\/a><\/p>\n<p>\u2014 El Universal (@ElUniversal) <a href=\"https:\/\/twitter.com\/ElUniversal\/status\/1995525912327029130?ref_src=twsrc%5Etfw\">1 de diciembre de 2025<\/a><\/p><\/blockquote>\n<\/div>\n<\/div>\n<p>El anuncio de Petro coincide con la postura de Venezuela, cuyo Parlamento\u00a0discutir\u00e1 este lunes la designaci\u00f3n de una\u00a0comisi\u00f3n especial para investigar las ejecuciones extrajudiciales\u00a0ocurridas en el mar\u00a0Caribe.<\/p>\n<p>La v\u00edspera,\u00a0el presidente de la Asamblea Nacional de Venezuela, Jorge Rodr\u00edguez, detall\u00f3 que la directiva de ese \u00f3rgano hab\u00eda sostenido una\u00a0reuni\u00f3n con \u00abfamiliares de venezolanos asesinados, ejecutados extrajudicialmente, en las acciones a todas luces <strong>ileg\u00edtimas e ilegales<\/strong> que ha venido perpetrando desde el 2 de septiembre efectivos militares de EE.UU.\u00bb.<\/p>\n<h3>Secretario en la mira<\/h3>\n<p>El secretario de Guerra de la Administraci\u00f3n de Donald Trump no ha salido del ojo p\u00fablico desde septiembre, cuando iniciaron los primeros ataques letales contra peque\u00f1as embarcaciones\u00a0en el Caribe.<\/p>\n<p>Sin embargo, el fin de semana la situaci\u00f3n dio un giro inesperado.\u00a0The Washington Post\u00a0inform\u00f3, citando a fuentes, que Hegseth hab\u00eda dado la\u00a0orden verbal de <strong>\u00abmatarlos a todos\u00bb<\/strong> en el primer ataque contra lo que Washington denomina \u00abnarcolancha\u00bb en el mar Caribe, ocurrido\u00a0el 2 de septiembre.<\/p>\n<p>Durante minutos, los comandantes observaron c\u00f3mo ard\u00eda la embarcaci\u00f3n. Al disiparse el humo, recibieron una sorpresa: dos supervivientes se aferraban a los restos humeantes. El comandante de Operaciones Especiales que supervis\u00f3 la ofensiva<strong> orden\u00f3 un segundo ataque<\/strong> para cumplir con las instrucciones de Hegseth, se\u00f1alaron las fuentes, a\u00f1adiendo que los dos hombres volaron en pedazos.<\/p>\n<p>Ante los reportes, Trump dijo que investigar\u00eda lo ocurrido, aunque no se retract\u00f3 de la pol\u00edtica de ataques mortales en la zona.\u00a0\u00abYo no hubiera querido eso. No un segundo bombardeo. El primero fue muy letal. [\u2026] No s\u00e9 [si sucedi\u00f3]. Voy a averiguarlo. Pero Pete dijo que <strong>\u00e9l no orden\u00f3 la muerte<\/strong> de esos dos hombres\u00bb, agreg\u00f3.<\/p>\n<h3><strong>Claves de la agresi\u00f3n de EE.UU. <\/strong><\/h3>\n<ul>\n<li><strong>Despliegue militar:<\/strong> desde agosto pasado, EE.UU. mantiene desplegada una fuerza militar significativa frente a las costas de Venezuela, justific\u00e1ndola como parte de la lucha antidrogas.\u00a0Washington\u00a0anunci\u00f3\u00a0posteriormente la <strong>operaci\u00f3n &#8216;Lanza del Sur&#8217;<\/strong>con el prop\u00f3sito oficial de \u00abeliminar a los narcoterroristas\u00bb del hemisferio occidental y \u00abproteger\u00bb a Estados Unidos \u00abde las drogas que est\u00e1n matando\u00bb a sus ciudadanos.<\/li>\n<li><strong>Operativos letales:<\/strong> como parte de estas operaciones se han realizado\u00a0bombardeos\u00a0contra presuntas\u00a0embarcaciones\u00a0de narcotraficantes, con un saldo de\u00a0m\u00e1s de 70 personas muertas y <strong>sin evidencia<\/strong> que en realidad traficaban drogas.<\/li>\n<\/ul>\n<div class=\"ReadMore-root Section-root Section-is1to3-xs_is1to1\" data-widgets=\"ReadMore\">\n<div class=\"Section-container Section-isRow-isTop-isWrap\">\n<article class=\"Card-root Card-is1to1 Card-default \">\n<div class=\"Card-imageWrap\">\n<div class=\"Card-picture\">\n<picture class=\"Picture-root Picture-default\"><!--[if IE 9]><video style=\"display: none;\"><![endif]--><source media=\"(-webkit-min-device-pixel-ratio: 2) and (min-resolution: 120dpi)\" data-srcset=\"&#10;                                            https:\/\/mfes.b37m.ru\/actualidad\/public_images\/2025.12\/thumbnail\/692d525959bf5b51687942a2.jpg 850w,&#10;                                    https:\/\/mfes.b37m.ru\/actualidad\/public_images\/2025.12\/article\/692d525959bf5b51687942a2.jpg 1960w,            \" srcset=\"&#10;                                    data:image\/png;base64,iVBORw0KGgoAAAANSUhEUgAAABAAAAAJCAQAAACRI2S5AAAAEElEQVR42mNkIAAYRxWAAQAG9gAKqv6+AwAAAABJRU5ErkJggg==&#10;                            \"><source data-srcset=\"&#10;                                            https:\/\/mfes.b37m.ru\/actualidad\/public_images\/2025.12\/thumbnail\/692d525959bf5b51687942a2.jpg 460,&#10;                                  https:\/\/mfes.b37m.ru\/actualidad\/public_images\/2025.12\/article\/692d525959bf5b51687942a2.jpg 980w,&#10;            \" srcset=\"&#10;                                    data:image\/png;base64,iVBORw0KGgoAAAANSUhEUgAAABAAAAAJCAQAAACRI2S5AAAAEElEQVR42mNkIAAYRxWAAQAG9gAKqv6+AwAAAABJRU5ErkJggg==&#10;                            \"><!--[if IE 9]><\/video><![endif]--><img decoding=\"async\" data-sizes=\"auto\" src=\"&#10;                                    data:image\/png;base64,iVBORw0KGgoAAAANSUhEUgAAABAAAAAJCAQAAACRI2S5AAAAEElEQVR42mNkIAAYRxWAAQAG9gAKqv6+AwAAAABJRU5ErkJggg==&#10;                            \" class=\"Picture-root Picture-default lazyload\" data-src=\"https:\/\/mfes.b37m.ru\/actualidad\/public_images\/2025.12\/thumbnail\/692d525959bf5b51687942a2.jpg\" alt=\"Trump investigar\u00e1 reportes de que el jefe del Pent\u00e1gono orden\u00f3 matar a supervivientes de 'narcolancha'\"\/><\/source><\/source><\/picture><!-- noscript pattern --><img decoding=\"async\" src=\"https:\/\/mfes.b37m.ru\/actualidad\/public_images\/2025.12\/article\/692d525959bf5b51687942a2.jpg\" alt=\"Trump investigar\u00e1 reportes de que el jefe del Pent\u00e1gono orden\u00f3 matar a supervivientes de 'narcolancha'\"\/>    <\/div>\n<\/p><\/div>\n<\/article><\/div>\n<\/p><\/div>\n<ul>\n<li><strong>Acusaciones y recompensa:<\/strong> Washington ha acusado<strong> sin pruebas<\/strong> al presidente venezolano, Nicol\u00e1s Maduro, de liderar un c\u00e1rtel de narcotr\u00e1fico y ha\u00a0duplicado\u00a0la recompensa por su captura.<\/li>\n<li><strong>Postura venezolana:<\/strong> Maduro\u00a0denuncia\u00a0que el objetivo real de EE.UU. es un \u00abcambio de r\u00e9gimen\u00bb para apoderarse de las inmensas\u00a0riquezas\u00a0petroleras y gas\u00edsticas de Venezuela.<\/li>\n<li><strong>Falta de sustento:<\/strong> organismos como la ONU y la propia DEA se\u00f1alan que Venezuela no es una ruta principal para el narcotr\u00e1fico hacia el pa\u00eds norteamericano, ya que m\u00e1s del 80 % de las drogas que circulan en la regi\u00f3n lo hacen a trav\u00e9s de la ruta del Pac\u00edfico.<\/li>\n<\/ul>\n<ul>\n<li><strong>Condena internacional:<\/strong> Rusia, el Alto Comisionado de la\u00a0ONU\u00a0para los Derechos Humanos y los Gobiernos de\u00a0Colombia,\u00a0M\u00e9xico\u00a0y\u00a0Brasil\u00a0han condenado las acciones estadounidenses. Expertos califican los ataques a embarcaciones\u00a0como \u00abejecuciones sumarias\u00bb que violan el derecho internacional.<\/li>\n<\/ul>\n<\/div>\n<p><script async src=\"https:\/\/platform.twitter.com\/widgets.js\" charset=\"utf-8\"><\/script><br \/>\n<br \/>\n","protected":false},"excerpt":{"rendered":"<p>El presidente de Colombia, Gustavo Petro, anunci\u00f3 este lunes que su\u00a0abogado Dan Kovalik \u00abha iniciado la defensa judicial de la familia Carranza\u00bb, allegados de una de las v\u00edctimas mortales de los bombardeos de EE.UU. en el Caribe. \u00abMi abogado Dan Kovalik ha iniciado la defensa judicial de la familia Carranza, v\u00edctima del asesinato estadounidense de &hellip;<\/p>\n","protected":false},"author":1,"featured_media":52074,"comment_status":"open","ping_status":"open","sticky":false,"template":"","format":"standard","meta":{"fifu_image_url":"https:\/\/mfes.b37m.ru\/actualidad\/public_images\/2025.12\/article\/692dc15e59bf5b2d8972f3a8.jpg","fifu_image_alt":"","footnotes":""},"categories":[13],"tags":[],"class_list":["post-52072","post","type-post","status-publish","format-standard","has-post-thumbnail","","category-mundo"],"_links":{"self":[{"href":"https:\/\/noticiasveraces.com\/index.php?rest_route=\/wp\/v2\/posts\/52072","targetHints":{"allow":["GET"]}}],"collection":[{"href":"https:\/\/noticiasveraces.com\/index.php?rest_route=\/wp\/v2\/posts"}],"about":[{"href":"https:\/\/noticiasveraces.com\/index.php?rest_route=\/wp\/v2\/types\/post"}],"author":[{"embeddable":true,"href":"https:\/\/noticiasveraces.com\/index.php?rest_route=\/wp\/v2\/users\/1"}],"replies":[{"embeddable":true,"href":"https:\/\/noticiasveraces.com\/index.php?rest_route=%2Fwp%2Fv2%2Fcomments&post=52072"}],"version-history":[{"count":0,"href":"https:\/\/noticiasveraces.com\/index.php?rest_route=\/wp\/v2\/posts\/52072\/revisions"}],"wp:featuredmedia":[{"embeddable":true,"href":"https:\/\/noticiasveraces.com\/index.php?rest_route=\/wp\/v2\/media\/52074"}],"wp:attachment":[{"href":"https:\/\/noticiasveraces.com\/index.php?rest_route=%2Fwp%2Fv2%2Fmedia&parent=52072"}],"wp:term":[{"taxonomy":"category","embeddable":true,"href":"https:\/\/noticiasveraces.com\/index.php?rest_route=%2Fwp%2Fv2%2Fcategories&post=52072"},{"taxonomy":"post_tag","embeddable":true,"href":"https:\/\/noticiasveraces.com\/index.php?rest_route=%2Fwp%2Fv2%2Ftags&post=52072"}],"curies":[{"name":"wp","href":"https:\/\/api.w.org\/{rel}","templated":true}]}}