{"id":52065,"date":"2025-12-01T10:41:11","date_gmt":"2025-12-01T14:41:11","guid":{"rendered":"https:\/\/noticiasveraces.com\/?p=52065"},"modified":"2025-12-01T10:41:11","modified_gmt":"2025-12-01T14:41:11","slug":"ue-alerta-de-abusos-en-centros-para-discapacitados-en-europa-dw-01-12-2025","status":"publish","type":"post","link":"https:\/\/noticiasveraces.com\/?p=52065","title":{"rendered":"UE alerta de abusos en centros para discapacitados en Europa \u2013 DW \u2013 01\/12\/2025"},"content":{"rendered":"<p> \n<\/p>\n<div data-tracking-name=\"rich-text\" data-tracking-skip=\"true\">\n<p>Un informe, difundido la semana pasada en Viena, identifica una serie de abusos como gritos, insultos, privaci\u00f3n de libertad, medicaci\u00f3n excesiva, tratamientos involuntarios, aislamiento, explotaci\u00f3n financiera y violencia f\u00edsica y sexual en estos centros, lo que vulnera la Convenci\u00f3n de la ONU sobre los Derechos de las Personas con Discapacidad (CDPD).<\/p>\n<p>La agencia europea habla de una \u00abcreciente brecha entre la ret\u00f3rica y la realidad\u00bb respecto al derecho de vivir de forma independiente, e insta a los pa\u00edses de la Uni\u00f3n Europea (UE) a \u00abponer fin a la &#8216;institucionalizaci\u00f3n&#8217; y priorizar la inclusi\u00f3n de las personas con discapacidad en la comunidad\u00bb.<\/p>\n<p>En un comunicado, la directora general de la FRA, Sirpa Rautio, destaca que \u00abla violencia contra las personas con discapacidad en los centros institucionales es un problema sist\u00e9mico que requiere un cambio sist\u00e9mico\u00bb.<\/p>\n<p>\u00abLa UE y\u00a0sus Estados miembros deben cumplir con sus obligaciones legales y proteger los derechos fundamentales de las personas con discapacidad, priorizando su inclusi\u00f3n en la comunidad, trat\u00e1ndolas con dignidad y respeto, y protegi\u00e9ndolas de manera efectiva contra la violencia y el abuso\u00bb, agrega la finlandesa.<\/p>\n<p><span data-slot-id=\"Article_InContent-1\" class=\"rich-text-ad\"\/><\/p>\n<h2>Barreras estructurales que impiden denunciar abusos<\/h2>\n<p>El informe, basado en investigaciones documentales en los 27 pa\u00edses de la UE, subraya que la violencia persiste gracias a barreras estructurales que impiden denunciar abusos.<\/p>\n<p>Seg\u00fan la FRA, \u00abmuchas v\u00edctimas han llegado a considerar los abusos como algo normal, pues desconocen sus derechos y canales para denunciarlos\u00bb, lo que genera \u00abbarreras persistentes y una cultura de silencio e impunidad\u00bb.<\/p>\n<blockquote class=\"tweet embed\" data-id=\"1993945386952827114\"\/>\n<p>Muchas v\u00edctimas no identifican los abusos porque los han sufrido desde edades tempranas, mientras que en otros casos la dependencia absoluta del personal provoca miedo a posibles represalias si se presentan denuncias.<\/p>\n<h2>Faltan: informaci\u00f3n, alternativas comunitarias,\u00a0formaci\u00f3n y\u00a0mecanismos de denuncia<\/h2>\n<p>Al mismo tiempo, esta situaci\u00f3n se agrava por \u00abdeficiencias en el acceso a la informaci\u00f3n y a mecanismos de denuncia accesibles\u00bb, lo que dificulta que las v\u00edctimas obtengan reparaci\u00f3n, alerta la FRA.<\/p>\n<p>Por otra parte, el informe se\u00f1ala que los pa\u00edses de la UE no disponen de datos completos, comparables ni fiables sobre violencia en instituciones.<\/p>\n<p>Por eso, la FRA pide reforzar los sistemas de informaci\u00f3n para mejorar la recopilaci\u00f3n de datos y garantizar la evaluaci\u00f3n de tendencias y la detecci\u00f3n de problemas.<\/p>\n<p>Entre sus recomendaciones m\u00e1s contundentes, la agencia urge a los pa\u00edses de la UE cerrar progresivamente las instituciones y garantizar alternativas comunitarias basadas en la vida independiente.<\/p>\n<p>Al mismo tiempo, la FRA pide desarrollar formaci\u00f3n obligatoria para todo el personal, cuerpos policiales, equipos de supervisi\u00f3n y operadores judiciales, adem\u00e1s de crear mecanismos de denuncia accesibles, seguros y confidenciales para las v\u00edctimas.<\/p>\n<div class=\"vjs-wrapper embed big\">\n<h2 aria-label=\"Video integrado \u2014 \u00bfSin derecho a ser madre? - Esterilizaci\u00f3n forzada en Europa\" class=\"headline\"><svg xmlns=\"http:\/\/www.w3.org\/2000\/svg\" viewbox=\"0 0 20 20\"><g fill-rule=\"evenodd\"><path d=\"M14.114 7.599H13.5l.002 4.706h.601l4.582 3.25-.005-11.11zM11.084 4.444l-9.007.002-1.336.797.002 9.514 1.334.793 9.007.006 1.509-.799-.004-9.516z\"\/><\/g><\/svg>\u00bfSin derecho a ser madre? &#8211; Esterilizaci\u00f3n forzada en Europa<\/h2>\n<p><video id=\"video-74956843\" controls=\"\" playsinline=\"\" preload=\"none\" poster=\"data:image\/png;base64,iVBORw0KGgoAAAANSUhEUgAAAAEAAAABCAQAAAC1HAwCAAAAC0lEQVR42mNkYAAAAAYAAjCB0C8AAAAASUVORK5CYII=\" data-id=\"74956843\" data-posterurl=\"https:\/\/static.dw.com\/image\/74841913_605.webp\" data-duration=\"26:04\"><source src=\"https:\/\/hlsvod.dw.com\/i\/dwtv_video\/flv\/pri\/pri20251130_12682_Zwangsterilisierung_Korrigiert_,AVC_480x270,AVC_512x288,AVC_640x360,AVC_960x540,AVC_1280x720,AVC_1920x1080,.mp4.csmil\/master.m3u8\" type=\"application\/x-mpegURL\"><source src=\"https:\/\/tvdownloaddw-a.akamaihd.net\/dwtv_video\/flv\/pri\/pri20251130_12682_Zwangsterilisierung_Korrigiert_AVC_1920x1080.mp4\" type=\"video\/mp4\"><p class=\"vjs-no-js\">Para ver este video, habilite JavaScript y considere actualizar a un navegador web que admita videos HTML5.<\/p>\n<p><\/source><\/source><\/video><\/div>\n<p>rml (efe, @EURightsAgency)<\/p>\n<\/div>\n\n","protected":false},"excerpt":{"rendered":"<p>Un informe, difundido la semana pasada en Viena, identifica una serie de abusos como gritos, insultos, privaci\u00f3n de libertad, medicaci\u00f3n excesiva, tratamientos involuntarios, aislamiento, explotaci\u00f3n financiera y violencia f\u00edsica y sexual en estos centros, lo que vulnera la Convenci\u00f3n de la ONU sobre los Derechos de las Personas con Discapacidad (CDPD). La agencia europea habla &hellip;<\/p>\n","protected":false},"author":1,"featured_media":52066,"comment_status":"open","ping_status":"open","sticky":false,"template":"","format":"standard","meta":{"fifu_image_url":"https:\/\/static.dw.com\/image\/73557210_6.jpg","fifu_image_alt":"","footnotes":""},"categories":[13],"tags":[],"class_list":["post-52065","post","type-post","status-publish","format-standard","has-post-thumbnail","","category-mundo"],"_links":{"self":[{"href":"https:\/\/noticiasveraces.com\/index.php?rest_route=\/wp\/v2\/posts\/52065","targetHints":{"allow":["GET"]}}],"collection":[{"href":"https:\/\/noticiasveraces.com\/index.php?rest_route=\/wp\/v2\/posts"}],"about":[{"href":"https:\/\/noticiasveraces.com\/index.php?rest_route=\/wp\/v2\/types\/post"}],"author":[{"embeddable":true,"href":"https:\/\/noticiasveraces.com\/index.php?rest_route=\/wp\/v2\/users\/1"}],"replies":[{"embeddable":true,"href":"https:\/\/noticiasveraces.com\/index.php?rest_route=%2Fwp%2Fv2%2Fcomments&post=52065"}],"version-history":[{"count":0,"href":"https:\/\/noticiasveraces.com\/index.php?rest_route=\/wp\/v2\/posts\/52065\/revisions"}],"wp:featuredmedia":[{"embeddable":true,"href":"https:\/\/noticiasveraces.com\/index.php?rest_route=\/wp\/v2\/media\/52066"}],"wp:attachment":[{"href":"https:\/\/noticiasveraces.com\/index.php?rest_route=%2Fwp%2Fv2%2Fmedia&parent=52065"}],"wp:term":[{"taxonomy":"category","embeddable":true,"href":"https:\/\/noticiasveraces.com\/index.php?rest_route=%2Fwp%2Fv2%2Fcategories&post=52065"},{"taxonomy":"post_tag","embeddable":true,"href":"https:\/\/noticiasveraces.com\/index.php?rest_route=%2Fwp%2Fv2%2Ftags&post=52065"}],"curies":[{"name":"wp","href":"https:\/\/api.w.org\/{rel}","templated":true}]}}