{"id":52062,"date":"2025-12-01T09:40:26","date_gmt":"2025-12-01T13:40:26","guid":{"rendered":"https:\/\/noticiasveraces.com\/?p=52062"},"modified":"2025-12-01T09:40:26","modified_gmt":"2025-12-01T13:40:26","slug":"padre-e-hijos-acusados-de-matar-a-una-adolescente-por-su-estilo-de-vida-occidental","status":"publish","type":"post","link":"https:\/\/noticiasveraces.com\/?p=52062","title":{"rendered":"Padre e hijos acusados \u200b\u200bde matar a una adolescente por su estilo de vida \u00aboccidental\u00bb"},"content":{"rendered":"<p> \n<\/p>\n<div>\n<div id=\"beyondwords-wrapper\" class=\"beyondwords-wrapper\">\n<p><span class=\"label-bg\">NUEVO<\/span>\u00a1Ahora puedes escuchar los art\u00edculos de Fox News!\n  <\/p>\n<\/div>\n<p class=\"speakable\">Los fiscales holandeses exigieron el viernes que un padre musulm\u00e1n y sus dos hijos enfrenten hasta 25 a\u00f1os de prisi\u00f3n por supuestamente ahogar a un miembro de la familia de 18 a\u00f1os porque cre\u00edan que su comportamiento \u00aboccidental\u00bb estaba avergonzando a la familia.<\/p>\n<p class=\"speakable\">El cuerpo de la mujer siria Ryan Al Najjar fue encontrado sumergido en un lago con las manos y los pies fuertemente atados el 28 de mayo de 2024, cerca de Joure, en el norte de Holanda, seis d\u00edas despu\u00e9s de desaparecer, seg\u00fan las autoridades. Los funcionarios arrestaron a su padre y a sus dos hermanos, que entonces ten\u00edan 22 y 24 a\u00f1os, y los acusaron en relaci\u00f3n con su asesinato, que, seg\u00fan los fiscales, probablemente ocurri\u00f3 el 22 de mayo.<\/p>\n<p>\u00abVieron a Ryan como una carga que hab\u00eda que eliminar\u00bb, dijo el viernes el Ministerio P\u00fablico. \u00abS\u00f3lo porque era una mujer joven que quer\u00eda vivir su propia vida\u00bb.<\/p>\n<p>Las autoridades dijeron que sus parientes varones, que provienen de lo que describieron como una familia isl\u00e1mica \u00abestricta\u00bb, supuestamente la mataron despu\u00e9s de creer que se estaba \u00abcomportando demasiado occidental a los ojos de su familia\u00bb. Seg\u00fan los informes, Al Najjar fue atacada despu\u00e9s de negarse a usar un velo en lugares p\u00fablicos.<\/p>\n<p><strong>MADRE DICE QUE EL PRESUNTO ACOSADOR QUE MAT\u00d3 A SU HIJA DEBE SER JUZGADO COMO ADULTO<\/strong><\/p>\n<div class=\"image-ct inline\">\n<div class=\"m\"><picture><source media=\"(max-width: 767px)\" srcset=\"https:\/\/a57.foxnews.com\/static.foxnews.com\/foxnews.com\/content\/uploads\/2025\/11\/343\/192\/ryan-al-najjar.jpg?ve=1&amp;tl=1, https:\/\/a57.foxnews.com\/static.foxnews.com\/foxnews.com\/content\/uploads\/2025\/11\/686\/384\/ryan-al-najjar.jpg?ve=1&amp;tl=1 2x\" height=\"192\" width=\"343\"><source media=\"(min-width: 768px) and (max-width: 1023px)\" srcset=\"https:\/\/a57.foxnews.com\/static.foxnews.com\/foxnews.com\/content\/uploads\/2025\/11\/672\/378\/ryan-al-najjar.jpg?ve=1&amp;tl=1, https:\/\/a57.foxnews.com\/static.foxnews.com\/foxnews.com\/content\/uploads\/2025\/11\/1344\/756\/ryan-al-najjar.jpg?ve=1&amp;tl=1 2x\" height=\"378\" width=\"672\"><source media=\"(min-width: 1024px) and (max-width: 1279px)\" srcset=\"https:\/\/a57.foxnews.com\/static.foxnews.com\/foxnews.com\/content\/uploads\/2025\/11\/931\/523\/ryan-al-najjar.jpg?ve=1&amp;tl=1, https:\/\/a57.foxnews.com\/static.foxnews.com\/foxnews.com\/content\/uploads\/2025\/11\/1862\/1046\/ryan-al-najjar.jpg?ve=1&amp;tl=1 2x\" height=\"523\" width=\"931\"><source media=\"(min-width: 1280px)\" srcset=\"https:\/\/a57.foxnews.com\/static.foxnews.com\/foxnews.com\/content\/uploads\/2025\/11\/720\/405\/ryan-al-najjar.jpg?ve=1&amp;tl=1, https:\/\/a57.foxnews.com\/static.foxnews.com\/foxnews.com\/content\/uploads\/2025\/11\/1440\/810\/ryan-al-najjar.jpg?ve=1&amp;tl=1 2x\" height=\"405\" width=\"720\"><img loading=\"lazy\" decoding=\"async\" src=\"https:\/\/a57.foxnews.com\/static.foxnews.com\/foxnews.com\/content\/uploads\/2025\/11\/1200\/675\/ryan-al-najjar.jpg?ve=1&amp;tl=1\" alt=\"Ryan al Najjar con un pa\u00f1uelo azul en la cabeza.\" width=\"1200\" height=\"675\"\/><\/source><\/source><\/source><\/source><\/picture><\/div>\n<div class=\"info\">\n<div class=\"caption\">\n<p><span>Ryan Al Najjar fue asesinado en mayo de 2024 en Pa\u00edses Bajos.<\/span> <span>(Cuerpo Nacional de Polic\u00eda de los Pa\u00edses Bajos)<\/span><\/p>\n<\/div>\n<\/div>\n<\/div>\n<p>\u00abLa causa inmediata de su muerte parece ser un video en vivo en TikTok, que muestra a Ryan sin velo y usando maquillaje\u00bb, dijeron los fiscales el viernes. \u00abEl v\u00eddeo averg\u00fcenza seriamente a la familia, seg\u00fan sus publicaciones, ya que no encaja con sus puntos de vista tradicionales\u00bb.<\/p>\n<p>\u00abUna vez que los sospechosos tuvieron conocimiento del v\u00eddeo, comenzaron a buscar a Ryan\u00bb, agregaron las autoridades. \u00abSeg\u00fan la fiscal\u00eda, sus hermanos la visitaron en R\u00f3terdam y la convencieron de que la acompa\u00f1ara a un lugar remoto la noche anterior a su asesinato. La llevaron a Knardijk, donde se reuni\u00f3 su padre. All\u00ed la mataron\u00bb.<\/p>\n<p>El medio local NL Times identific\u00f3 a los hermanos como Mohamed Al Najjar y Muhanad, y a su padre, de 53 a\u00f1os, como Khaled. Los tres fueron acusados \u200b\u200bde asesinar a la joven, mientras que su padre fue acusado de orquestar el asesinato antes de probablemente huir a Siria, dijeron los fiscales.<\/p>\n<p><strong>EL HERMANO DEL SOSPECHOSO QUE APU\u00d1AL\u00d3 EN EL TREN DE CHARLOTTE DICE QUE EL ASESINATO PODR\u00cdA HABER SIDO &#8216;PREVENIDO&#8217; <\/strong><\/p>\n<div class=\"image-ct inline\">\n<div class=\"m\"><picture><source media=\"(max-width: 767px)\" srcset=\"https:\/\/a57.foxnews.com\/static.foxnews.com\/foxnews.com\/content\/uploads\/2025\/11\/343\/192\/najjar-brothers.jpg?ve=1&amp;tl=1, https:\/\/a57.foxnews.com\/static.foxnews.com\/foxnews.com\/content\/uploads\/2025\/11\/686\/384\/najjar-brothers.jpg?ve=1&amp;tl=1 2x\" height=\"192\" width=\"343\"><source media=\"(min-width: 768px) and (max-width: 1023px)\" srcset=\"https:\/\/a57.foxnews.com\/static.foxnews.com\/foxnews.com\/content\/uploads\/2025\/11\/672\/378\/najjar-brothers.jpg?ve=1&amp;tl=1, https:\/\/a57.foxnews.com\/static.foxnews.com\/foxnews.com\/content\/uploads\/2025\/11\/1344\/756\/najjar-brothers.jpg?ve=1&amp;tl=1 2x\" height=\"378\" width=\"672\"><source media=\"(min-width: 1024px) and (max-width: 1279px)\" srcset=\"https:\/\/a57.foxnews.com\/static.foxnews.com\/foxnews.com\/content\/uploads\/2025\/11\/931\/523\/najjar-brothers.jpg?ve=1&amp;tl=1, https:\/\/a57.foxnews.com\/static.foxnews.com\/foxnews.com\/content\/uploads\/2025\/11\/1862\/1046\/najjar-brothers.jpg?ve=1&amp;tl=1 2x\" height=\"523\" width=\"931\"><source media=\"(min-width: 1280px)\" srcset=\"https:\/\/a57.foxnews.com\/static.foxnews.com\/foxnews.com\/content\/uploads\/2025\/11\/720\/405\/najjar-brothers.jpg?ve=1&amp;tl=1, https:\/\/a57.foxnews.com\/static.foxnews.com\/foxnews.com\/content\/uploads\/2025\/11\/1440\/810\/najjar-brothers.jpg?ve=1&amp;tl=1 2x\" height=\"405\" width=\"720\"><img loading=\"lazy\" decoding=\"async\" src=\"https:\/\/a57.foxnews.com\/static.foxnews.com\/foxnews.com\/content\/uploads\/2025\/11\/1200\/675\/najjar-brothers.jpg?ve=1&amp;tl=1\" alt=\"Los dos hermanos en el tribunal.\" width=\"1200\" height=\"675\"\/><\/source><\/source><\/source><\/source><\/picture><\/div>\n<div class=\"info\">\n<div class=\"caption\">\n<p><span>Bosquejo de la sala del tribunal de los sospechosos Mohammed Al N. (R) y Muhanad Al N. durante una audiencia en el tribunal. Los dos hermanos y su padre, Khaled Al N., son sospechosos del asesinato de su hermana y su hija, Ryan Al Najjar.<\/span> <span>(Hollandse Hoogte\/Shutterstock)<\/span><\/p>\n<\/div>\n<\/div>\n<\/div>\n<p>Los investigadores dicen que Al Najjar fue llevada a un parque remoto donde \u00abnadie en kil\u00f3metros a la redonda podr\u00eda haberla escuchado\u00bb pedir ayuda. La evidencia mostraba signos de estrangulamiento y ahogamiento, y se hab\u00edan utilizado aproximadamente 60 pies de cinta adhesiva para atarla antes de que la arrojaran viva al agua. Los fiscales informaron que tambi\u00e9n se encontr\u00f3 ADN de Khaled debajo de las u\u00f1as de su hija, lo que sugiere que estuvo presente durante el asesinato.<\/p>\n<p><strong>HAGA CLIC AQU\u00cd PARA DESCARGAR LA APLICACI\u00d3N FOX NEWS<\/strong><\/p>\n<div class=\"image-ct inline\">\n<div class=\"m\"><picture><source media=\"(max-width: 767px)\" srcset=\"https:\/\/a57.foxnews.com\/static.foxnews.com\/foxnews.com\/content\/uploads\/2025\/11\/343\/192\/netherlands-park.jpg?ve=1&amp;tl=1, https:\/\/a57.foxnews.com\/static.foxnews.com\/foxnews.com\/content\/uploads\/2025\/11\/686\/384\/netherlands-park.jpg?ve=1&amp;tl=1 2x\" height=\"192\" width=\"343\"><source media=\"(min-width: 768px) and (max-width: 1023px)\" srcset=\"https:\/\/a57.foxnews.com\/static.foxnews.com\/foxnews.com\/content\/uploads\/2025\/11\/672\/378\/netherlands-park.jpg?ve=1&amp;tl=1, https:\/\/a57.foxnews.com\/static.foxnews.com\/foxnews.com\/content\/uploads\/2025\/11\/1344\/756\/netherlands-park.jpg?ve=1&amp;tl=1 2x\" height=\"378\" width=\"672\"><source media=\"(min-width: 1024px) and (max-width: 1279px)\" srcset=\"https:\/\/a57.foxnews.com\/static.foxnews.com\/foxnews.com\/content\/uploads\/2025\/11\/931\/523\/netherlands-park.jpg?ve=1&amp;tl=1, https:\/\/a57.foxnews.com\/static.foxnews.com\/foxnews.com\/content\/uploads\/2025\/11\/1862\/1046\/netherlands-park.jpg?ve=1&amp;tl=1 2x\" height=\"523\" width=\"931\"><source media=\"(min-width: 1280px)\" srcset=\"https:\/\/a57.foxnews.com\/static.foxnews.com\/foxnews.com\/content\/uploads\/2025\/11\/720\/405\/netherlands-park.jpg?ve=1&amp;tl=1, https:\/\/a57.foxnews.com\/static.foxnews.com\/foxnews.com\/content\/uploads\/2025\/11\/1440\/810\/netherlands-park.jpg?ve=1&amp;tl=1 2x\" height=\"405\" width=\"720\"><img loading=\"lazy\" decoding=\"async\" src=\"https:\/\/a57.foxnews.com\/static.foxnews.com\/foxnews.com\/content\/uploads\/2025\/11\/1200\/675\/netherlands-park.jpg?ve=1&amp;tl=1\" alt=\"Valla alrededor de un gran lago.\" width=\"1200\" height=\"675\"\/><\/source><\/source><\/source><\/source><\/picture><\/div>\n<div class=\"info\">\n<div class=\"caption\">\n<p><span>El cuerpo de Ryan Al Najjar fue encontrado en la reserva natural Oostvaardersplassen en Lelystad, Pa\u00edses Bajos.<\/span> <span>(Pierre Crom)<\/span><\/p>\n<\/div>\n<\/div>\n<\/div>\n<p>\u00ab[Khaled] Huy\u00f3 a Siria inmediatamente despu\u00e9s del asesinato y dej\u00f3 que sus hijos asumieran la culpa. Cobarde\u00bb, escribi\u00f3 el Ministerio P\u00fablico en un comunicado el viernes, seg\u00fan NL Times. \u00abKhaled ha destruido completamente a su familia\u00bb.<\/p>\n<p>Las autoridades holandesas agregaron que extraditar a Khaled puede ser dif\u00edcil porque se cas\u00f3 con una mujer en Siria desde la muerte de Al Najjar, inform\u00f3 el medio. <\/p>\n<p>El Ministerio P\u00fablico ha recomendado una pena de prisi\u00f3n de 25 a\u00f1os para el padre y de 20 a\u00f1os para cada uno de los dos hermanos.<\/p>\n<p>Est\u00e1 previsto que el tribunal emita su fallo el 5 de enero.<\/p>\n<p>Fox News Digital se comunic\u00f3 con el Ministerio P\u00fablico para obtener m\u00e1s informaci\u00f3n.<\/p>\n<p> <!----> <\/p>\n<div class=\"article-meta\">\n<div class=\"author-bio\">\n<p>Bonny Chu es asistente de producci\u00f3n digital en Fox News Digital.<\/p>\n<\/div>\n<\/div>\n<\/div>\n\n","protected":false},"excerpt":{"rendered":"<p>NUEVO\u00a1Ahora puedes escuchar los art\u00edculos de Fox News! Los fiscales holandeses exigieron el viernes que un padre musulm\u00e1n y sus dos hijos enfrenten hasta 25 a\u00f1os de prisi\u00f3n por supuestamente ahogar a un miembro de la familia de 18 a\u00f1os porque cre\u00edan que su comportamiento \u00aboccidental\u00bb estaba avergonzando a la familia. El cuerpo de la &hellip;<\/p>\n","protected":false},"author":1,"featured_media":52064,"comment_status":"open","ping_status":"open","sticky":false,"template":"","format":"standard","meta":{"fifu_image_url":"https:\/\/static.foxnews.com\/foxnews.com\/content\/uploads\/2025\/11\/ryan-al-najjar-thumb-1.jpg","fifu_image_alt":"","footnotes":""},"categories":[13],"tags":[],"class_list":["post-52062","post","type-post","status-publish","format-standard","has-post-thumbnail","","category-mundo"],"_links":{"self":[{"href":"https:\/\/noticiasveraces.com\/index.php?rest_route=\/wp\/v2\/posts\/52062","targetHints":{"allow":["GET"]}}],"collection":[{"href":"https:\/\/noticiasveraces.com\/index.php?rest_route=\/wp\/v2\/posts"}],"about":[{"href":"https:\/\/noticiasveraces.com\/index.php?rest_route=\/wp\/v2\/types\/post"}],"author":[{"embeddable":true,"href":"https:\/\/noticiasveraces.com\/index.php?rest_route=\/wp\/v2\/users\/1"}],"replies":[{"embeddable":true,"href":"https:\/\/noticiasveraces.com\/index.php?rest_route=%2Fwp%2Fv2%2Fcomments&post=52062"}],"version-history":[{"count":0,"href":"https:\/\/noticiasveraces.com\/index.php?rest_route=\/wp\/v2\/posts\/52062\/revisions"}],"wp:featuredmedia":[{"embeddable":true,"href":"https:\/\/noticiasveraces.com\/index.php?rest_route=\/wp\/v2\/media\/52064"}],"wp:attachment":[{"href":"https:\/\/noticiasveraces.com\/index.php?rest_route=%2Fwp%2Fv2%2Fmedia&parent=52062"}],"wp:term":[{"taxonomy":"category","embeddable":true,"href":"https:\/\/noticiasveraces.com\/index.php?rest_route=%2Fwp%2Fv2%2Fcategories&post=52062"},{"taxonomy":"post_tag","embeddable":true,"href":"https:\/\/noticiasveraces.com\/index.php?rest_route=%2Fwp%2Fv2%2Ftags&post=52062"}],"curies":[{"name":"wp","href":"https:\/\/api.w.org\/{rel}","templated":true}]}}