{"id":52021,"date":"2025-12-01T06:30:49","date_gmt":"2025-12-01T10:30:49","guid":{"rendered":"https:\/\/noticiasveraces.com\/?p=52021"},"modified":"2025-12-01T06:30:49","modified_gmt":"2025-12-01T10:30:49","slug":"iran-afirma-que-ee-uu-es-la-mayor-amenaza-para-la-paz-por-sus-acciones-contra-venezuela","status":"publish","type":"post","link":"https:\/\/noticiasveraces.com\/?p=52021","title":{"rendered":"Ir\u00e1n afirma que EE UU es la mayor amenaza para la paz por sus acciones contra Venezuela"},"content":{"rendered":"<p> \n<\/p>\n<div>\n<article>\n<div class=\"image-featured\">\n<img src=\"data:image\/png;base64,iVBORw0KGgoAAAANSUhEUgAABQAAAANVAQAAAAAPDG4kAAAAAnRSTlMAAHaTzTgAAACcSURBVHja7cExAQAAAMKg9U9tCU+gAAAAAAAAAAAAAAAAAAAAAAAAAAAAAAAAAAAAAAAAAAAAAAAAAAAAAAAAAAAAAAAAAAAAAAAAAAAAAAAAAAAAAAAAAAAAAAAAAAAAAAAAAAAAAAAAAAAAAAAAAAAAAAAAAAAAAAAAAAAAAAAAAAAAAAAAAAAAAAAAAAAAAAAAAAAAAAAAAI4GGJMAAVbYOkkAAAAASUVORK5CYII=\" alt=\"Ir\u00e1n afirma que EE UU es la mayor amenaza para la paz por sus acciones contra Venezuela\" data-src=\"https:\/\/elnacional-uploads.nyc3.digitaloceanspaces.com\/wp-content\/uploads\/2025\/12\/01062532\/AFP__20250924__76LZ72L__v1__HighRes__UnDiplomacyUnga-1280x853.jpg\" decoding=\"async\" class=\"lazyload\" data-eio-rwidth=\"1280\" data-eio-rheight=\"853\"\/><img decoding=\"async\" src=\"https:\/\/elnacional-uploads.nyc3.digitaloceanspaces.com\/wp-content\/uploads\/2025\/12\/01062532\/AFP__20250924__76LZ72L__v1__HighRes__UnDiplomacyUnga-1280x853.jpg\" alt=\"Ir\u00e1n afirma que EE UU es la mayor amenaza para la paz por sus acciones contra Venezuela\" data-eio=\"l\"\/><figcaption>Presidente de Ir\u00e1n, Masoud Pezeshkian \/ AFP<\/figcaption><\/div>\n<p>Ir\u00e1n denunci\u00f3 este lunes que Estados Unidos se ha convertido en \u201cla mayor amenaza para la paz internacional\u201d por su despliegue militar cerca de las costas venezolanas en el Caribe y el cierre del espacio a\u00e9reo venezolano por parte del presidente estadounidense, Donald Trump.<\/p>\n<p>\u201cEstados Unidos, con su comportamiento durante este per\u00edodo, se ha convertido en la mayor amenaza para la paz y la seguridad internacional. En todos los rincones del mundo, somos testigos de acciones basadas en amenazas y fuerza bruta por parte de EE UU\u201d, afirm\u00f3 el portavoz del Ministerio de Exteriores iran\u00ed, Ismail Baghaei, en su rueda de prensa semanal.<\/p>\n<p>Baghaei denunci\u00f3 las amenazas estadounidenses contra Venezuela en referencia al despliegue de fuerzas militares estadounidenses en el Caribe, y conden\u00f3 adem\u00e1s la orden de Trump el s\u00e1bado de cerrar el espacio a\u00e9reo venezolano, calific\u00e1ndola de una acci\u00f3n \u201csin precedentes\u201d.<\/p>\n<p>\u201cEstas medidas representan un patr\u00f3n de comportamiento basado en la amenaza y el uso de la fuerza, y constituyen una violaci\u00f3n flagrante de los principios de la Carta de las Naciones Unidas\u201d, asever\u00f3.<\/p>\n<p>El Ministerio de Exteriores de Ir\u00e1n ya hab\u00eda condenado el s\u00e1bado el anuncio de Trump sobre el cierre del espacio a\u00e9reo venezolano y dijo que la medida constituye un \u201cacto arbitrario y una amenaza sin precedentes\u201d para la seguridad y la protecci\u00f3n de la aviaci\u00f3n internacional.<\/p>\n<p>Estados Unidos mantiene desde septiembre un despliegue naval y a\u00e9reo en aguas del mar Caribe, cercanas a Venezuela, bajo el argumento de combatir el narcotr\u00e1fico, y ha vinculado al presidente venezolano, Nicol\u00e1s Maduro, con el Cartel de los Soles, un grupo presuntamente ligado al tr\u00e1fico de drogas.<\/p>\n<p>En este contexto, Washington ha bombardeado varias lanchas en el Caribe, causando varios muertos.<\/p>\n<p>Ir\u00e1n, uno de los principales aliados de Venezuela, ha denunciado en repetidas ocasiones la \u201cactitud intimidatoria\u201d, \u201cintervencionista\u201d y \u201cpeligrosa\u201d del presidente estadounidense hacia Caracas en los \u00faltimos meses.<\/p>\n<\/article>\n<\/div>\n\n","protected":false},"excerpt":{"rendered":"<p>Presidente de Ir\u00e1n, Masoud Pezeshkian \/ AFP Ir\u00e1n denunci\u00f3 este lunes que Estados Unidos se ha convertido en \u201cla mayor amenaza para la paz internacional\u201d por su despliegue militar cerca de las costas venezolanas en el Caribe y el cierre del espacio a\u00e9reo venezolano por parte del presidente estadounidense, Donald Trump. \u201cEstados Unidos, con su &hellip;<\/p>\n","protected":false},"author":1,"featured_media":52023,"comment_status":"open","ping_status":"open","sticky":false,"template":"","format":"standard","meta":{"fifu_image_url":"https:\/\/elnacional-uploads.nyc3.digitaloceanspaces.com\/wp-content\/uploads\/2025\/05\/12084433\/elnacional-site-image-1200x675-1-1.png","fifu_image_alt":"","footnotes":""},"categories":[13],"tags":[],"class_list":["post-52021","post","type-post","status-publish","format-standard","has-post-thumbnail","","category-mundo"],"_links":{"self":[{"href":"https:\/\/noticiasveraces.com\/index.php?rest_route=\/wp\/v2\/posts\/52021","targetHints":{"allow":["GET"]}}],"collection":[{"href":"https:\/\/noticiasveraces.com\/index.php?rest_route=\/wp\/v2\/posts"}],"about":[{"href":"https:\/\/noticiasveraces.com\/index.php?rest_route=\/wp\/v2\/types\/post"}],"author":[{"embeddable":true,"href":"https:\/\/noticiasveraces.com\/index.php?rest_route=\/wp\/v2\/users\/1"}],"replies":[{"embeddable":true,"href":"https:\/\/noticiasveraces.com\/index.php?rest_route=%2Fwp%2Fv2%2Fcomments&post=52021"}],"version-history":[{"count":0,"href":"https:\/\/noticiasveraces.com\/index.php?rest_route=\/wp\/v2\/posts\/52021\/revisions"}],"wp:featuredmedia":[{"embeddable":true,"href":"https:\/\/noticiasveraces.com\/index.php?rest_route=\/wp\/v2\/media\/52023"}],"wp:attachment":[{"href":"https:\/\/noticiasveraces.com\/index.php?rest_route=%2Fwp%2Fv2%2Fmedia&parent=52021"}],"wp:term":[{"taxonomy":"category","embeddable":true,"href":"https:\/\/noticiasveraces.com\/index.php?rest_route=%2Fwp%2Fv2%2Fcategories&post=52021"},{"taxonomy":"post_tag","embeddable":true,"href":"https:\/\/noticiasveraces.com\/index.php?rest_route=%2Fwp%2Fv2%2Ftags&post=52021"}],"curies":[{"name":"wp","href":"https:\/\/api.w.org\/{rel}","templated":true}]}}