{"id":52019,"date":"2025-12-01T05:17:19","date_gmt":"2025-12-01T09:17:19","guid":{"rendered":"https:\/\/noticiasveraces.com\/?p=52019"},"modified":"2025-12-01T05:17:19","modified_gmt":"2025-12-01T09:17:19","slug":"an-designara-comision-este-1-dic-para-investigar-asesinatos-de-venezolanos-en-el-caribe-correo-del-orinoco","status":"publish","type":"post","link":"https:\/\/noticiasveraces.com\/?p=52019","title":{"rendered":"AN designar\u00e1 comisi\u00f3n este 1-Dic para investigar asesinatos de venezolanos en el Caribe &#8211; Correo del Orinoco"},"content":{"rendered":"<p> \n<\/p>\n<div>\n<p>El presidente de la Asamblea Nacional (AN), Jorge Rodr\u00edguez G\u00f3mez, anunci\u00f3 la convocatoria de una sesi\u00f3n extraordinaria para este 1 de diciembre, en la cual se propondr\u00e1 la conformaci\u00f3n de una comisi\u00f3n especial de diputados y diputadas destinada a investigar los asesinatos de venezolanos ocurridos en aguas del mar Caribe.<\/p>\n<p>Acompa\u00f1ado por el primer vicepresidente, Pedro Infante, y la segunda vicepresidenta, Am\u00e9rica P\u00e9rez, el presidente del Parlamento, inform\u00f3 que sostuvo reuni\u00f3n con familiares de las v\u00edctimas.<\/p>\n<p>Rodr\u00edguez se\u00f1al\u00f3 que se trat\u00f3 de ciudadanos asesinados, ejecutados extrajudicialmente en las acciones a todas luces ileg\u00edtimas e ilegales que ha venido perpetrando desde el d\u00eda 2 de septiembre efectivos militares de Estados Unidos (EE.UU.).<\/p>\n<p>Asimismo, indic\u00f3 que los familiares han recibido amenazas por sectores y personas que tienen un m\u00e1ximo inter\u00e9s en que no se diga la verdad y que no se diluciden los hechos.<\/p>\n<p>En este contexto, Rodr\u00edguez anunci\u00f3 que en la sesi\u00f3n extraordinaria de la AN se propondr\u00e1 la creaci\u00f3n de una comisi\u00f3n especial que investigue de manera exhaustiva los graves hechos que condujeron al fallecimiento de venezolanos en el Caribe.<\/p>\n<\/p>\n<h6>T y F\/VTV<\/h6>\n<\/p><\/div>\n\n","protected":false},"excerpt":{"rendered":"<p>El presidente de la Asamblea Nacional (AN), Jorge Rodr\u00edguez G\u00f3mez, anunci\u00f3 la convocatoria de una sesi\u00f3n extraordinaria para este 1 de diciembre, en la cual se propondr\u00e1 la conformaci\u00f3n de una comisi\u00f3n especial de diputados y diputadas destinada a investigar los asesinatos de venezolanos ocurridos en aguas del mar Caribe. Acompa\u00f1ado por el primer vicepresidente, &hellip;<\/p>\n","protected":false},"author":1,"featured_media":52020,"comment_status":"open","ping_status":"open","sticky":false,"template":"","format":"standard","meta":{"fifu_image_url":"http:\/\/www.correodelorinoco.gob.ve\/wp-content\/uploads\/2025\/11\/IMG_20251130_165843_297.jpg","fifu_image_alt":"","footnotes":""},"categories":[13],"tags":[],"class_list":["post-52019","post","type-post","status-publish","format-standard","has-post-thumbnail","","category-mundo"],"_links":{"self":[{"href":"https:\/\/noticiasveraces.com\/index.php?rest_route=\/wp\/v2\/posts\/52019","targetHints":{"allow":["GET"]}}],"collection":[{"href":"https:\/\/noticiasveraces.com\/index.php?rest_route=\/wp\/v2\/posts"}],"about":[{"href":"https:\/\/noticiasveraces.com\/index.php?rest_route=\/wp\/v2\/types\/post"}],"author":[{"embeddable":true,"href":"https:\/\/noticiasveraces.com\/index.php?rest_route=\/wp\/v2\/users\/1"}],"replies":[{"embeddable":true,"href":"https:\/\/noticiasveraces.com\/index.php?rest_route=%2Fwp%2Fv2%2Fcomments&post=52019"}],"version-history":[{"count":0,"href":"https:\/\/noticiasveraces.com\/index.php?rest_route=\/wp\/v2\/posts\/52019\/revisions"}],"wp:featuredmedia":[{"embeddable":true,"href":"https:\/\/noticiasveraces.com\/index.php?rest_route=\/wp\/v2\/media\/52020"}],"wp:attachment":[{"href":"https:\/\/noticiasveraces.com\/index.php?rest_route=%2Fwp%2Fv2%2Fmedia&parent=52019"}],"wp:term":[{"taxonomy":"category","embeddable":true,"href":"https:\/\/noticiasveraces.com\/index.php?rest_route=%2Fwp%2Fv2%2Fcategories&post=52019"},{"taxonomy":"post_tag","embeddable":true,"href":"https:\/\/noticiasveraces.com\/index.php?rest_route=%2Fwp%2Fv2%2Ftags&post=52019"}],"curies":[{"name":"wp","href":"https:\/\/api.w.org\/{rel}","templated":true}]}}