{"id":52016,"date":"2025-12-01T04:15:22","date_gmt":"2025-12-01T08:15:22","guid":{"rendered":"https:\/\/noticiasveraces.com\/?p=52016"},"modified":"2025-12-01T04:15:22","modified_gmt":"2025-12-01T08:15:22","slug":"expediente-45-614-correo-del-caroni","status":"publish","type":"post","link":"https:\/\/noticiasveraces.com\/?p=52016","title":{"rendered":"Expediente 45.614 \u2013 Correo del Caron\u00ed"},"content":{"rendered":"<p> \n<\/p>\n<div data-id=\"32b8dfe8\" data-element_type=\"widget\" id=\"texto\" data-widget_type=\"theme-post-content.default\">\n<div class=\"elementor-widget-container\">\n<p class=\"has-text-align-center has-black-color has-text-color has-link-color wp-elements-abe285bd3211bfadfd347fe5842aa020\"><strong>REP\u00daBLICA BOLIVARIANA DE VENEZUELA<\/strong><\/p>\n<figure class=\"wp-block-image aligncenter size-full is-resized\"><img fetchpriority=\"high\" decoding=\"async\" width=\"300\" height=\"350\" alt=\"\" class=\"wp-image-94150 ewww_webp\" style=\"width:140px;height:auto\" src-img=\"https:\/\/correodelcaroni.com\/wp-content\/uploads\/2023\/06\/Escudo_TSJ_carteles2.jpg\" src-webp=\"https:\/\/correodelcaroni.com\/wp-content\/uploads\/2023\/06\/Escudo_TSJ_carteles2.jpg.webp\" data-eio=\"j\"\/><img fetchpriority=\"high\" decoding=\"async\" width=\"300\" height=\"350\" src=\"https:\/\/correodelcaroni.com\/wp-content\/uploads\/2023\/06\/Escudo_TSJ_carteles2.jpg\" alt=\"\" class=\"wp-image-94150\" style=\"width:140px;height:auto\"\/><\/figure>\n<p class=\"has-text-align-center has-black-color has-text-color has-link-color wp-elements-adace7152680f6f1e8c56449708b3142\"><strong>PODER JUDICIAL<\/strong><\/p>\n<p class=\"has-text-align-center has-black-color has-text-color has-link-color wp-elements-c7b04fd2a9b8bdc09cdb99fabc76d44c\"><strong>TRIBUNAL PRIMERO DE PRIMERA INSTANCIA EN LO CIVIL, CONSTITUCIONAL,<\/strong> <strong>MERCANTIL, TR\u00c1NSITO, MARITIMO Y AERON\u00c1UTICO DEL SEGUNDO CIRCUITO DE LA CIRCUNSCRIPCI\u00d3N JUDICIAL DEL ESTADO BOL\u00cdVAR.<\/strong><\/p>\n<p class=\"has-text-align-center has-black-color has-text-color has-link-color wp-elements-8f624162d7b238e5589466e9de345917\"><strong>PUERTO ORDAZ, 06 DE AGOSTO DE 2025.<\/strong><\/p>\n<p class=\"has-text-align-center has-black-color has-text-color has-link-color wp-elements-a392edadf18075e872eb97912dc30e40\"><strong>A\u00d1OS 215\u00b0 Y 166\u00b0<\/strong><\/p>\n<p class=\"has-text-align-center has-black-color has-text-color has-link-color has-medium-font-size wp-elements-c989c7981a5e6a3db452f32fffc0771c\"><strong><u>CARTEL DE CITACI\u00d3N<\/u><\/strong><\/p>\n<p class=\"has-text-align-center has-black-color has-text-color has-link-color wp-elements-c6a3b3582b7f1cc5b0b62544f249ac08\"><strong>SE LE HACE SABER:<\/strong><\/p>\n<p class=\"has-black-color has-text-color has-link-color wp-elements-03d290afbb49ed17117fd0a2c12da1b6\">A la Sociedad Mercantil <strong>DESARROLLOS BOLIVAR, C.A<\/strong>; autenticado por ante la Notar\u00eda bajo el N\u00b0 39, Tomo 91 de los libros de autenticaciones llevados por ante esa Notar\u00eda Publica, empresa debidamente protocolizada por ante el Registro Mercantil Primero de Puerto Ordaz, Estado Bol\u00edvar, en fecha 24 de octubre del 2002, anotada bajo el N\u00b0 27, Tomo 58-A Pro, con posteriores modificaciones en fecha 14 de octubre del 2022 quedando anotada bajo el N\u00b0 31 Tomo 34-A-Pro, representada por los Ciudadanos <strong>JOSE GREGORIO HIGUEREY Y ROMELIA DEL CARMEN DEYAN BISLICK<\/strong>Venezolanos, mayores de edad titulares de las C\u00e9dulas de identidad <strong>N\u00b0 V-5.901.755 Y V-5.913.629<\/strong>que con motivo al juicio por <strong>CUMPLIMIENTO DE CONTRATO<\/strong>seg\u00fan expediente signado bajo el <strong>N\u00ba 45.614<\/strong>(nomenclatura interna), incoado en su contra por la Ciudadana <strong>NORA PEDRAZA MORALES<\/strong> Venezolana, mayor de edad, titular de la Cedula de identidad <strong>N\u00b0V-11.997.453<\/strong>; que deben comparecer a darse por citados ante este despacho judicial en el horario comprendido de <strong>8.30 a 15.30<\/strong>dentro de los <strong>Quince (15) D\u00edas Continuos<\/strong> siguientes a la publicaci\u00f3n, fijaci\u00f3n y consignaci\u00f3n que de dicho cartel se haga en el presente expediente, con la advertencia que si no comparece en el lapso antes indicado se le designara Defensor Judicial con quien se entender\u00e1 la citaci\u00f3n y dem\u00e1s diligencias del proceso hasta su terminaci\u00f3n. Asimismo, se le hace saber que el presente cartel ser\u00e1 publicado en los diarios de circulaci\u00f3n regional <strong>\u201cNueva Prensa\u201d<\/strong> y <strong>\u201cCorreo del Caron\u00ed\u201d<\/strong>. Lo anterior de conformidad con lo establecido en el art\u00edculo 223 del C\u00f3digo de Procedimiento Civil.<\/p>\n<p class=\"has-text-align-center has-black-color has-text-color has-link-color wp-elements-03f7458d1e9721743a129515a634d6f6\"><strong><br \/>LA JUEZ<\/strong><\/p>\n<p class=\"has-text-align-center has-black-color has-text-color has-link-color wp-elements-f87c8f9baf474c291960ceedf2b89752\">(FDO. y SELLADO)<\/p>\n<p class=\"has-text-align-center has-black-color has-text-color has-link-color wp-elements-a4e5f15c6b1f143cf0330db2cff3bd40\"><strong>NAYRA ELENA SILVA GARCIA<\/strong><\/p>\n<p class=\"has-text-align-center has-black-color has-text-color has-link-color wp-elements-fb494fc06fc64b4d8f0eeb5a39e8fc15\">Tribunal Primero de Primera Instancia en lo Civil, Constitucional, Mercantil, Transito, Mar\u00edtimo<br \/>y Aeron\u00e1utico del Segundo Circuito de la Circunscripci\u00f3n Judicial del Estado Bol\u00edvar<\/p>\n<p class=\"has-black-color has-text-color has-link-color wp-elements-1f1ab1a60200db4af6b51315b74805f7\"><strong>EXP 45.614<\/strong><\/p>\n<p class=\"has-black-color has-text-color has-link-color wp-elements-6a37e9d90794c0667296ac2f0fc75569\"><strong>NESG\/A\u00d1O\/MC<\/strong><\/p>\n<p><iframe style=\"border: 0px none #ffffff;\" name=\"myiFrame\" width=\"800px\" height=\"650px\" marginwidth=\"0\" marginheight=\"0\" scrolling=\"no\" data-src=\"https:\/\/correodelcaroni.com\/wp-content\/uploads\/2025\/12\/CARTEL_45615_Web.pdf\" class=\"lazyload\"><\/iframe><\/p>\n<\/p><\/div>\n<\/p><\/div>\n\n","protected":false},"excerpt":{"rendered":"<p>REP\u00daBLICA BOLIVARIANA DE VENEZUELA PODER JUDICIAL TRIBUNAL PRIMERO DE PRIMERA INSTANCIA EN LO CIVIL, CONSTITUCIONAL, MERCANTIL, TR\u00c1NSITO, MARITIMO Y AERON\u00c1UTICO DEL SEGUNDO CIRCUITO DE LA CIRCUNSCRIPCI\u00d3N JUDICIAL DEL ESTADO BOL\u00cdVAR. PUERTO ORDAZ, 06 DE AGOSTO DE 2025. A\u00d1OS 215\u00b0 Y 166\u00b0 CARTEL DE CITACI\u00d3N SE LE HACE SABER: A la Sociedad Mercantil DESARROLLOS BOLIVAR, C.A; &hellip;<\/p>\n","protected":false},"author":1,"featured_media":52018,"comment_status":"open","ping_status":"open","sticky":false,"template":"","format":"standard","meta":{"fifu_image_url":"https:\/\/correodelcaroni.com\/wp-content\/uploads\/2023\/12\/Imagen-Cartel-2.jpg","fifu_image_alt":"","footnotes":""},"categories":[13],"tags":[],"class_list":["post-52016","post","type-post","status-publish","format-standard","has-post-thumbnail","","category-mundo"],"_links":{"self":[{"href":"https:\/\/noticiasveraces.com\/index.php?rest_route=\/wp\/v2\/posts\/52016","targetHints":{"allow":["GET"]}}],"collection":[{"href":"https:\/\/noticiasveraces.com\/index.php?rest_route=\/wp\/v2\/posts"}],"about":[{"href":"https:\/\/noticiasveraces.com\/index.php?rest_route=\/wp\/v2\/types\/post"}],"author":[{"embeddable":true,"href":"https:\/\/noticiasveraces.com\/index.php?rest_route=\/wp\/v2\/users\/1"}],"replies":[{"embeddable":true,"href":"https:\/\/noticiasveraces.com\/index.php?rest_route=%2Fwp%2Fv2%2Fcomments&post=52016"}],"version-history":[{"count":0,"href":"https:\/\/noticiasveraces.com\/index.php?rest_route=\/wp\/v2\/posts\/52016\/revisions"}],"wp:featuredmedia":[{"embeddable":true,"href":"https:\/\/noticiasveraces.com\/index.php?rest_route=\/wp\/v2\/media\/52018"}],"wp:attachment":[{"href":"https:\/\/noticiasveraces.com\/index.php?rest_route=%2Fwp%2Fv2%2Fmedia&parent=52016"}],"wp:term":[{"taxonomy":"category","embeddable":true,"href":"https:\/\/noticiasveraces.com\/index.php?rest_route=%2Fwp%2Fv2%2Fcategories&post=52016"},{"taxonomy":"post_tag","embeddable":true,"href":"https:\/\/noticiasveraces.com\/index.php?rest_route=%2Fwp%2Fv2%2Ftags&post=52016"}],"curies":[{"name":"wp","href":"https:\/\/api.w.org\/{rel}","templated":true}]}}