{"id":51976,"date":"2025-11-30T20:48:07","date_gmt":"2025-12-01T00:48:07","guid":{"rendered":"https:\/\/noticiasveraces.com\/?p=51976"},"modified":"2025-11-30T20:48:07","modified_gmt":"2025-12-01T00:48:07","slug":"jorge-rodriguez-confirma-victimas-venezolanas-en-las-ejecuciones-extrajudiciales-de-ee-uu-en-el-caribe","status":"publish","type":"post","link":"https:\/\/noticiasveraces.com\/?p=51976","title":{"rendered":"Jorge Rodr\u00edguez confirma v\u00edctimas venezolanas en las \u201cejecuciones extrajudiciales\u201d de EE. UU. en el Caribe"},"content":{"rendered":"<p> \n<\/p>\n<div>\n<p>Hay v\u00edctimas venezolanas entre los 83 fallecidos contabilizados en los al menos 21 ataques estadounidenses contra supuestas \u00abnarcolanchas\u00bb en el Caribe.<\/p>\n<p>Luego de meses sin aludir a la identidad de los ca\u00eddos en las operaciones norteamericanas, el presidente de la Asamblea Nacional, <strong>Jorge Rodr\u00edguez, se convirti\u00f3 en la primera autoridad venezolana que denuncia \u00abejecuciones extrajudiciales\u00bb <\/strong>en los ataques que Washington ha escudado como acciones de lucha contra el \u00abnarcotr\u00e1fico\u00bb.<\/p>\n<p>Rodr\u00edguez relat\u00f3 en declaraciones de la prensa que este 30 de noviembre se reuni\u00f3 en su despacho con \u00abfamiliares de venezolanos asesinados, ejecutados extrajudicialmente en las acciones, a todas luces ileg\u00edtimas, ilegales, que han venido perpetrando desde el d\u00eda 2 de septiembre, efectivos militares de los Estados Unidos de Am\u00e9rica\u00bb.<\/p>\n<p>Hasta el momento, el Gobierno de Nicol\u00e1s Maduro hab\u00eda denunciado los bombardeos contra peque\u00f1os botes en el Caribe como un intento de la Administraci\u00f3n de Donald Trump por desestabilizar al pa\u00eds, pero hab\u00eda evitado referirse a las v\u00edctimas, como s\u00ed lo hab\u00edan hecho autoridades de Colombia, Ecuador, Trinidad y Tobago y Rep\u00fablica Dominicana, que registraron v\u00edctimas mortales en las operaciones.<\/p>\n<div id=\"em-WBMZ354445-F24-ES-20251130\" class=\"m-em-flash\" data-xtwitter-script=\"\"><figcaption class=\"a-figcaption\">\n<\/figcaption><div class=\"o-em-consent \">\n<div class=\"o-em-consent__content\">\n<p class=\"o-em-consent__content__text\">Para mostrar este contenido de X (Twitter), debe autorizar las cookies de medici\u00f3n de audiencia y publicidad.<\/p>\n<p>        <button class=\"a-master-button a-master-button--dark\" data-action=\"accept\">Aceptar<i class=\"a-svg a-svg--icon-check\"\/><\/button><br \/>\n        <button class=\"a-link\" data-action=\"manage\">Gestionar mis opciones<i class=\"a-svg a-svg--icon-edit\"\/><\/button>\n    <\/div>\n<\/div>\n<\/div>\n<p>Rodr\u00edguez evit\u00f3 referirse a las identidades de los familiares, que asegur\u00f3 est\u00e1n siendo amenazados \u00abpor sectores y personas que tienen un m\u00e1ximo inter\u00e9s en que ellas no digan la verdad y que no se diluciden los hechos\u00bb.<\/p>\n<p>El parlamentario anunci\u00f3 que <strong>la Asamblea Nacional integrar\u00e1 una comisi\u00f3n para determinar cu\u00e1ntas v\u00edctimas venezolanas han ca\u00eddo<\/strong> como resultado de las operaciones estadounidenses y pidi\u00f3 a la Fiscal\u00eda General que act\u00fae para demostrar\u00a0\u00ablos cr\u00edmenes que se han cometido contra venezolanos y latinoamericanos en el mar Caribe\u00bb.<\/p>\n<div class=\"m-em-image\">\n<figure class=\"m-item-image m-item-image--original m-item-image--has-caption\">\n<picture class=\"a-picture a-picture--original\"><source type=\"image\/webp\" srcset=\"https:\/\/s.france24.com\/media\/display\/59b390d6-bbc9-11f0-a181-005056a97e36\/w:246\/d3efc8ad20bc02ebc88fff80e1cf1507f70eaa63.webp 246w,https:\/\/s.france24.com\/media\/display\/59b390d6-bbc9-11f0-a181-005056a97e36\/w:388\/d3efc8ad20bc02ebc88fff80e1cf1507f70eaa63.webp 388w,https:\/\/s.france24.com\/media\/display\/59b390d6-bbc9-11f0-a181-005056a97e36\/w:720\/d3efc8ad20bc02ebc88fff80e1cf1507f70eaa63.webp 720w,https:\/\/s.france24.com\/media\/display\/59b390d6-bbc9-11f0-a181-005056a97e36\/w:980\/d3efc8ad20bc02ebc88fff80e1cf1507f70eaa63.webp 980w\" sizes=\"(max-width: 1023px) calc(100vw - 32px), (min-width: 1024px) 850px\"><img decoding=\"async\" fetchpriority=\"low\" src=\"https:\/\/s.france24.com\/media\/display\/59b390d6-bbc9-11f0-a181-005056a97e36\/w:980\/d3efc8ad20bc02ebc88fff80e1cf1507f70eaa63.jpg\" srcset=\"https:\/\/s.france24.com\/media\/display\/59b390d6-bbc9-11f0-a181-005056a97e36\/w:246\/d3efc8ad20bc02ebc88fff80e1cf1507f70eaa63.jpg 246w,https:\/\/s.france24.com\/media\/display\/59b390d6-bbc9-11f0-a181-005056a97e36\/w:388\/d3efc8ad20bc02ebc88fff80e1cf1507f70eaa63.jpg 388w,https:\/\/s.france24.com\/media\/display\/59b390d6-bbc9-11f0-a181-005056a97e36\/w:720\/d3efc8ad20bc02ebc88fff80e1cf1507f70eaa63.jpg 720w,https:\/\/s.france24.com\/media\/display\/59b390d6-bbc9-11f0-a181-005056a97e36\/w:980\/d3efc8ad20bc02ebc88fff80e1cf1507f70eaa63.jpg 980w\" sizes=\"(max-width: 1023px) calc(100vw - 32px), (min-width: 1024px) 850px\" alt=\"Una imagen del v\u00eddeo publicado por el secretario de Defensa de EEUU, Pete Hegseth, en su cuenta de X el 6 de noviembre de 2025 muestra la supuesta lancha con drogas momentos antes del ataque de EEUU, en aguas del mar Caribe\" style=\"max-height:446px\" loading=\"lazy\" class=\"a-img \"\/><\/source><\/picture><figcaption class=\"a-figcaption\">\n                <span>Una imagen del v\u00eddeo publicado por el secretario de Defensa de EEUU, Pete Hegseth, en su cuenta de X el 6 de noviembre de 2025 muestra la supuesta lancha con drogas momentos antes del ataque de EEUU, en aguas del mar Caribe<\/span>                <span>\u00a9 Folleto \/ Cuenta de X de Pete Hegseth\/AFP<\/span>            <\/figcaption><\/figure>\n<\/p><\/div>\n<p>La agencia Reuters divulg\u00f3 el 28 de noviembre versiones de algunos familiares de las v\u00edctimas, seg\u00fan las cuales servicios de inteligencia venezolanos los habr\u00edan visitado despu\u00e9s de los ataques y les habr\u00edan advertido no hacer publicaciones en redes sociales sobre la muerte de sus seres queridos.<\/p>\n<p>Rodr\u00edguez calific\u00f3 de <strong>\u00abdeleznable\u00bb que la Corte Penal Internacional no se haya pronunciado sobre las operaciones en el Caribe.<\/strong><\/p>\n<h3><strong>Hegseth, a la mira<\/strong><\/h3>\n<p>El secretario de Defensa Pete Hegseth ha estado bajo intenso escrutinio los \u00faltimos d\u00edas, luego de que el &#8216;Washington Post&#8217; revelara que hab\u00eda dado \u00f3rdenes al comando de Operaciones Conjuntas de \u00abmatarlos a todos\u00bb, en un ataque que dej\u00f3 dos sobrevivientes.<\/p>\n<p>En el Congreso estadounidense legisladores de ambos partidos coincidieron este 30 de noviembre en que debe haber una investigaci\u00f3n sobre la supuesta orden de liquidar a los sobrevivientes.<\/p>\n<div class=\"m-em-image\">\n<figure class=\"m-item-image m-item-image--original m-item-image--has-caption\">\n<picture class=\"a-picture a-picture--original\"><source type=\"image\/webp\" srcset=\"https:\/\/s.france24.com\/media\/display\/7ee89b76-ce3e-11f0-95a8-005056a97e36\/w:246\/AP25313838858549.webp 246w,https:\/\/s.france24.com\/media\/display\/7ee89b76-ce3e-11f0-95a8-005056a97e36\/w:388\/AP25313838858549.webp 388w,https:\/\/s.france24.com\/media\/display\/7ee89b76-ce3e-11f0-95a8-005056a97e36\/w:720\/AP25313838858549.webp 720w,https:\/\/s.france24.com\/media\/display\/7ee89b76-ce3e-11f0-95a8-005056a97e36\/w:980\/AP25313838858549.webp 980w\" sizes=\"(max-width: 1023px) calc(100vw - 32px), (min-width: 1024px) 850px\"><img decoding=\"async\" fetchpriority=\"low\" src=\"https:\/\/s.france24.com\/media\/display\/7ee89b76-ce3e-11f0-95a8-005056a97e36\/w:980\/AP25313838858549.jpg\" srcset=\"https:\/\/s.france24.com\/media\/display\/7ee89b76-ce3e-11f0-95a8-005056a97e36\/w:246\/AP25313838858549.jpg 246w,https:\/\/s.france24.com\/media\/display\/7ee89b76-ce3e-11f0-95a8-005056a97e36\/w:388\/AP25313838858549.jpg 388w,https:\/\/s.france24.com\/media\/display\/7ee89b76-ce3e-11f0-95a8-005056a97e36\/w:720\/AP25313838858549.jpg 720w,https:\/\/s.france24.com\/media\/display\/7ee89b76-ce3e-11f0-95a8-005056a97e36\/w:980\/AP25313838858549.jpg 980w\" sizes=\"(max-width: 1023px) calc(100vw - 32px), (min-width: 1024px) 850px\" alt=\"El secretario de Defensa Pete Hegseth y el presidente Donald Trump conversan durante un partido de la NFL. Maryland, 9 de noviembre de 2025. Venezuela ahora denuncia las acciones de ambos en el Caribe como &quot;ejecuciones extrajudiciales&quot;.\" style=\"max-height:567px\" loading=\"lazy\" class=\"a-img \"\/><\/source><\/picture><figcaption class=\"a-figcaption\">\n                <span>El secretario de Defensa Pete Hegseth y el presidente Donald Trump conversan durante un partido de la NFL. Maryland, 9 de noviembre de 2025. Venezuela ahora denuncia las acciones de ambos en el Caribe como \u00abejecuciones extrajudiciales\u00bb.<\/span>                <span>AP &#8211; Jacquelyn Mart\u00edn<\/span>            <\/figcaption><\/figure>\n<\/p><\/div>\n<p><strong>\u00abEsto alcanza el nivel de un crimen de guerra si es cierto\u00bb, estim\u00f3 el dem\u00f3crata por Virginia Tim Kaine<\/strong>mientras que el republicano por Ohio Mike Turner admiti\u00f3 que \u00abobviamente, si eso ocurriera, ser\u00eda muy grave y estoy de acuerdo en que ser\u00eda un acto ilegal\u00bb.<\/p>\n<ul>\n<li>\n<h2><strong>Trump confirma llamada con Maduro<\/strong><\/h2>\n<\/li>\n<\/ul>\n<p>El presidente estadounidense Donald Trump confirm\u00f3 este domingo que sostuvo una llamada telef\u00f3nica con Nicol\u00e1s Maduro, pero se reh\u00faso a dar detalles. <\/p>\n<p>Preguntado por los reporteros, el magnate republicano se limit\u00f3 a decir que habl\u00f3 con Maduro y que la llamada \u00abno sali\u00f3 bien ni mal\u00bb. <\/p>\n<ul>\n<li>\n<h2><strong>Caracas pide ayuda a la OPEP<\/strong><\/h2>\n<\/li>\n<\/ul>\n<p>Maduro y su vicepresidenta Delcy Rodr\u00edguez dirigieron este 30 de noviembre una carta a la Organizaci\u00f3n de Pa\u00edses Exportadores de Petr\u00f3leo (OPEP) en la que d<strong>enunciaron que las operaciones de Estados Unidos tienen como prop\u00f3sito apoderarse de las reservas petroleras de Venezuela.<\/strong><\/p>\n<blockquote class=\"quote\">\n<p>\u00abEsta pretensi\u00f3n no solo contrar\u00eda las disposiciones que rigen la convivencia pac\u00edfica entre las naciones, sino que, adem\u00e1s, pone en grave peligro la estabilidad de la producci\u00f3n petrolera venezolana y el mercado internacional\u00bb, indicaron los representantes del ejecutivo venezolano en la carta.<\/p>\n<\/blockquote>\n<p>Maduro y Rodr\u00edguez expresaron su confianza en las gestiones del secretario general de la OPEP, Haitham Al Ghais para enfrentar una situaci\u00f3n que a su juicio \u00abamenaza seriamente los equilibrios del mercado energ\u00e9tico, tanto para los pa\u00edses productores como para los consumidores\u00bb.<\/p>\n<div id=\"em-WBMZ354446-F24-ES-20251130\" class=\"m-em-flash\" data-xtwitter-script=\"\"><figcaption class=\"a-figcaption\">\n<\/figcaption><div class=\"o-em-consent \">\n<div class=\"o-em-consent__content\">\n<p class=\"o-em-consent__content__text\">Para mostrar este contenido de X (Twitter), debe autorizar las cookies de medici\u00f3n de audiencia y publicidad.<\/p>\n<p>        <button class=\"a-master-button a-master-button--dark\" data-action=\"accept\">Aceptar<i class=\"a-svg a-svg--icon-check\"\/><\/button><br \/>\n        <button class=\"a-link\" data-action=\"manage\">Gestionar mis opciones<i class=\"a-svg a-svg--icon-edit\"\/><\/button>\n    <\/div>\n<\/div>\n<\/div>\n<ul>\n<li>\n<h2><strong>Petro solicita reuni\u00f3n de la OACI por el \u00abcierre ilegal\u00bb del espacio a\u00e9reo colombiano <\/strong><\/h2>\n<\/li>\n<\/ul>\n<p>M\u00e1s temprano, el presidente colombiano Gustavo Petro\u00a0hab\u00eda alzado la voz ante la afirmaci\u00f3n que Donald Trump hizo el s\u00e1bado sobre el cierre total del espacio a\u00e9reo de Venezuela.<\/p>\n<p>El presidente colombiano pidi\u00f3 al secretario general de la Organizaci\u00f3n de Aviaci\u00f3n Civil Internacional (OACI) <strong>convocar una sesi\u00f3n de emergencia porque considera la medida \u201cabsolutamente ilegal\u201d.<\/strong><\/p>\n<blockquote class=\"quote\">\n<p>\u00abNinguna compa\u00f1\u00eda a\u00e9rea debe aceptar \u00f3rdenes ilegales sobre el espacio a\u00e9reo de ning\u00fan pa\u00eds. Le solicito al presidente Trump retornar al respeto del orden jur\u00eddico internacional que es el acumulado de la sabidur\u00eda de la civilizaci\u00f3n humana\u00bb, dijo el presidente colombiano. <\/p>\n<\/blockquote>\n<p>\u201cEl presidente Trump solo ha ordenado a las empresas de aviaci\u00f3n de los EE. UU.\u00a0 a no hacer sus rutas pactadas a Venezuela,<strong> su orden solo es leg\u00edtima para las empresas estadounidenses\u201d,<\/strong> aclar\u00f3 Petro en la red social X.<\/p>\n<div id=\"em-WBMZ354404-F24-ES-20251130\" class=\"m-em-flash\" data-xtwitter-script=\"\"><figcaption class=\"a-figcaption\">\n<\/figcaption><div class=\"o-em-consent \">\n<div class=\"o-em-consent__content\">\n<p class=\"o-em-consent__content__text\">Para mostrar este contenido de X (Twitter), debe autorizar las cookies de medici\u00f3n de audiencia y publicidad.<\/p>\n<p>        <button class=\"a-master-button a-master-button--dark\" data-action=\"accept\">Aceptar<i class=\"a-svg a-svg--icon-check\"\/><\/button><br \/>\n        <button class=\"a-link\" data-action=\"manage\">Gestionar mis opciones<i class=\"a-svg a-svg--icon-edit\"\/><\/button>\n    <\/div>\n<\/div>\n<\/div>\n<p>En otro mensaje, en la misma red social, <strong>tambi\u00e9n pidi\u00f3 a la Uni\u00f3n Europea rechazar el anuncio de Trump. <\/strong><\/p>\n<blockquote class=\"quote\">\n<p>\u00abSolicito a la Uni\u00f3n Europea en aras del acuerdo alcanzado entre Uni\u00f3n Europea y Am\u00e9rica Latina y el Caribe ordenar la normalizaci\u00f3n de los vuelos a Venezuela o multar a las empresas que no lo hagan\u00bb, expres\u00f3. <\/p>\n<\/blockquote>\n<p>El s\u00e1bado 29 de noviembre, Donald Trump public\u00f3\u00a0un mensaje en la red social Truth Social <strong>advirtiendo que se considere completamente cerrado el espacio a\u00e9reo de Venezuela.<\/strong><\/p>\n<p>\u00abA todas las aerol\u00edneas, pilotos, narcotraficantes y traficantes de personas: les rogamos que consideren que el espacio a\u00e9reo sobre Venezuela y sus alrededores permanecer\u00e1 cerrado en su totalidad. \u00a1Gracias por su atenci\u00f3n!\u201d, escribi\u00f3.<\/p>\n<div id=\"em-WBMZ354403-F24-ES-20251130\" class=\"m-em-flash\" data-truthsocial-script=\"\"><figcaption class=\"a-figcaption\">\n<\/figcaption><div class=\"o-em-consent \">\n<div class=\"o-em-consent__content\">\n<p class=\"o-em-consent__content__text\">Para mostrar este contenido de Truth Social, debe autorizar las cookies de medici\u00f3n de audiencia y publicidad.<\/p>\n<p>        <button class=\"a-master-button a-master-button--dark\" data-action=\"accept\">Aceptar<i class=\"a-svg a-svg--icon-check\"\/><\/button><br \/>\n        <button class=\"a-link\" data-action=\"manage\">Gestionar mis opciones<i class=\"a-svg a-svg--icon-edit\"\/><\/button>\n    <\/div>\n<\/div>\n<\/div>\n<p>Cuatro horas despu\u00e9s del anuncio del Gobierno de Estados Unidos, Venezuela respondi\u00f3 con un comunicado, publicado por el canciller Yv\u00e1n Gil, calificando el anuncio de \u201cacto hostil, unilateral y arbitrario\u201d y \u201cuna amenaza expl\u00edcita de uso de la fuerza\u201d. <\/p>\n<p>\u201cEste tipo de declaraciones se inscriben en una pol\u00edtica permanente de agresi\u00f3n contra nuestro pa\u00eds, con pretensiones colonialistas sobre nuestra regi\u00f3n de Am\u00e9rica Latina y el Caribe, negando el Derecho Internacional\u201d, dice el comunicado. <\/p>\n<p>El Aeropuerto Internacional de Maiquet\u00eda Sim\u00f3n Bol\u00edvar, que conecta la capital Caracas, mantiene sus vuelos solamente con Copa Airlines, Wingo, Boliviana de Aviaci\u00f3n y Satena, as\u00ed como las compa\u00f1\u00edas locales Avior y Conviasa, operando con normalidad.<\/p>\n<p>Avianca,\u00a0TAP Air Portugal, Gol, Iberia, Turkish Airlines, Latam (su filial colombiana) y Air\u00a0Europa\u00a0siguen sin operar hacia\u00a0Caracas\u00a0despu\u00e9s de que el 22 de noviembre la\u00a0Administraci\u00f3n Federal de Aviaci\u00f3n\u00a0(FAA) advirti\u00f3 a las l\u00edneas a\u00e9reas que deb\u00edan actuar \u00abcon precauci\u00f3n\u00bb cuando sobrevolaran el espacio a\u00e9reo de Venezuela \u00abdebido al empeoramiento de la situaci\u00f3n de seguridad y al aumento de la actividad militar\u00bb.<\/p>\n<p>Este debate sobre el espacio a\u00e9reo de Venezuela se produce en un <strong>contexto de crecientes tensiones entre Washington y Caracas, marcado por el mayor despliegue naval de Estados Unidos en el Caribe en d\u00e9cadas.<\/strong> Bajo el argumento de combatir el narcotr\u00e1fico, la operaci\u00f3n incluye el portaaviones USS Gerald R. Ford, acompa\u00f1ado de cazas F-35 operando en la zona.<\/p>\n<p>Desde septiembre, <strong>al menos 21 ataques ordenados por Trump contra presuntas \u201cnarcolanchas\u201d en el Caribe, todos ejecutados sin que se hayan presentado pruebas, han provocado m\u00e1s de 80 muertos.<\/strong> Diversas organizaciones de derechos humanos y ONG denuncian que estos operativos podr\u00edan constituir ejecuciones extrajudiciales.<\/p>\n<p>Ante el aumento de la presi\u00f3n militar de Estados Unidos sobre Venezuela y los temores de una posible intervenci\u00f3n, Gustavo Petro ha insistido en que no apoya una invasi\u00f3n y ha pedido respetar el derecho internacional y la soberan\u00eda venezolana.<\/p>\n<blockquote class=\"quote\">\n<p>\u00abEl Senado de los EE. UU. no ha dado la autorizaci\u00f3n para una intervenci\u00f3n armada. El orden internacional debe preservarse y Am\u00e9rica Latina y el Caribe debe decirlo sin temor. Venezuela necesita m\u00e1s democracia y la democracia es producto solo de sus fuerzas internas y de su pueblo\u00bb, dijo el presidente colombiano.<\/p>\n<\/blockquote>\n<ul>\n<li>\n<h2><strong>La organizaci\u00f3n Alba\u00a0denuncia como una \u00abamenaza colonialista\u00bb el anuncio de Trump<\/strong><\/h2>\n<\/li>\n<\/ul>\n<p>La Alianza Bolivariana para los Pueblos de Nuestra Am\u00e9rica (Alba) conden\u00f3 este domingo lo que calific\u00f3 de \u00abnueva amenaza colonialista\u00bb de Trump en referencia a la misma afirmaci\u00f3n sobre el espacio a\u00e9reo venezolano publicada en\u00a0Truth Social el s\u00e1bado. <\/p>\n<blockquote class=\"quote\">\n<p>\u00abEste anuncio, profundamente hostil, desproporcionado e incompatible con el Derecho Internacional, constituye un acto de agresi\u00f3n pol\u00edtica que reafirma la conducta imperial de Washington contra los pueblos libres de Am\u00e9rica Latina\u00bb, indic\u00f3 la organizaci\u00f3n Alba en un comunicado difundido por el gobernante Partido Socialista Unido de Venezuela.<\/p>\n<\/blockquote>\n<p>\u00abPretender ejercer jurisdicci\u00f3n extraterritorial sobre territorio venezolano, imponer \u00f3rdenes o condicionar la integridad de su espacio a\u00e9reo, no solo es ilegal, sino que constituye una arrogante provocaci\u00f3n contra toda la regi\u00f3n\u00bb, precis\u00f3.<\/p>\n<p>Alba tambi\u00e9n <strong>acus\u00f3 a Trump de \u201cmanipular\u201d el tema migratorio para fines pol\u00edticos <\/strong>ya que Estados Unidos suspendi\u00f3 \u201clos vuelos regulares destinados a la repatriaci\u00f3n de venezolanas y venezolanos en el marco de la Misi\u00f3n Vuelta a la Patria\u00bb.<\/p>\n<p>\u00abCon esta acci\u00f3n, que afecta directamente a familias, ni\u00f1as, ni\u00f1os y trabajadores migrantes, se confirma que Washington est\u00e1 dispuesto a manipular el drama migratorio como instrumento de chantaje pol\u00edtico\u00bb, explic\u00f3.<\/p>\n<\/p>\n<p>Con informaci\u00f3n de EFE, AP y Reuters <\/p>\n<\/p><\/div>\n\n","protected":false},"excerpt":{"rendered":"<p>Hay v\u00edctimas venezolanas entre los 83 fallecidos contabilizados en los al menos 21 ataques estadounidenses contra supuestas \u00abnarcolanchas\u00bb en el Caribe. Luego de meses sin aludir a la identidad de los ca\u00eddos en las operaciones norteamericanas, el presidente de la Asamblea Nacional, Jorge Rodr\u00edguez, se convirti\u00f3 en la primera autoridad venezolana que denuncia \u00abejecuciones extrajudiciales\u00bb &hellip;<\/p>\n","protected":false},"author":1,"featured_media":51978,"comment_status":"open","ping_status":"open","sticky":false,"template":"","format":"standard","meta":{"fifu_image_url":"https:\/\/s.france24.com\/media\/display\/4c5c79f4-ce46-11f0-8e23-005056a97e36\/w:1280\/p:16x9\/JRCaribe.jpg","fifu_image_alt":"","footnotes":""},"categories":[13],"tags":[],"class_list":["post-51976","post","type-post","status-publish","format-standard","has-post-thumbnail","","category-mundo"],"_links":{"self":[{"href":"https:\/\/noticiasveraces.com\/index.php?rest_route=\/wp\/v2\/posts\/51976","targetHints":{"allow":["GET"]}}],"collection":[{"href":"https:\/\/noticiasveraces.com\/index.php?rest_route=\/wp\/v2\/posts"}],"about":[{"href":"https:\/\/noticiasveraces.com\/index.php?rest_route=\/wp\/v2\/types\/post"}],"author":[{"embeddable":true,"href":"https:\/\/noticiasveraces.com\/index.php?rest_route=\/wp\/v2\/users\/1"}],"replies":[{"embeddable":true,"href":"https:\/\/noticiasveraces.com\/index.php?rest_route=%2Fwp%2Fv2%2Fcomments&post=51976"}],"version-history":[{"count":0,"href":"https:\/\/noticiasveraces.com\/index.php?rest_route=\/wp\/v2\/posts\/51976\/revisions"}],"wp:featuredmedia":[{"embeddable":true,"href":"https:\/\/noticiasveraces.com\/index.php?rest_route=\/wp\/v2\/media\/51978"}],"wp:attachment":[{"href":"https:\/\/noticiasveraces.com\/index.php?rest_route=%2Fwp%2Fv2%2Fmedia&parent=51976"}],"wp:term":[{"taxonomy":"category","embeddable":true,"href":"https:\/\/noticiasveraces.com\/index.php?rest_route=%2Fwp%2Fv2%2Fcategories&post=51976"},{"taxonomy":"post_tag","embeddable":true,"href":"https:\/\/noticiasveraces.com\/index.php?rest_route=%2Fwp%2Fv2%2Ftags&post=51976"}],"curies":[{"name":"wp","href":"https:\/\/api.w.org\/{rel}","templated":true}]}}