{"id":51959,"date":"2025-11-30T18:46:03","date_gmt":"2025-11-30T22:46:03","guid":{"rendered":"https:\/\/noticiasveraces.com\/?p=51959"},"modified":"2025-11-30T18:46:03","modified_gmt":"2025-11-30T22:46:03","slug":"continua-la-peregrinacion-por-la-paz-del-papa-leon-xiv-a-turquia-y-el-libano","status":"publish","type":"post","link":"https:\/\/noticiasveraces.com\/?p=51959","title":{"rendered":"Contin\u00faa la peregrinaci\u00f3n por la paz del Papa Le\u00f3n XIV a Turqu\u00eda y el L\u00edbano"},"content":{"rendered":"<p> \n<\/p>\n<div>\n<div id=\"beyondwords-wrapper\" class=\"beyondwords-wrapper\">\n<p><span class=\"label-bg\">NUEVO<\/span>\u00a1Ahora puedes escuchar los art\u00edculos de Fox News!\n  <\/p>\n<\/div>\n<p class=\"speakable\">El domingo temprano, supimos que el Airbus 320 fletado por el Vaticano, que hab\u00eda transportado al Papa Le\u00f3n XIV, su s\u00e9quito y 80 periodistas a Turqu\u00eda el D\u00eda de Acci\u00f3n de Gracias, estaba seguro para viajar despu\u00e9s de que su software se hubiera actualizado exitosamente. <\/p>\n<p class=\"speakable\">Nuestro vuelo al L\u00edbano est\u00e1 en marcha. \u00a1Aleluya!<\/p>\n<p>He estado en casi una docena de viajes papales como reportero y productor de Fox News, pero cuatro d\u00edas despu\u00e9s de la primera peregrinaci\u00f3n internacional del Papa Leo, este se lleva la palma&#8230; \u00bfo tal vez sea m\u00e1s apropiada una referencia a un pastel? \u00bfEste viaje de peregrinaci\u00f3n por la paz a Oriente Medio es s\u00f3lo una fantas\u00eda?<\/p>\n<p>Ciertamente tuvimos pasteles en el cielo en el vuelo desde Roma. Estaba sentado junto a un colega que trajo un pastel de nueces (que ol\u00eda divino, sin juego de palabras) y detr\u00e1s de dos que le regalaron a nuestro Papa, nacido en Chicago, pasteles de calabaza caseros. \u00a1El Papa Le\u00f3n estaba encantado! Nuestra comida de Acci\u00f3n de Gracias fue menos emocionante pero apreciada, servida con un men\u00fa, cubiertos reales y servilletas de tela.<\/p>\n<p><strong>EL PAPA LE\u00d3N XIV COMIENZA VISITA AL L\u00cdBANO EN MEDIO DE UNA CRISIS ECON\u00d3MICA Y MAYORES PREOCUPACIONES DE SEGURIDAD<\/strong><\/p>\n<div class=\"image-ct inline\">\n<div class=\"m\"><picture><source media=\"(max-width: 767px)\" srcset=\"https:\/\/a57.foxnews.com\/static.foxnews.com\/foxnews.com\/content\/uploads\/2025\/11\/343\/192\/pope-leo-lebanese-president-beirut.jpg?ve=1&amp;tl=1, https:\/\/a57.foxnews.com\/static.foxnews.com\/foxnews.com\/content\/uploads\/2025\/11\/686\/384\/pope-leo-lebanese-president-beirut.jpg?ve=1&amp;tl=1 2x\" height=\"192\" width=\"343\"><source media=\"(min-width: 768px) and (max-width: 1023px)\" srcset=\"https:\/\/a57.foxnews.com\/static.foxnews.com\/foxnews.com\/content\/uploads\/2025\/11\/672\/378\/pope-leo-lebanese-president-beirut.jpg?ve=1&amp;tl=1, https:\/\/a57.foxnews.com\/static.foxnews.com\/foxnews.com\/content\/uploads\/2025\/11\/1344\/756\/pope-leo-lebanese-president-beirut.jpg?ve=1&amp;tl=1 2x\" height=\"378\" width=\"672\"><source media=\"(min-width: 1024px) and (max-width: 1279px)\" srcset=\"https:\/\/a57.foxnews.com\/static.foxnews.com\/foxnews.com\/content\/uploads\/2025\/11\/931\/523\/pope-leo-lebanese-president-beirut.jpg?ve=1&amp;tl=1, https:\/\/a57.foxnews.com\/static.foxnews.com\/foxnews.com\/content\/uploads\/2025\/11\/1862\/1046\/pope-leo-lebanese-president-beirut.jpg?ve=1&amp;tl=1 2x\" height=\"523\" width=\"931\"><source media=\"(min-width: 1280px)\" srcset=\"https:\/\/a57.foxnews.com\/static.foxnews.com\/foxnews.com\/content\/uploads\/2025\/11\/720\/405\/pope-leo-lebanese-president-beirut.jpg?ve=1&amp;tl=1, https:\/\/a57.foxnews.com\/static.foxnews.com\/foxnews.com\/content\/uploads\/2025\/11\/1440\/810\/pope-leo-lebanese-president-beirut.jpg?ve=1&amp;tl=1 2x\" height=\"405\" width=\"720\"><img loading=\"lazy\" decoding=\"async\" src=\"https:\/\/a57.foxnews.com\/static.foxnews.com\/foxnews.com\/content\/uploads\/2025\/11\/1200\/675\/pope-leo-lebanese-president-beirut.jpg?ve=1&amp;tl=1\" alt=\"El Papa Le\u00f3n es recibido por el presidente liban\u00e9s.\" width=\"1200\" height=\"675\"\/><\/source><\/source><\/source><\/source><\/picture><\/div>\n<div class=\"info\">\n<div class=\"caption\">\n<p><span>El Papa Le\u00f3n XIV es recibido por el presidente liban\u00e9s Joseph Aoun y su esposa Nehmat Nehmeh a su llegada al Aeropuerto Internacional Rafic Hariri, durante su primer viaje apost\u00f3lico, en Beirut, el 30 de noviembre de 2025.<\/span> <span>(Mohammed Yassin\/Reuters)<\/span><\/p>\n<\/div>\n<\/div>\n<\/div>\n<p>Avancemos r\u00e1pidamente hasta el s\u00e1bado por la noche, despu\u00e9s de tres d\u00edas largos y llenos de acci\u00f3n, en una misa de 4.000 personas en Estambul para la min\u00fascula comunidad cat\u00f3lica del pa\u00eds. (M\u00e1s de un mill\u00f3n de cristianos, especialmente armenios, fueron aniquilados en la Primera Guerra Mundial por el Imperio Otomano. Ahora, la mayor\u00eda de los 85 millones de habitantes del pa\u00eds son musulmanes sun\u00edes. Los cat\u00f3licos son apenas el 0,2% de la poblaci\u00f3n.)<\/p>\n<p>En misa, me sent\u00e9 junto a mi colega Elise Harris, la primera a la que se le concedi\u00f3 una entrevista con el Papa Leo (eligi\u00f3 a una mujer, y una estadounidense, \u00a1qu\u00e9 genial!) y pastelera de una de esas hermosas tartas de calabaza. Mientras el Papa Le\u00f3n caminaba por un pasillo lateral cerca de nosotros en una nube de incienso, nos hizo un gesto casi imperceptible y nos bendijo con la se\u00f1al de la cruz. \u00a1Asombroso!<\/p>\n<p>Durante la homil\u00eda, el Papa volvi\u00f3 a los temas de paz y unidad, los mismos que enfatiz\u00f3 el jueves en la capital de Turqu\u00eda, Ankara, con el presidente Recep Tayyip Erdogan, y nuevamente el viernes en Estambul con l\u00edderes religiosos jud\u00edos y m\u00e1s tarde ese d\u00eda en Iznik, cuando se uni\u00f3 a los patriarcas ortodoxos y l\u00edderes ecum\u00e9nicos para conmemorar el 1.700 aniversario del Concilio de Nicea. <\/p>\n<p>Despu\u00e9s de ese encuentro y oraci\u00f3n con el patriarca Bartolom\u00e9, l\u00edder espiritual de los cristianos ortodoxos del mundo, firm\u00f3 una declaraci\u00f3n conjunta en una muestra de unidad cristiana.<\/p>\n<p>Pero el Papa tambi\u00e9n habl\u00f3 de la necesidad de la unidad con los no cristianos. \u00abVivimos en un mundo donde la religi\u00f3n se utiliza con demasiada frecuencia para justificar guerras y atrocidades\u00bb, afirm\u00f3. \u00abNecesitamos apreciar lo que nos une, derribar los muros de los prejuicios y la desconfianza&#8230; para convertirnos en pacificadores\u00bb.<\/p>\n<p><strong>EL PAPA LE\u00d3N XIV ABRE EL PRIMER VIAJE AL EXTRANJERO EN TURQU\u00cdA CON UNA VISITA AL CENTRO PRINCIPAL DEL CRISTIANISMO<\/strong><\/p>\n<p>Un hombre que no fue invitado a reunirse con el Papa en Iznik fue Mehmet Ali Agca, el ciudadano turco que dispar\u00f3 e hiri\u00f3 gravemente al Papa Juan Pablo II en la Plaza de San Pedro de la Ciudad del Vaticano en 1981. Agca fue liberado de prisi\u00f3n en 2010 despu\u00e9s de completar sus sentencias en Italia y Turqu\u00eda y ahora vive en Iznik. Nunca explic\u00f3 el motivo del intento de asesinato, pero los medios turcos lo citaron diciendo que esperaba encontrarse con Leo \u00abdurante dos o tres minutos\u00bb. En cambio, lo escoltaron fuera de la ciudad. <\/p>\n<h3>A veces la historia se repite.<\/h3>\n<p>En 2006, vine a Estambul para Fox News Radio para cubrir la visita conciliadora del Papa Benedicto XVI destinada a sofocar el violento alboroto por los comentarios que hab\u00eda hecho en un discurso en Alemania, en el que cit\u00f3 a un emperador bizantino diciendo que el Islam se propagaba a trav\u00e9s de \u00abla espada\u00bb.<\/p>\n<p>Fue gran cosa cuando Benedicto fue visto en la Mezquita Azul, el lugar de culto musulm\u00e1n m\u00e1s importante del pa\u00eds, con la cabeza inclinada y los labios movi\u00e9ndose. Recuerdo a mi colega de Reuters gritando emocionado en la sala de prensa: \u00ab\u00a1El Papa est\u00e1 rezando!\u00bb. Bueno, s\u00ed, podr\u00eda estar haciendo eso, pens\u00e9, pero \u00bfc\u00f3mo explicar su importancia en un clip de audio de 30 segundos? <\/p>\n<p>En 2014, el Papa Francisco tambi\u00e9n visit\u00f3 la Mezquita Azul y or\u00f3 abiertamente. Por eso era natural suponer que nuestro nuevo Papa har\u00eda lo mismo. La oficina de prensa del Vaticano incluso lo afirm\u00f3 en su comunicado diario. <\/p>\n<p>Pero nosotros, los &#8216;vaticanistas&#8217;, est\u00e1bamos el s\u00e1bado por la ma\u00f1ana en el interior de la Mezquita Azul, despu\u00e9s de dejar los zapatos en la entrada y ponernos un pa\u00f1uelo en la cabeza, \u00a1y vimos claramente que no hab\u00eda pausas!<\/p>\n<p>Posteriormente, el portavoz de prensa Matteo Bruni aclar\u00f3 que el Papa hab\u00eda visitado la mezquita \u00aben silencio, con esp\u00edritu de reflexi\u00f3n y de escucha, con profundo respeto por el lugar y la fe de quienes aqu\u00ed se reunieron en oraci\u00f3n\u00bb. <\/p>\n<p>Esa descripci\u00f3n de un esp\u00edritu de \u00abreflexi\u00f3n y escucha con respeto por los dem\u00e1s\u00bb efectivamente captura la esencia de este hombre de 70 a\u00f1os del Medio Oeste. <\/p>\n<p><strong>AQU\u00cd PARA DESCARGAR LA APLICACI\u00d3N FOX NEWS <\/strong><\/p>\n<p>Sus primeras palabras despu\u00e9s de ser elegido para liderar a los 1.400 millones de cat\u00f3licos del mundo y de ser lanzado al escenario mundial hace seis meses fueron: \u00abLa paz est\u00e9 con vosotros\u00bb. <\/p>\n<p>Pero todav\u00eda es demasiado pronto para ver c\u00f3mo resonar\u00e1 su mensaje de unidad y hermandad del hombre en un Medio Oriente asolado por el conflicto.<\/p>\n<p> <!----> <\/div>\n\n","protected":false},"excerpt":{"rendered":"<p>NUEVO\u00a1Ahora puedes escuchar los art\u00edculos de Fox News! El domingo temprano, supimos que el Airbus 320 fletado por el Vaticano, que hab\u00eda transportado al Papa Le\u00f3n XIV, su s\u00e9quito y 80 periodistas a Turqu\u00eda el D\u00eda de Acci\u00f3n de Gracias, estaba seguro para viajar despu\u00e9s de que su software se hubiera actualizado exitosamente. Nuestro vuelo &hellip;<\/p>\n","protected":false},"author":1,"featured_media":51961,"comment_status":"open","ping_status":"open","sticky":false,"template":"","format":"standard","meta":{"fifu_image_url":"https:\/\/static.foxnews.com\/foxnews.com\/content\/uploads\/2025\/11\/pope-leo-airplane.jpg","fifu_image_alt":"","footnotes":""},"categories":[13],"tags":[],"class_list":["post-51959","post","type-post","status-publish","format-standard","has-post-thumbnail","","category-mundo"],"_links":{"self":[{"href":"https:\/\/noticiasveraces.com\/index.php?rest_route=\/wp\/v2\/posts\/51959","targetHints":{"allow":["GET"]}}],"collection":[{"href":"https:\/\/noticiasveraces.com\/index.php?rest_route=\/wp\/v2\/posts"}],"about":[{"href":"https:\/\/noticiasveraces.com\/index.php?rest_route=\/wp\/v2\/types\/post"}],"author":[{"embeddable":true,"href":"https:\/\/noticiasveraces.com\/index.php?rest_route=\/wp\/v2\/users\/1"}],"replies":[{"embeddable":true,"href":"https:\/\/noticiasveraces.com\/index.php?rest_route=%2Fwp%2Fv2%2Fcomments&post=51959"}],"version-history":[{"count":0,"href":"https:\/\/noticiasveraces.com\/index.php?rest_route=\/wp\/v2\/posts\/51959\/revisions"}],"wp:featuredmedia":[{"embeddable":true,"href":"https:\/\/noticiasveraces.com\/index.php?rest_route=\/wp\/v2\/media\/51961"}],"wp:attachment":[{"href":"https:\/\/noticiasveraces.com\/index.php?rest_route=%2Fwp%2Fv2%2Fmedia&parent=51959"}],"wp:term":[{"taxonomy":"category","embeddable":true,"href":"https:\/\/noticiasveraces.com\/index.php?rest_route=%2Fwp%2Fv2%2Fcategories&post=51959"},{"taxonomy":"post_tag","embeddable":true,"href":"https:\/\/noticiasveraces.com\/index.php?rest_route=%2Fwp%2Fv2%2Ftags&post=51959"}],"curies":[{"name":"wp","href":"https:\/\/api.w.org\/{rel}","templated":true}]}}