{"id":51956,"date":"2025-11-30T17:45:09","date_gmt":"2025-11-30T21:45:09","guid":{"rendered":"https:\/\/noticiasveraces.com\/?p=51956"},"modified":"2025-11-30T17:45:09","modified_gmt":"2025-11-30T21:45:09","slug":"comunas-firman-convenio-con-fondo-del-consejo-federal-de-gobierno","status":"publish","type":"post","link":"https:\/\/noticiasveraces.com\/?p=51956","title":{"rendered":"Comunas firman convenio con fondo del Consejo Federal de Gobierno"},"content":{"rendered":"<p> \n<\/p>\n<div data-td-block-uid=\"tdi_110\">\n<div class=\"tdb-block-inner td-fix-index\">\n<p>Un total de 140 comunas y circuitos comunales del Zulia dieron el primer paso hacia el financiamiento efectivo de sus proyectos comunitarios con la firma de un convenio con el Fondo de Compensaci\u00f3n Interterritorial (FCI) del Consejo Federal de Gobierno, entidad encargada de financiar proyectos de inversi\u00f3n p\u00fablica.<\/p>\n<p>As\u00ed lo inform\u00f3 el gobernador, Luis Caldera, durante el acto realizado el 29 de noviembre en el auditorio del Iclam en Maracaibo y al que asistieron los voceros del Poder Popular, el director Territorial de las Comunas y Movimientos Sociales, Heidert Rojas, y el director del FCI, Carlos Colina.<\/p>\n<p>El gobernador Caldera destac\u00f3 que fueron seleccionados 576 proyectos comunales en la consulta popular realizada el pasado 23 de noviembre.<\/p>\n<p>\u201cHoy es una realidad, 140 comunas est\u00e1n suscribiendo el convenio con el FCI. Palabra cumplida de nuestro presidente Nicol\u00e1s Maduro Moros de transferencia de recursos a todas estas obras que va a ejecutar el pueblo organizado. Obras en educaci\u00f3n, salud, proyectos socioeproductivos, en el \u00e1rea de los servicios\u201d, manifest\u00f3 el mandatario regional.<\/p>\n<figure class=\"wp-block-image size-large\"><img decoding=\"async\" data-attachment-id=\"3019931\" data-permalink=\"https:\/\/ultimasnoticias.com.ve\/actualidad\/comunas-firman-convenio-con-fondo-del-consejo-federal-de-gobierno\/attachment\/1001097707\/\" data-orig-file=\"https:\/\/ultimasnoticias.com.ve\/wp-content\/uploads\/2025\/11\/1001097707.jpg\" data-orig-size=\"1189,847\" data-comments-opened=\"1\" data-image-meta=\"{&quot;aperture&quot;:&quot;0&quot;,&quot;credit&quot;:&quot;&quot;,&quot;camera&quot;:&quot;&quot;,&quot;caption&quot;:&quot;&quot;,&quot;created_timestamp&quot;:&quot;0&quot;,&quot;copyright&quot;:&quot;&quot;,&quot;focal_length&quot;:&quot;0&quot;,&quot;iso&quot;:&quot;0&quot;,&quot;shutter_speed&quot;:&quot;0&quot;,&quot;title&quot;:&quot;&quot;,&quot;orientation&quot;:&quot;0&quot;}\" data-image-title=\"1001097707\" data-image-description=\"\" data-image-caption=\"\" data-medium-file=\"https:\/\/ultimasnoticias.com.ve\/wp-content\/uploads\/2025\/11\/1001097707-300x214.jpg\" data-large-file=\"https:\/\/ultimasnoticias.com.ve\/wp-content\/uploads\/2025\/11\/1001097707-1024x729.jpg\" src=\"https:\/\/ultimasnoticias.com.ve\/wp-content\/uploads\/2025\/11\/1001097707-1024x729.jpg\" alt=\"\" class=\"wp-image-3019931 lazyload\"\/><img loading=\"lazy\" decoding=\"async\" width=\"1024\" height=\"729\" data-attachment-id=\"3019931\" data-permalink=\"https:\/\/ultimasnoticias.com.ve\/actualidad\/comunas-firman-convenio-con-fondo-del-consejo-federal-de-gobierno\/attachment\/1001097707\/\" data-orig-file=\"https:\/\/ultimasnoticias.com.ve\/wp-content\/uploads\/2025\/11\/1001097707.jpg\" data-orig-size=\"1189,847\" data-comments-opened=\"1\" data-image-meta=\"{&quot;aperture&quot;:&quot;0&quot;,&quot;credit&quot;:&quot;&quot;,&quot;camera&quot;:&quot;&quot;,&quot;caption&quot;:&quot;&quot;,&quot;created_timestamp&quot;:&quot;0&quot;,&quot;copyright&quot;:&quot;&quot;,&quot;focal_length&quot;:&quot;0&quot;,&quot;iso&quot;:&quot;0&quot;,&quot;shutter_speed&quot;:&quot;0&quot;,&quot;title&quot;:&quot;&quot;,&quot;orientation&quot;:&quot;0&quot;}\" data-image-title=\"1001097707\" data-image-description=\"\" data-image-caption=\"\" data-medium-file=\"https:\/\/ultimasnoticias.com.ve\/wp-content\/uploads\/2025\/11\/1001097707-300x214.jpg\" data-large-file=\"https:\/\/ultimasnoticias.com.ve\/wp-content\/uploads\/2025\/11\/1001097707-1024x729.jpg\" src=\"https:\/\/ultimasnoticias.com.ve\/wp-content\/uploads\/2025\/11\/1001097707-1024x729.jpg\" alt=\"\" class=\"wp-image-3019931 lazyload\" srcset=\"https:\/\/ultimasnoticias.com.ve\/wp-content\/uploads\/2025\/11\/1001097707-1024x729.jpg 1024w, https:\/\/ultimasnoticias.com.ve\/wp-content\/uploads\/2025\/11\/1001097707-300x214.jpg 300w, https:\/\/ultimasnoticias.com.ve\/wp-content\/uploads\/2025\/11\/1001097707-768x547.jpg 768w, https:\/\/ultimasnoticias.com.ve\/wp-content\/uploads\/2025\/11\/1001097707-150x107.jpg 150w, https:\/\/ultimasnoticias.com.ve\/wp-content\/uploads\/2025\/11\/1001097707-696x496.jpg 696w, https:\/\/ultimasnoticias.com.ve\/wp-content\/uploads\/2025\/11\/1001097707-1068x761.jpg 1068w, https:\/\/ultimasnoticias.com.ve\/wp-content\/uploads\/2025\/11\/1001097707.jpg 1189w\" sizes=\"auto, (max-width: 1024px) 100vw, 1024px\"\/><figcaption class=\"wp-element-caption\">El convenio es el primer paso para el financiamiento efectivo de las obras comunales.<\/figcaption><\/figure>\n<p>La vocera ejecutiva de la comuna Nuch\u00f3n Maduro, en la comunidad Armando Rever\u00f3n, Johana Acosta, inform\u00f3 que recibir\u00e1n fondos p\u00fablicos para la rehabilitaci\u00f3n de un m\u00f3dulo para la comuna, que tendr\u00e1 impacto en 1.673 familias de 10 comunidades que conforman nueve consejos comunales.<\/p>\n<p>Por su parte, Mayerlin Hern\u00e1ndez, de la comuna Los Sue\u00f1os de Jean Carlos Mart\u00ednez, situada en la parroquia Francisco Eugenio Bustamante de Maracaibo, indic\u00f3 que su proyecto abarca emprendimientos comunales con la misi\u00f3n de hacer su territorio comunitario autosustentable.<\/p>\n<\/div>\n<\/div>\n\n","protected":false},"excerpt":{"rendered":"<p>Un total de 140 comunas y circuitos comunales del Zulia dieron el primer paso hacia el financiamiento efectivo de sus proyectos comunitarios con la firma de un convenio con el Fondo de Compensaci\u00f3n Interterritorial (FCI) del Consejo Federal de Gobierno, entidad encargada de financiar proyectos de inversi\u00f3n p\u00fablica. As\u00ed lo inform\u00f3 el gobernador, Luis Caldera, &hellip;<\/p>\n","protected":false},"author":1,"featured_media":51958,"comment_status":"open","ping_status":"open","sticky":false,"template":"","format":"standard","meta":{"fifu_image_url":"https:\/\/ultimasnoticias.com.ve\/wp-content\/uploads\/2025\/11\/1001097706.jpg","fifu_image_alt":"","footnotes":""},"categories":[13],"tags":[],"class_list":["post-51956","post","type-post","status-publish","format-standard","has-post-thumbnail","","category-mundo"],"_links":{"self":[{"href":"https:\/\/noticiasveraces.com\/index.php?rest_route=\/wp\/v2\/posts\/51956","targetHints":{"allow":["GET"]}}],"collection":[{"href":"https:\/\/noticiasveraces.com\/index.php?rest_route=\/wp\/v2\/posts"}],"about":[{"href":"https:\/\/noticiasveraces.com\/index.php?rest_route=\/wp\/v2\/types\/post"}],"author":[{"embeddable":true,"href":"https:\/\/noticiasveraces.com\/index.php?rest_route=\/wp\/v2\/users\/1"}],"replies":[{"embeddable":true,"href":"https:\/\/noticiasveraces.com\/index.php?rest_route=%2Fwp%2Fv2%2Fcomments&post=51956"}],"version-history":[{"count":0,"href":"https:\/\/noticiasveraces.com\/index.php?rest_route=\/wp\/v2\/posts\/51956\/revisions"}],"wp:featuredmedia":[{"embeddable":true,"href":"https:\/\/noticiasveraces.com\/index.php?rest_route=\/wp\/v2\/media\/51958"}],"wp:attachment":[{"href":"https:\/\/noticiasveraces.com\/index.php?rest_route=%2Fwp%2Fv2%2Fmedia&parent=51956"}],"wp:term":[{"taxonomy":"category","embeddable":true,"href":"https:\/\/noticiasveraces.com\/index.php?rest_route=%2Fwp%2Fv2%2Fcategories&post=51956"},{"taxonomy":"post_tag","embeddable":true,"href":"https:\/\/noticiasveraces.com\/index.php?rest_route=%2Fwp%2Fv2%2Ftags&post=51956"}],"curies":[{"name":"wp","href":"https:\/\/api.w.org\/{rel}","templated":true}]}}