{"id":51950,"date":"2025-11-30T16:44:31","date_gmt":"2025-11-30T20:44:31","guid":{"rendered":"https:\/\/noticiasveraces.com\/?p=51950"},"modified":"2025-11-30T16:44:31","modified_gmt":"2025-11-30T20:44:31","slug":"denunciaron-la-detencion-del-secretario-general-de-la-confederacion-de-trabajadores-jose-elias-torres-el-diario-venezuela","status":"publish","type":"post","link":"https:\/\/noticiasveraces.com\/?p=51950","title":{"rendered":"Denunciaron la detenci\u00f3n del secretario general de la Confederaci\u00f3n de Trabajadores Jos\u00e9 El\u00edas Torres &#8211; El Diario Venezuela"},"content":{"rendered":"<p> \n<\/p>\n<div>\n<p><strong>El Observatorio Venezolano de Libertad Sindical (OVLS) denunci\u00f3 la detenci\u00f3n del secretario general de la Confederaci\u00f3n de Trabajadores de Venezuela (CTV), Jos\u00e9 El\u00edas Torres.<\/strong><\/p>\n<div class=\"ruby-table-contents rbtoc table-fw\">\n<ul class=\"toc-content h5\">\n<li>Cifra de presos pol\u00edticos en Venezuela<\/li>\n<li>Aumento de detenciones sin informaci\u00f3n oficial<\/li>\n<\/ul>\n<\/div>\n<p>La organizaci\u00f3n no gubernamental (ONG) detall\u00f3 que <strong>Torres fue detenido el s\u00e1bado 29 de noviembre luego de que funcionarios de la Polic\u00eda Nacional Bolivariana (PNB) allanaron su vivienda en Caracas.<\/strong><\/p>\n<p>Por su parte, la ONG Programa Venezolano de Educaci\u00f3n Acci\u00f3n en Derechos Humanos<strong> (Provea) calific\u00f3 la detenci\u00f3n de Torres como un nuevo ataque a la libertad sindical en Venezuela.<\/strong><\/p>\n<p>\u201cNo hay raz\u00f3n para detener a un dirigente sindical comprometido con la defensa de los derechos de la clase trabajadora\u201d, indic\u00f3 Provea a trav\u00e9s de sus redes sociales. <\/p>\n<p>Ambas ONG a\u00f1adieron que<strong> hasta ahora se desconoce el lugar de reclusi\u00f3n del secretario general de la CTV.<\/strong><\/p>\n<p><strong>Torres es delegado de los trabajadores ante la Organizaci\u00f3n Internacional del Trabajo (OIT) y forma parte del Foro de Di\u00e1logo Social<\/strong>instancia creada para sentar una mesa de di\u00e1logo entre organizaciones sindicales, entes patronales e instituciones del Ejecutivo venezolano.<\/p>\n<figure class=\"wp-block-image size-large\"><picture fetchpriority=\"high\" decoding=\"async\" class=\"wp-image-830349\"><source type=\"image\/webp\" sizes=\"(max-width: 1200px) 100vw, 1200px\" nitro-lazy-srcset=\"https:\/\/eldiario.com\/nitropack_static\/DWpklAePbJBFiBKvuTtiGMLbtJlHUqWt\/assets\/images\/optimized\/rev-5899980\/eldiario.com\/wp-content\/uploads\/2025\/11\/Jose-Elias-Torres-CTV-1200x800.jpg.webp 1200w, https:\/\/eldiario.com\/nitropack_static\/DWpklAePbJBFiBKvuTtiGMLbtJlHUqWt\/assets\/images\/optimized\/rev-5899980\/eldiario.com\/wp-content\/uploads\/2025\/11\/Jose-Elias-Torres-CTV-300x200.jpg.webp 300w, https:\/\/eldiario.com\/nitropack_static\/DWpklAePbJBFiBKvuTtiGMLbtJlHUqWt\/assets\/images\/optimized\/rev-5899980\/eldiario.com\/wp-content\/uploads\/2025\/11\/Jose-Elias-Torres-CTV-768x512.jpg.webp 768w, https:\/\/eldiario.com\/nitropack_static\/DWpklAePbJBFiBKvuTtiGMLbtJlHUqWt\/assets\/images\/optimized\/rev-5899980\/eldiario.com\/wp-content\/uploads\/2025\/11\/Jose-Elias-Torres-CTV-1536x1024.jpg.webp 1536w, https:\/\/eldiario.com\/nitropack_static\/DWpklAePbJBFiBKvuTtiGMLbtJlHUqWt\/assets\/images\/optimized\/rev-5899980\/eldiario.com\/wp-content\/uploads\/2025\/11\/Jose-Elias-Torres-CTV-330x220.jpg.webp 330w, https:\/\/eldiario.com\/nitropack_static\/DWpklAePbJBFiBKvuTtiGMLbtJlHUqWt\/assets\/images\/optimized\/rev-5899980\/eldiario.com\/wp-content\/uploads\/2025\/11\/Jose-Elias-Torres-CTV-420x280.jpg.webp 420w, https:\/\/eldiario.com\/nitropack_static\/DWpklAePbJBFiBKvuTtiGMLbtJlHUqWt\/assets\/images\/optimized\/rev-5899980\/eldiario.com\/wp-content\/uploads\/2025\/11\/Jose-Elias-Torres-CTV-615x410.jpg.webp 615w, https:\/\/eldiario.com\/nitropack_static\/DWpklAePbJBFiBKvuTtiGMLbtJlHUqWt\/assets\/images\/optimized\/rev-5899980\/eldiario.com\/wp-content\/uploads\/2025\/11\/Jose-Elias-Torres-CTV-860x574.jpg.webp 860w, https:\/\/eldiario.com\/nitropack_static\/DWpklAePbJBFiBKvuTtiGMLbtJlHUqWt\/assets\/images\/optimized\/rev-5899980\/eldiario.com\/wp-content\/uploads\/2025\/11\/Jose-Elias-Torres-CTV-150x100.jpg.webp 150w, https:\/\/eldiario.com\/nitropack_static\/DWpklAePbJBFiBKvuTtiGMLbtJlHUqWt\/assets\/images\/optimized\/rev-5899980\/eldiario.com\/wp-content\/uploads\/2025\/11\/Jose-Elias-Torres-CTV.jpg.webp 1600w\" nitro-lazy-empty=\"\" id=\"ODM2OjEwMDU=-1\" srcset=\"data:image\/svg+xml;nitro-empty-id=ODM2OjEwMDU=-1;base64,PHN2ZyB2aWV3Qm94PSIwIDAgMTIwMCA4MDAiIHdpZHRoPSIxMjAwIiBoZWlnaHQ9IjgwMCIgeG1sbnM9Imh0dHA6Ly93d3cudzMub3JnLzIwMDAvc3ZnIj48L3N2Zz4=\"\/><img fetchpriority=\"high\" width=\"1200\" height=\"800\" alt=\"Denunciaron la detenci\u00f3n del secretario general de la Confederaci\u00f3n de Trabajadores Jos\u00e9 El\u00edas Torres\" sizes=\"(max-width: 1200px) 100vw, 1200px\" srcset=\"https:\/\/eldiario.com\/nitropack_static\/DWpklAePbJBFiBKvuTtiGMLbtJlHUqWt\/assets\/images\/optimized\/rev-5899980\/eldiario.com\/wp-content\/uploads\/2025\/11\/Jose-Elias-Torres-CTV-1200x800.jpg 1200w, https:\/\/eldiario.com\/nitropack_static\/DWpklAePbJBFiBKvuTtiGMLbtJlHUqWt\/assets\/images\/optimized\/rev-5899980\/eldiario.com\/wp-content\/uploads\/2025\/11\/Jose-Elias-Torres-CTV-300x200.jpg 300w, https:\/\/eldiario.com\/nitropack_static\/DWpklAePbJBFiBKvuTtiGMLbtJlHUqWt\/assets\/images\/optimized\/rev-5899980\/eldiario.com\/wp-content\/uploads\/2025\/11\/Jose-Elias-Torres-CTV-768x512.jpg 768w, https:\/\/eldiario.com\/nitropack_static\/DWpklAePbJBFiBKvuTtiGMLbtJlHUqWt\/assets\/images\/optimized\/rev-5899980\/eldiario.com\/wp-content\/uploads\/2025\/11\/Jose-Elias-Torres-CTV-1536x1024.jpg 1536w, https:\/\/eldiario.com\/nitropack_static\/DWpklAePbJBFiBKvuTtiGMLbtJlHUqWt\/assets\/images\/optimized\/rev-5899980\/eldiario.com\/wp-content\/uploads\/2025\/11\/Jose-Elias-Torres-CTV-330x220.jpg 330w, https:\/\/eldiario.com\/nitropack_static\/DWpklAePbJBFiBKvuTtiGMLbtJlHUqWt\/assets\/images\/optimized\/rev-5899980\/eldiario.com\/wp-content\/uploads\/2025\/11\/Jose-Elias-Torres-CTV-420x280.jpg 420w, https:\/\/eldiario.com\/nitropack_static\/DWpklAePbJBFiBKvuTtiGMLbtJlHUqWt\/assets\/images\/optimized\/rev-5899980\/eldiario.com\/wp-content\/uploads\/2025\/11\/Jose-Elias-Torres-CTV-615x410.jpg 615w, https:\/\/eldiario.com\/nitropack_static\/DWpklAePbJBFiBKvuTtiGMLbtJlHUqWt\/assets\/images\/optimized\/rev-5899980\/eldiario.com\/wp-content\/uploads\/2025\/11\/Jose-Elias-Torres-CTV-860x574.jpg 860w, https:\/\/eldiario.com\/nitropack_static\/DWpklAePbJBFiBKvuTtiGMLbtJlHUqWt\/assets\/images\/optimized\/rev-5899980\/eldiario.com\/wp-content\/uploads\/2025\/11\/Jose-Elias-Torres-CTV-150x100.jpg 150w, https:\/\/eldiario.com\/nitropack_static\/DWpklAePbJBFiBKvuTtiGMLbtJlHUqWt\/assets\/images\/optimized\/rev-5899980\/eldiario.com\/wp-content\/uploads\/2025\/11\/Jose-Elias-Torres-CTV.jpg 1600w\" src=\"https:\/\/eldiario.com\/nitropack_static\/DWpklAePbJBFiBKvuTtiGMLbtJlHUqWt\/assets\/images\/optimized\/rev-5899980\/eldiario.com\/wp-content\/uploads\/2025\/11\/Jose-Elias-Torres-CTV-1200x800.jpg\" class=\"nitro-lazy\" decoding=\"async\" nitro-lazy-empty=\"\" id=\"ODM3OjExOTk=-1\"\/> <\/picture><figcaption class=\"wp-element-caption\">Foto: TalCual Digital<\/figcaption><\/figure>\n<p>Provea tambi\u00e9n agreg\u00f3 que <strong>tienen registro de 15 dirigentes sindicales que permanecen presos en Venezuela.<\/strong><\/p>\n<h2 id=\"cifra-de-presos-politicos-en-venezuela\" class=\"rb-heading-index-0-830346 wp-block-heading\"><strong>Cifra de presos pol\u00edticos en Venezuela<\/strong><\/h2>\n<p>La ONG Foro Penal public\u00f3 su balance sobre los presos pol\u00edticos en Venezuela el 13 de noviembre, en el que registr\u00f3 que en el pa\u00eds hay 882 personas privadas de libertad por motivos pol\u00edticos.<\/p>\n<p>De acuerdo con el reporte, <strong>de ese total, 116 son mujeres y 766 hombres. Asimismo, 709 de los detenidos son civiles y 173 militares.<\/strong><\/p>\n<p>Por otro lado, el Foro Penal mencion\u00f3 que<strong> 878 de los presos pol\u00edticos son adultos y que a\u00fan hay cuatro adolescentes arrestados por esta condici\u00f3n.<\/strong><\/p>\n<p>Tambi\u00e9n se reportaron dos excarcelaciones; 158 personas fueron condenadas y 724 no cuentan con una medida cautelar.<\/p>\n<p>Por otra parte,<strong> el gobierno de Nicol\u00e1s Maduro niega que en el pa\u00eds haya detenidos por razones pol\u00edtica<\/strong>s e insisten en que son personas que han cometido diversos delitos.<\/p>\n<figure class=\"wp-block-image size-large\"><picture loading=\"lazy\" decoding=\"async\" class=\"wp-image-822443\"><source type=\"image\/webp\" sizes=\"(max-width: 1200px) 100vw, 1200px\" nitro-lazy-srcset=\"https:\/\/eldiario.com\/nitropack_static\/DWpklAePbJBFiBKvuTtiGMLbtJlHUqWt\/assets\/images\/optimized\/rev-5899980\/eldiario.com\/wp-content\/uploads\/2025\/10\/1f23baa9408e7f951dc3ce742d6a622d49bee20a-1200x800.jpg.webp 1200w, https:\/\/eldiario.com\/nitropack_static\/DWpklAePbJBFiBKvuTtiGMLbtJlHUqWt\/assets\/images\/optimized\/rev-5899980\/eldiario.com\/wp-content\/uploads\/2025\/10\/1f23baa9408e7f951dc3ce742d6a622d49bee20a-300x200.jpg.webp 300w, https:\/\/eldiario.com\/nitropack_static\/DWpklAePbJBFiBKvuTtiGMLbtJlHUqWt\/assets\/images\/optimized\/rev-5899980\/eldiario.com\/wp-content\/uploads\/2025\/10\/1f23baa9408e7f951dc3ce742d6a622d49bee20a-768x512.jpg.webp 768w, https:\/\/eldiario.com\/nitropack_static\/DWpklAePbJBFiBKvuTtiGMLbtJlHUqWt\/assets\/images\/optimized\/rev-5899980\/eldiario.com\/wp-content\/uploads\/2025\/10\/1f23baa9408e7f951dc3ce742d6a622d49bee20a-1536x1024.jpg.webp 1536w, https:\/\/eldiario.com\/nitropack_static\/DWpklAePbJBFiBKvuTtiGMLbtJlHUqWt\/assets\/images\/optimized\/rev-5899980\/eldiario.com\/wp-content\/uploads\/2025\/10\/1f23baa9408e7f951dc3ce742d6a622d49bee20a-330x220.jpg.webp 330w, https:\/\/eldiario.com\/nitropack_static\/DWpklAePbJBFiBKvuTtiGMLbtJlHUqWt\/assets\/images\/optimized\/rev-5899980\/eldiario.com\/wp-content\/uploads\/2025\/10\/1f23baa9408e7f951dc3ce742d6a622d49bee20a-420x280.jpg.webp 420w, https:\/\/eldiario.com\/nitropack_static\/DWpklAePbJBFiBKvuTtiGMLbtJlHUqWt\/assets\/images\/optimized\/rev-5899980\/eldiario.com\/wp-content\/uploads\/2025\/10\/1f23baa9408e7f951dc3ce742d6a622d49bee20a-615x410.jpg.webp 615w, https:\/\/eldiario.com\/nitropack_static\/DWpklAePbJBFiBKvuTtiGMLbtJlHUqWt\/assets\/images\/optimized\/rev-5899980\/eldiario.com\/wp-content\/uploads\/2025\/10\/1f23baa9408e7f951dc3ce742d6a622d49bee20a-860x574.jpg.webp 860w, https:\/\/eldiario.com\/nitropack_static\/DWpklAePbJBFiBKvuTtiGMLbtJlHUqWt\/assets\/images\/optimized\/rev-5899980\/eldiario.com\/wp-content\/uploads\/2025\/10\/1f23baa9408e7f951dc3ce742d6a622d49bee20a-150x100.jpg.webp 150w, https:\/\/eldiario.com\/nitropack_static\/DWpklAePbJBFiBKvuTtiGMLbtJlHUqWt\/assets\/images\/optimized\/rev-5899980\/eldiario.com\/wp-content\/uploads\/2025\/10\/1f23baa9408e7f951dc3ce742d6a622d49bee20a.jpg.webp 1600w\" nitro-lazy-empty=\"\" id=\"ODcyOjExOTU=-1\" srcset=\"data:image\/svg+xml;nitro-empty-id=ODcyOjExOTU=-1;base64,PHN2ZyB2aWV3Qm94PSIwIDAgMTIwMCA4MDAiIHdpZHRoPSIxMjAwIiBoZWlnaHQ9IjgwMCIgeG1sbnM9Imh0dHA6Ly93d3cudzMub3JnLzIwMDAvc3ZnIj48L3N2Zz4=\"\/><img loading=\"lazy\" width=\"1200\" height=\"800\" alt=\"Foro Penal pidi\u00f3 al papa Le\u00f3n XIV que intervenga por la liberaci\u00f3n de los presos pol\u00edticos en Venezuela\" sizes=\"auto, (max-width: 1200px) 100vw, 1200px\" srcset=\"https:\/\/eldiario.com\/nitropack_static\/DWpklAePbJBFiBKvuTtiGMLbtJlHUqWt\/assets\/images\/optimized\/rev-5899980\/eldiario.com\/wp-content\/uploads\/2025\/10\/1f23baa9408e7f951dc3ce742d6a622d49bee20a-1200x800.jpg 1200w, https:\/\/eldiario.com\/nitropack_static\/DWpklAePbJBFiBKvuTtiGMLbtJlHUqWt\/assets\/images\/optimized\/rev-5899980\/eldiario.com\/wp-content\/uploads\/2025\/10\/1f23baa9408e7f951dc3ce742d6a622d49bee20a-300x200.jpg 300w, https:\/\/eldiario.com\/nitropack_static\/DWpklAePbJBFiBKvuTtiGMLbtJlHUqWt\/assets\/images\/optimized\/rev-5899980\/eldiario.com\/wp-content\/uploads\/2025\/10\/1f23baa9408e7f951dc3ce742d6a622d49bee20a-768x512.jpg 768w, https:\/\/eldiario.com\/nitropack_static\/DWpklAePbJBFiBKvuTtiGMLbtJlHUqWt\/assets\/images\/optimized\/rev-5899980\/eldiario.com\/wp-content\/uploads\/2025\/10\/1f23baa9408e7f951dc3ce742d6a622d49bee20a-1536x1024.jpg 1536w, https:\/\/eldiario.com\/nitropack_static\/DWpklAePbJBFiBKvuTtiGMLbtJlHUqWt\/assets\/images\/optimized\/rev-5899980\/eldiario.com\/wp-content\/uploads\/2025\/10\/1f23baa9408e7f951dc3ce742d6a622d49bee20a-330x220.jpg 330w, https:\/\/eldiario.com\/nitropack_static\/DWpklAePbJBFiBKvuTtiGMLbtJlHUqWt\/assets\/images\/optimized\/rev-5899980\/eldiario.com\/wp-content\/uploads\/2025\/10\/1f23baa9408e7f951dc3ce742d6a622d49bee20a-420x280.jpg 420w, https:\/\/eldiario.com\/nitropack_static\/DWpklAePbJBFiBKvuTtiGMLbtJlHUqWt\/assets\/images\/optimized\/rev-5899980\/eldiario.com\/wp-content\/uploads\/2025\/10\/1f23baa9408e7f951dc3ce742d6a622d49bee20a-615x410.jpg 615w, https:\/\/eldiario.com\/nitropack_static\/DWpklAePbJBFiBKvuTtiGMLbtJlHUqWt\/assets\/images\/optimized\/rev-5899980\/eldiario.com\/wp-content\/uploads\/2025\/10\/1f23baa9408e7f951dc3ce742d6a622d49bee20a-860x574.jpg 860w, https:\/\/eldiario.com\/nitropack_static\/DWpklAePbJBFiBKvuTtiGMLbtJlHUqWt\/assets\/images\/optimized\/rev-5899980\/eldiario.com\/wp-content\/uploads\/2025\/10\/1f23baa9408e7f951dc3ce742d6a622d49bee20a-150x100.jpg 150w, https:\/\/eldiario.com\/nitropack_static\/DWpklAePbJBFiBKvuTtiGMLbtJlHUqWt\/assets\/images\/optimized\/rev-5899980\/eldiario.com\/wp-content\/uploads\/2025\/10\/1f23baa9408e7f951dc3ce742d6a622d49bee20a.jpg 1600w\" src=\"https:\/\/eldiario.com\/nitropack_static\/DWpklAePbJBFiBKvuTtiGMLbtJlHUqWt\/assets\/images\/optimized\/rev-5899980\/eldiario.com\/wp-content\/uploads\/2025\/10\/1f23baa9408e7f951dc3ce742d6a622d49bee20a-1200x800.jpg\" class=\"nitro-lazy\" decoding=\"async\" nitro-lazy-empty=\"\" id=\"ODczOjE0MDQ=-1\"\/> <\/picture><figcaption class=\"wp-element-caption\">Foto: EFE<\/figcaption><\/figure>\n<h2 id=\"aumento-de-detenciones-sin-informacion-oficial\" class=\"rb-heading-index-1-830346 wp-block-heading\"><strong>Aumento de detenciones sin informaci\u00f3n oficial<\/strong><\/h2>\n<p>El 3 de noviembre, <strong>la ONG Justicia, Encuentro y Perd\u00f3n advirti\u00f3 sobre el aumento de las detenciones en Venezuela \u201csin informaci\u00f3n p\u00fablica suficiente\u201d sobre los casos<\/strong>lo que consider\u00f3 un escenario de inseguridad jur\u00eddica debido a esta opacidad y a la negaci\u00f3n del acceso a asistencia legal que, asegura, existe en el pa\u00eds.<\/p>\n<p>La organizaci\u00f3n indic\u00f3 que, <strong>durante la semana del 27 de octubre, se evidenci\u00f3 un aumento de detenciones efectuadas por cuerpos de seguridad del Estado <\/strong>en distintas regiones del pa\u00eds, sin que se informe, a\u00f1adi\u00f3, sobre las circunstancias o el paradero de las personas privadas de libertad.<\/p>\n<p>En este contexto, afirm\u00f3 que <strong>esta situaci\u00f3n constituye una violaci\u00f3n directa de los derechos fundamentales de las personas afectadas<\/strong>en particular del derecho a la libertad personal, al debido proceso y a la integridad f\u00edsica y moral, as\u00ed como del derecho de sus familiares a conocer la verdad sobre su paradero.<\/p>\n<p><strong>La ONG exigi\u00f3 a las autoridades venezolanas garantizar informaci\u00f3n inmediata y veraz sobre la identidad, el paradero y la situaci\u00f3n jur\u00eddica de todas las personas detenidas,<\/strong> as\u00ed como el acceso irrestricto a abogados de confianza y la posibilidad de comunicarse con sus familiares, tal como establece la Constituci\u00f3n y los tratados internacionales suscritos por el Estado.<\/p>\n<p><em>\u201cEste contenido incluye informaci\u00f3n suministrada por la Agencia EFE. Editado, verificado y contextualizado por el equipo editorial de <strong>El Diario<\/strong>. Conoce nuestra pol\u00edtica sobre el uso de contenidos de EFE<\/em><em> <\/em>aqu\u00ed.<em>\u00ab<\/em><\/p>\n<\/p><\/div>\n\n","protected":false},"excerpt":{"rendered":"<p>El Observatorio Venezolano de Libertad Sindical (OVLS) denunci\u00f3 la detenci\u00f3n del secretario general de la Confederaci\u00f3n de Trabajadores de Venezuela (CTV), Jos\u00e9 El\u00edas Torres. Cifra de presos pol\u00edticos en Venezuela Aumento de detenciones sin informaci\u00f3n oficial La organizaci\u00f3n no gubernamental (ONG) detall\u00f3 que Torres fue detenido el s\u00e1bado 29 de noviembre luego de que funcionarios &hellip;<\/p>\n","protected":false},"author":1,"featured_media":51952,"comment_status":"open","ping_status":"open","sticky":false,"template":"","format":"standard","meta":{"fifu_image_url":"https:\/\/eldiario.com\/wp-content\/uploads\/2025\/11\/Jose-Elias-Torres-696x381-1.jpg","fifu_image_alt":"","footnotes":""},"categories":[13],"tags":[],"class_list":["post-51950","post","type-post","status-publish","format-standard","has-post-thumbnail","","category-mundo"],"_links":{"self":[{"href":"https:\/\/noticiasveraces.com\/index.php?rest_route=\/wp\/v2\/posts\/51950","targetHints":{"allow":["GET"]}}],"collection":[{"href":"https:\/\/noticiasveraces.com\/index.php?rest_route=\/wp\/v2\/posts"}],"about":[{"href":"https:\/\/noticiasveraces.com\/index.php?rest_route=\/wp\/v2\/types\/post"}],"author":[{"embeddable":true,"href":"https:\/\/noticiasveraces.com\/index.php?rest_route=\/wp\/v2\/users\/1"}],"replies":[{"embeddable":true,"href":"https:\/\/noticiasveraces.com\/index.php?rest_route=%2Fwp%2Fv2%2Fcomments&post=51950"}],"version-history":[{"count":0,"href":"https:\/\/noticiasveraces.com\/index.php?rest_route=\/wp\/v2\/posts\/51950\/revisions"}],"wp:featuredmedia":[{"embeddable":true,"href":"https:\/\/noticiasveraces.com\/index.php?rest_route=\/wp\/v2\/media\/51952"}],"wp:attachment":[{"href":"https:\/\/noticiasveraces.com\/index.php?rest_route=%2Fwp%2Fv2%2Fmedia&parent=51950"}],"wp:term":[{"taxonomy":"category","embeddable":true,"href":"https:\/\/noticiasveraces.com\/index.php?rest_route=%2Fwp%2Fv2%2Fcategories&post=51950"},{"taxonomy":"post_tag","embeddable":true,"href":"https:\/\/noticiasveraces.com\/index.php?rest_route=%2Fwp%2Fv2%2Ftags&post=51950"}],"curies":[{"name":"wp","href":"https:\/\/api.w.org\/{rel}","templated":true}]}}