{"id":51932,"date":"2025-11-30T14:37:34","date_gmt":"2025-11-30T18:37:34","guid":{"rendered":"https:\/\/noticiasveraces.com\/?p=51932"},"modified":"2025-11-30T14:37:34","modified_gmt":"2025-11-30T18:37:34","slug":"james-rodriguez-mientras-define-su-futuro-hizo-sorpresiva-visita-a-colombia-vea-fotos-del-momento-curiosidades-de-futbol","status":"publish","type":"post","link":"https:\/\/noticiasveraces.com\/?p=51932","title":{"rendered":"James Rodr\u00edguez mientras define su futuro, hizo sorpresiva visita a Colombia: vea fotos del momento | Curiosidades de f\u00fatbol"},"content":{"rendered":"<p> \n<\/p>\n<div id=\"cuerpoArticulo\">\n<p class=\"texto intro cnx-companion-firstparagraph\" id=\"p259351-m804-803-805\">James Rodr\u00edguez sigue llamando la atenci\u00f3n, esta vez, no por los rumores relacionados a su futuro y el pr\u00f3ximo equipo donde jugar\u00e1; sino, por su inesperada visita a Colombia, donde tuvo la oportunidad de visitar diferentes comunidades, para impulsar el deporte a ni\u00f1os y ni\u00f1as. <\/p>\n<p>A trav\u00e9s de las redes sociales y de acuerdo a informaci\u00f3n entregada por la prensa local, se pudo conocer que el &#8217;10 tambi\u00e9n estuvo cumpliendo con compromisos comerciales en el pa\u00eds. <\/p>\n<p class=\"texto contenido-parrafo-articulo cnx-companion-paragraph\" id=\"p259351-m867-3-868\">Por ahora, el futuro de Rodr\u00edguez es incierto; sin embargo, todo parece indicar que continuar\u00eda jugando en M\u00e9xico, donde Pumas UNAM, ser\u00eda uno de los equipos que tendr\u00edan altas posibilidades de ficharlo. <\/p>\n<div class=\"fotografia caja-articulo\" id=\"p259351-m873-4-874\">\n<div class=\"imagen-cuerpo-bk\">\n<figure itemscope=\"\" itemtype=\"https:\/\/schema.org\/ImageObject\" itemprop=\"image\" id=\"m878-877-879\" class=\"foto-galeria-articulo imagen-articulo foto-texto-articulo-galeria\"><img decoding=\"async\" alt=\"James Rodr\u00edguez, en la concentraci\u00f3n\" src=\"data:image\/png;base64,iVBORw0KGgoAAAANSUhEUgAAAAEAAAABCAQAAAC1HAwCAAAAC0lEQVR42mP8\/x0AAvsB+DlKarAAAAAASUVORK5CYII=\" style=\" display: inline;\" data-original=\"\/files\/article_content\/uploads\/2025\/11\/10\/69123f6978643.jpeg\"\/><meta itemprop=\"width\" content=\"600\"\/><meta itemprop=\"height\" content=\"450\"\/> <meta itemprop=\"url\" content=\"https:\/\/www.futbolred.com\/files\/article_content\/uploads\/2025\/11\/10\/69123f6978643.jpeg\"\/><\/figure>\n<\/div>\n<div class=\"figcaption-cuerpo-bk credito-image-bk\"><figcaption class=\"foto-info\">\n<div class=\"titulo-foto-bk\">\n<p id=\"m885-1-886\" class=\"titulo pie-de-foto\">James Rodr\u00edguez, en la concentraci\u00f3n<\/p>\n<\/div>\n<p class=\"credito\">\n                            <span class=\"linea pre_credito\">Foto:<\/span><\/p>\n<p>                        <span id=\"m891-2-892\" class=\"autor\">Tomado de Instagram @fcfseleccioncol<\/span><\/p>\n<\/figcaption><\/div>\n<\/p><\/div>\n<p><span class=\"articulo-subtitulo subtitulo2 espacio-contenido cnx-companion-subtitle\" id=\"p259351-m899-5-900\">James Rodr\u00edguez estuvo visitando La Ceja, Antioquia<\/span><\/p>\n<p class=\"texto contenido-parrafo-articulo cnx-companion-paragraph\" id=\"p259351-m905-6-906\">Mientras eso ocurre, <b>James estuvo recorriendo el municipio de La Ceja, ubicado en el departamento de Antioquia.<\/b> All\u00ed recorri\u00f3 algunos escenarios deportivos, donde tuvo la oportunidad de compartir con j\u00f3venes deportistas. <\/p>\n<p>As\u00ed mismo, estuvo acompa\u00f1ado por la alcaldesa Ilbed Santa, el gerente del Incerde, Adri\u00e1n Chica, y el concejal Alex Fl\u00f3rez.<\/p>\n<p>Adem\u00e1s, de acuerdo a la informaci\u00f3n del portal MiOriente, <b>habr\u00eda un proyecto regional que ser\u00eda impulsado por James<\/b>sin embargo, no se conocen mayores detalles y se espera que en las pr\u00f3ximas semanas, se haga un anuncio oficial. <\/p>\n<p>Por otro lado, <b>se conocieron varias fotograf\u00edas de James cumpliendo con compromisos comerciales en el pa\u00eds.<\/b><\/p>\n<p>James aspira a definir su nuevo equipo en las semanas siguientes, para arrancar el 2026, en busca de mantener su rendimiento de cara al Mundial que se realizar\u00e1 en Estados Unidos, M\u00e9xico y Canad\u00e1.<\/p>\n<\/div>\n\n","protected":false},"excerpt":{"rendered":"<p>James Rodr\u00edguez sigue llamando la atenci\u00f3n, esta vez, no por los rumores relacionados a su futuro y el pr\u00f3ximo equipo donde jugar\u00e1; sino, por su inesperada visita a Colombia, donde tuvo la oportunidad de visitar diferentes comunidades, para impulsar el deporte a ni\u00f1os y ni\u00f1as. A trav\u00e9s de las redes sociales y de acuerdo a &hellip;<\/p>\n","protected":false},"author":1,"featured_media":51933,"comment_status":"open","ping_status":"open","sticky":false,"template":"","format":"standard","meta":{"fifu_image_url":"https:\/\/www.futbolred.com\/files\/og_thumbnail\/uploads\/2025\/11\/18\/691d359db1203.jpeg","fifu_image_alt":"","footnotes":""},"categories":[6],"tags":[],"class_list":["post-51932","post","type-post","status-publish","format-standard","has-post-thumbnail","","category-deportes"],"_links":{"self":[{"href":"https:\/\/noticiasveraces.com\/index.php?rest_route=\/wp\/v2\/posts\/51932","targetHints":{"allow":["GET"]}}],"collection":[{"href":"https:\/\/noticiasveraces.com\/index.php?rest_route=\/wp\/v2\/posts"}],"about":[{"href":"https:\/\/noticiasveraces.com\/index.php?rest_route=\/wp\/v2\/types\/post"}],"author":[{"embeddable":true,"href":"https:\/\/noticiasveraces.com\/index.php?rest_route=\/wp\/v2\/users\/1"}],"replies":[{"embeddable":true,"href":"https:\/\/noticiasveraces.com\/index.php?rest_route=%2Fwp%2Fv2%2Fcomments&post=51932"}],"version-history":[{"count":0,"href":"https:\/\/noticiasveraces.com\/index.php?rest_route=\/wp\/v2\/posts\/51932\/revisions"}],"wp:featuredmedia":[{"embeddable":true,"href":"https:\/\/noticiasveraces.com\/index.php?rest_route=\/wp\/v2\/media\/51933"}],"wp:attachment":[{"href":"https:\/\/noticiasveraces.com\/index.php?rest_route=%2Fwp%2Fv2%2Fmedia&parent=51932"}],"wp:term":[{"taxonomy":"category","embeddable":true,"href":"https:\/\/noticiasveraces.com\/index.php?rest_route=%2Fwp%2Fv2%2Fcategories&post=51932"},{"taxonomy":"post_tag","embeddable":true,"href":"https:\/\/noticiasveraces.com\/index.php?rest_route=%2Fwp%2Fv2%2Ftags&post=51932"}],"curies":[{"name":"wp","href":"https:\/\/api.w.org\/{rel}","templated":true}]}}