{"id":51878,"date":"2025-11-30T05:29:17","date_gmt":"2025-11-30T09:29:17","guid":{"rendered":"https:\/\/noticiasveraces.com\/?p=51878"},"modified":"2025-11-30T05:29:17","modified_gmt":"2025-11-30T09:29:17","slug":"una-protesta-masiva-interrumpe-la-conferencia-de-jovenes-de-afd-en-alemania-con-miles-de-personas","status":"publish","type":"post","link":"https:\/\/noticiasveraces.com\/?p=51878","title":{"rendered":"Una protesta masiva interrumpe la conferencia de j\u00f3venes de AfD en Alemania con miles de personas"},"content":{"rendered":"<p> \n<\/p>\n<div>\n<div id=\"beyondwords-wrapper\" class=\"beyondwords-wrapper\">\n<p><span class=\"label-bg\">NUEVO<\/span>\u00a1Ahora puedes escuchar los art\u00edculos de Fox News!\n  <\/p>\n<\/div>\n<p class=\"speakable\">Una protesta masiva el s\u00e1bado llena de activistas de la organizaci\u00f3n radical Antifa, que el presidente Donald Trump design\u00f3 como organizaci\u00f3n terrorista nacional, retras\u00f3 el inicio de una conferencia del ala juvenil del partido populista de derecha alem\u00e1n Alternativa para Alemania (AfD) llamada Generaci\u00f3n Deutschland.<\/p>\n<p class=\"speakable\">Entre 25.000 y 30.000 manifestantes protestaron contra la convenci\u00f3n juvenil de AfD en la ciudad de Giessen, en el centro de Alemania, lo que provoc\u00f3 el mayor contingente policial (6.000 agentes) en la historia del estado de Hesse.<\/p>\n<p>La col\u00edder de AfD, Alice Weidel, arremeti\u00f3 contra los manifestantes en el centro de convenciones de la ciudad. <\/p>\n<p>\u00abLo que se est\u00e1 haciendo ah\u00ed fuera (queridos izquierdistas, queridos extremistas, deben mirarse a s\u00ed mismos) es algo profundamente antidemocr\u00e1tico\u00bb, dijo Weidel. <\/p>\n<p><strong>EL DEPARTAMENTO DE ESTADO REALIZA LAS PRIMERAS DESIGNACIONES DE TERRORISTAS EXTRANJEROS DE ANTIFA EN TODA EUROPA<\/strong><\/p>\n<div class=\"image-ct inline\">\n<div class=\"m\"><picture><source media=\"(max-width: 767px)\" srcset=\"https:\/\/a57.foxnews.com\/static.foxnews.com\/foxnews.com\/content\/uploads\/2025\/11\/343\/192\/anti-afd-protest.jpg?ve=1&amp;tl=1, https:\/\/a57.foxnews.com\/static.foxnews.com\/foxnews.com\/content\/uploads\/2025\/11\/686\/384\/anti-afd-protest.jpg?ve=1&amp;tl=1 2x\" height=\"192\" width=\"343\"><source media=\"(min-width: 768px) and (max-width: 1023px)\" srcset=\"https:\/\/a57.foxnews.com\/static.foxnews.com\/foxnews.com\/content\/uploads\/2025\/11\/672\/378\/anti-afd-protest.jpg?ve=1&amp;tl=1, https:\/\/a57.foxnews.com\/static.foxnews.com\/foxnews.com\/content\/uploads\/2025\/11\/1344\/756\/anti-afd-protest.jpg?ve=1&amp;tl=1 2x\" height=\"378\" width=\"672\"><source media=\"(min-width: 1024px) and (max-width: 1279px)\" srcset=\"https:\/\/a57.foxnews.com\/static.foxnews.com\/foxnews.com\/content\/uploads\/2025\/11\/931\/523\/anti-afd-protest.jpg?ve=1&amp;tl=1, https:\/\/a57.foxnews.com\/static.foxnews.com\/foxnews.com\/content\/uploads\/2025\/11\/1862\/1046\/anti-afd-protest.jpg?ve=1&amp;tl=1 2x\" height=\"523\" width=\"931\"><source media=\"(min-width: 1280px)\" srcset=\"https:\/\/a57.foxnews.com\/static.foxnews.com\/foxnews.com\/content\/uploads\/2025\/11\/720\/405\/anti-afd-protest.jpg?ve=1&amp;tl=1, https:\/\/a57.foxnews.com\/static.foxnews.com\/foxnews.com\/content\/uploads\/2025\/11\/1440\/810\/anti-afd-protest.jpg?ve=1&amp;tl=1 2x\" height=\"405\" width=\"720\"><img loading=\"lazy\" decoding=\"async\" src=\"https:\/\/a57.foxnews.com\/static.foxnews.com\/foxnews.com\/content\/uploads\/2025\/11\/1200\/675\/anti-afd-protest.jpg?ve=1&amp;tl=1\" alt=\"Protestas de la organizaci\u00f3n juvenil alemana AfD\" width=\"1200\" height=\"675\"\/><\/source><\/source><\/source><\/source><\/picture><\/div>\n<div class=\"info\">\n<div class=\"caption\">\n<p><span>Dos manifestantes saltan una barrera mientras se despliega un ca\u00f1\u00f3n de agua. Varios miles de manifestantes protestaron el s\u00e1bado contra la fundaci\u00f3n de una nueva organizaci\u00f3n juvenil de AfD. Su predecesor, Alternativa Junge, que hab\u00eda sido clasificado como de extrema derecha, se hab\u00eda disuelto.<\/span> <span>(Hannes P Albert\/picture-alliance\/dpa\/AP Images)<\/span><\/p>\n<\/div>\n<\/div>\n<\/div>\n<p>Seg\u00fan The Associated Press, los agentes utilizaron gas pimienta despu\u00e9s de que les arrojaran piedras en un lugar, dijo la polic\u00eda. Tambi\u00e9n utilizaron ca\u00f1ones de agua para despejar un bloqueo de unos 2.000 manifestantes despu\u00e9s de que ignoraron los llamados para que se fueran. Lo hicieron nuevamente el s\u00e1bado por la tarde cuando un grupo intent\u00f3 romper las barreras hacia el centro de convenciones de la ciudad. La polic\u00eda dijo que se desplegaron hasta 6.000 agentes y que entre 10 y 15 resultaron levemente heridos.<\/p>\n<p>El ex embajador de Estados Unidos en Alemania durante la primera administraci\u00f3n, Richard Grenell, advirti\u00f3 en X sobre los peligros de la izquierda antidemocr\u00e1tica en la Rep\u00fablica Federal de Alemania. <\/p>\n<p>Escribi\u00f3: \u00abLa izquierda intolerante y violenta est\u00e1 ganando terreno en Alemania. Si siguen a la izquierda estadounidense, promover\u00e1n la violencia mortal y al mismo tiempo perder\u00e1n el apoyo p\u00fablico y las elecciones. Pero no ver\u00e1n los errores de sus caminos porque la izquierda alemana recibe mucho apoyo de los medios de comunicaci\u00f3n en Alemania. Tambi\u00e9n est\u00e1n financiados con fondos p\u00fablicos. Los medios conservadores son peque\u00f1os y t\u00edmidos, pero est\u00e1n creciendo r\u00e1pidamente\u00bb.<\/p>\n<p><strong>ABBOTT ORDENA LA GUARDIA NACIONAL DE TEXAS A AUSTIN ANTES DE LA &#8216;PROTESTA VINCULADA A ANTIFA&#8217;<\/strong><\/p>\n<p>Boris Rhein, gobernador de la Uni\u00f3n Dem\u00f3crata Cristiana del estado de Hesse, critic\u00f3 los ataques a la polic\u00eda y el intento de torpedear el evento juvenil de AfD.<\/p>\n<p>\u00abEl uso de la violencia y los intentos de impedir reuniones mediante marchas nunca pueden ser medios democr\u00e1ticos\u00bb, afirm\u00f3 Rhein.<\/p>\n<p>El AfD obtuvo un impresionante segundo puesto en las elecciones de febrero, con el 20,8% de los votos. Sin embargo, los principales partidos alemanes se negaron a formar una coalici\u00f3n con AfD debido a lo que dijeron eran sus opiniones extremistas.<\/p>\n<div class=\"image-ct inline\">\n<div class=\"m\"><picture><source media=\"(max-width: 767px)\" srcset=\"https:\/\/a57.foxnews.com\/static.foxnews.com\/foxnews.com\/content\/uploads\/2025\/11\/343\/192\/antifa-germany-protests-afd.jpg?ve=1&amp;tl=1, https:\/\/a57.foxnews.com\/static.foxnews.com\/foxnews.com\/content\/uploads\/2025\/11\/686\/384\/antifa-germany-protests-afd.jpg?ve=1&amp;tl=1 2x\" height=\"192\" width=\"343\"><source media=\"(min-width: 768px) and (max-width: 1023px)\" srcset=\"https:\/\/a57.foxnews.com\/static.foxnews.com\/foxnews.com\/content\/uploads\/2025\/11\/672\/378\/antifa-germany-protests-afd.jpg?ve=1&amp;tl=1, https:\/\/a57.foxnews.com\/static.foxnews.com\/foxnews.com\/content\/uploads\/2025\/11\/1344\/756\/antifa-germany-protests-afd.jpg?ve=1&amp;tl=1 2x\" height=\"378\" width=\"672\"><source media=\"(min-width: 1024px) and (max-width: 1279px)\" srcset=\"https:\/\/a57.foxnews.com\/static.foxnews.com\/foxnews.com\/content\/uploads\/2025\/11\/931\/523\/antifa-germany-protests-afd.jpg?ve=1&amp;tl=1, https:\/\/a57.foxnews.com\/static.foxnews.com\/foxnews.com\/content\/uploads\/2025\/11\/1862\/1046\/antifa-germany-protests-afd.jpg?ve=1&amp;tl=1 2x\" height=\"523\" width=\"931\"><source media=\"(min-width: 1280px)\" srcset=\"https:\/\/a57.foxnews.com\/static.foxnews.com\/foxnews.com\/content\/uploads\/2025\/11\/720\/405\/antifa-germany-protests-afd.jpg?ve=1&amp;tl=1, https:\/\/a57.foxnews.com\/static.foxnews.com\/foxnews.com\/content\/uploads\/2025\/11\/1440\/810\/antifa-germany-protests-afd.jpg?ve=1&amp;tl=1 2x\" height=\"405\" width=\"720\"><img loading=\"lazy\" decoding=\"async\" src=\"https:\/\/a57.foxnews.com\/static.foxnews.com\/foxnews.com\/content\/uploads\/2025\/11\/1200\/675\/antifa-germany-protests-afd.jpg?ve=1&amp;tl=1\" alt=\"Manifestantes que se cree que son miembros de Antifa pelean con la polic\u00eda alemana\" width=\"1200\" height=\"675\"\/><\/source><\/source><\/source><\/source><\/picture><\/div>\n<div class=\"info\">\n<div class=\"caption\">\n<p><span>La polic\u00eda y los manifestantes, incluidos miembros de Antifa, se enfrentan en una carretera cerca del puente Lahnbr\u00fccke. Varios miles de manifestantes protestaron el s\u00e1bado contra la fundaci\u00f3n de una nueva organizaci\u00f3n juvenil de AfD. 29 de noviembre de 2025.<\/span> <span>(Lando Hass\/picture-alliance\/dpa\/AP Images)<\/span><\/p>\n<\/div>\n<\/div>\n<\/div>\n<p>La divisi\u00f3n juvenil de AfD eligi\u00f3 como presidente a Jean-Pascal Hohm, de 28 a\u00f1os. Seg\u00fan un art\u00edculo del peri\u00f3dico alem\u00e1n Die Welt, un informe de inteligencia local lo cit\u00f3 expresando opiniones antiinmigrantes y nacionalistas. <\/p>\n<p>\u00abLucharemos decididamente por un verdadero cambio en la pol\u00edtica migratoria que garantice que Alemania siga siendo la patria de los alemanes\u00bb, afirm\u00f3 Hohm al inicio de la conferencia.<\/p>\n<p>La creaci\u00f3n de Generation Deutschland se desarroll\u00f3 despu\u00e9s de que la agencia federal de inteligencia de Alemania clasificara al anterior cap\u00edtulo juvenil de AfD, Young Alternative, como una \u00aborganizaci\u00f3n extremista\u00bb en 2023, lo que result\u00f3 en su disoluci\u00f3n.<\/p>\n<p><strong>HAGA CLIC AQU\u00cd PARA DESCARGAR LA APLICACI\u00d3N FOX NEWS<\/strong><\/p>\n<p>AfD se presenta como una fuerza antisistema en un momento de baja confianza en los pol\u00edticos. Ingres\u00f3 por primera vez al parlamento nacional en 2017 tras la llegada de un gran n\u00famero de inmigrantes a mediados de la d\u00e9cada de 2010. Frenar la migraci\u00f3n sigue siendo su tema distintivo, pero tambi\u00e9n ha demostrado talento para capitalizar el descontento sobre otras cuestiones. Esto se reflej\u00f3 en el tono confiado de los l\u00edderes el s\u00e1bado.<\/p>\n<p><i>La Prensa Asociada contribuy\u00f3 a este informe.<\/i><\/p>\n<p> <!----> <\/p>\n<div class=\"article-meta\">\n<div class=\"author-bio\">\n<p>Benjamin Weinthal informa sobre Israel, Ir\u00e1n, Siria, Turqu\u00eda y Europa. Puede seguir a Benjamin en Twitter @BenWeinthal y enviarle un correo electr\u00f3nico a benjamin.weinthal@fox.com.<\/p>\n<\/div>\n<\/div>\n<\/div>\n\n","protected":false},"excerpt":{"rendered":"<p>NUEVO\u00a1Ahora puedes escuchar los art\u00edculos de Fox News! Una protesta masiva el s\u00e1bado llena de activistas de la organizaci\u00f3n radical Antifa, que el presidente Donald Trump design\u00f3 como organizaci\u00f3n terrorista nacional, retras\u00f3 el inicio de una conferencia del ala juvenil del partido populista de derecha alem\u00e1n Alternativa para Alemania (AfD) llamada Generaci\u00f3n Deutschland. Entre 25.000 &hellip;<\/p>\n","protected":false},"author":1,"featured_media":51880,"comment_status":"open","ping_status":"open","sticky":false,"template":"","format":"standard","meta":{"fifu_image_url":"https:\/\/static.foxnews.com\/foxnews.com\/content\/uploads\/2025\/11\/antifa-germany-protests-afd.jpg","fifu_image_alt":"","footnotes":""},"categories":[13],"tags":[],"class_list":["post-51878","post","type-post","status-publish","format-standard","has-post-thumbnail","","category-mundo"],"_links":{"self":[{"href":"https:\/\/noticiasveraces.com\/index.php?rest_route=\/wp\/v2\/posts\/51878","targetHints":{"allow":["GET"]}}],"collection":[{"href":"https:\/\/noticiasveraces.com\/index.php?rest_route=\/wp\/v2\/posts"}],"about":[{"href":"https:\/\/noticiasveraces.com\/index.php?rest_route=\/wp\/v2\/types\/post"}],"author":[{"embeddable":true,"href":"https:\/\/noticiasveraces.com\/index.php?rest_route=\/wp\/v2\/users\/1"}],"replies":[{"embeddable":true,"href":"https:\/\/noticiasveraces.com\/index.php?rest_route=%2Fwp%2Fv2%2Fcomments&post=51878"}],"version-history":[{"count":0,"href":"https:\/\/noticiasveraces.com\/index.php?rest_route=\/wp\/v2\/posts\/51878\/revisions"}],"wp:featuredmedia":[{"embeddable":true,"href":"https:\/\/noticiasveraces.com\/index.php?rest_route=\/wp\/v2\/media\/51880"}],"wp:attachment":[{"href":"https:\/\/noticiasveraces.com\/index.php?rest_route=%2Fwp%2Fv2%2Fmedia&parent=51878"}],"wp:term":[{"taxonomy":"category","embeddable":true,"href":"https:\/\/noticiasveraces.com\/index.php?rest_route=%2Fwp%2Fv2%2Fcategories&post=51878"},{"taxonomy":"post_tag","embeddable":true,"href":"https:\/\/noticiasveraces.com\/index.php?rest_route=%2Fwp%2Fv2%2Ftags&post=51878"}],"curies":[{"name":"wp","href":"https:\/\/api.w.org\/{rel}","templated":true}]}}