{"id":51861,"date":"2025-11-30T01:08:05","date_gmt":"2025-11-30T05:08:05","guid":{"rendered":"https:\/\/noticiasveraces.com\/?p=51861"},"modified":"2025-11-30T01:08:05","modified_gmt":"2025-11-30T05:08:05","slug":"produccion-y-empleo-el-nacional","status":"publish","type":"post","link":"https:\/\/noticiasveraces.com\/?p=51861","title":{"rendered":"Producci\u00f3n y empleo &#8211; EL NACIONAL"},"content":{"rendered":"<p> \n<\/p>\n<div><head><meta charset=\"UTF-8\"\/><meta name=\"viewport\" content=\"width=device-width, initial-scale=1.0\"\/>  <link rel=\"preconnect\" href=\"https:\/\/pagead2.googlesyndication.com\"\/><link rel=\"preconnect\" href=\"https:\/\/securepubads.g.doubleclick.net\"\/><link rel=\"preconnect\" href=\"https:\/\/www.googleadservices.com\"\/><link rel=\"preconnect\" href=\"https:\/\/cdn.jsdelivr.net\"\/><link rel=\"preconnect\" href=\"https:\/\/elnacional-uploads.nyc3.digitaloceanspaces.com\"\/><link rel=\"preconnect\" href=\"https:\/\/www.google-analytics.com\"\/><link rel=\"preconnect\" href=\"https:\/\/www.googletagmanager.com\"\/><link rel=\"preconnect\" href=\"https:\/\/www.googletagservices.com\"\/><link rel=\"preconnect\" href=\"https:\/\/www.google.com\"\/><meta name=\"robots\" content=\"index, follow, max-image-preview:large, max-snippet:-1, max-video-preview:-1\"\/><title>Producci\u00f3n y empleo &#8211; EL NACIONAL<\/title><link rel=\"canonical\" href=\"https:\/\/www.elnacional.com\/2025\/11\/produccion-y-empleo-2\/\"\/><meta property=\"og:locale\" content=\"es_ES\"\/><meta property=\"og:type\" content=\"article\"\/><meta property=\"og:title\" content=\"Producci\u00f3n y empleo\"\/><meta property=\"og:description\" content=\"En todo el mundo, los m\u00e1s altos niveles de empleo y mejores salarios est\u00e1n asociados a la capacidad de producci\u00f3n.\u00a0 La capacidad de producci\u00f3n est\u00e1 estrechamente relacionada no solo con la transformaci\u00f3n de las materias primas existentes, sino tambi\u00e9n con el procesamiento de lo que se importa para cubrir el consumo y, m\u00e1s importante, con [\u2026]\"\/><meta property=\"og:url\" content=\"https:\/\/www.elnacional.com\/2025\/11\/produccion-y-empleo-2\/\"\/><meta property=\"og:site_name\" content=\"EL NACIONAL\"\/><meta property=\"article:publisher\" content=\"https:\/\/www.facebook.com\/elnacionalfb\"\/><meta property=\"article:published_time\" content=\"2025-11-30T05:05:00+00:00\"\/><meta property=\"og:image\" content=\"https:\/\/elnacional-uploads.nyc3.digitaloceanspaces.com\/wp-content\/uploads\/2025\/11\/29194326\/Captura-de-pantalla-2025-11-29-194307.png\"\/><meta property=\"og:image:width\" content=\"498\"\/><meta property=\"og:image:height\" content=\"313\"\/><meta property=\"og:image:type\" content=\"image\/png\"\/><meta name=\"author\" content=\"Vicente Brito\"\/><meta name=\"twitter:card\" content=\"summary_large_image\"\/><meta name=\"twitter:creator\" content=\"@ElNacionalWeb\"\/><meta name=\"twitter:site\" content=\"@ElNacionalWeb\"\/><meta name=\"twitter:label1\" content=\"Escrito por\"\/><meta name=\"twitter:data1\" content=\"Vicente Brito\"\/><meta name=\"twitter:label2\" content=\"Tiempo estimado de lectura\"\/><meta name=\"twitter:data2\" content=\"1 minuto\"\/>  <link rel=\"alternate\" type=\"application\/rss+xml\" title=\"EL NACIONAL \u00bb Feed\" href=\"https:\/\/www.elnacional.com\/feed\/\"\/><link rel=\"stylesheet\" id=\"wp-block-library-css\" href=\"https:\/\/www.elnacional.com\/wp-includes\/css\/dist\/block-library\/style.min.css?ver=38d6d180a626f50d90dc475a35b71b9f\" type=\"text\/css\" media=\"all\"\/><link rel=\"stylesheet\" id=\"en-lista-de-notas-style-css\" href=\"https:\/\/www.elnacional.com\/wp-content\/themes\/elnacional\/blocks\/lista-de-notas\/lista-de-notas.css?ver=38d6d180a626f50d90dc475a35b71b9f\" type=\"text\/css\" media=\"all\"\/><link rel=\"stylesheet\" id=\"en-nota-destacada-style-css\" href=\"https:\/\/www.elnacional.com\/wp-content\/themes\/elnacional\/blocks\/nota-destacada\/nota-destacada.css?ver=38d6d180a626f50d90dc475a35b71b9f\" type=\"text\/css\" media=\"all\"\/>   <link rel=\"alternate\" href=\"https:\/\/www.elnacional.com\/2025\/11\/produccion-y-empleo-2\/\" hreflang=\"x-default\"\/><link rel=\"canonical\" href=\"https:\/\/www.elnacional.com\/2025\/11\/produccion-y-empleo-2\/\"\/><noscript\/><link rel=\"icon\" href=\"https:\/\/elnacional-uploads.nyc3.digitaloceanspaces.com\/wp-content\/uploads\/2025\/05\/12084326\/elnacional-logo-stacked-512x512-1-1-320x320.png\" sizes=\"32x32\"\/><link rel=\"icon\" href=\"https:\/\/elnacional-uploads.nyc3.digitaloceanspaces.com\/wp-content\/uploads\/2025\/05\/12084326\/elnacional-logo-stacked-512x512-1-1-320x320.png\" sizes=\"192x192\"\/><link rel=\"apple-touch-icon\" href=\"https:\/\/elnacional-uploads.nyc3.digitaloceanspaces.com\/wp-content\/uploads\/2025\/05\/12084326\/elnacional-logo-stacked-512x512-1-1-320x320.png\"\/><meta name=\"msapplication-TileImage\" content=\"https:\/\/elnacional-uploads.nyc3.digitaloceanspaces.com\/wp-content\/uploads\/2025\/05\/12084326\/elnacional-logo-stacked-512x512-1-1-320x320.png\"\/><link rel=\"stylesheet\" type=\"text\/css\" href=\"https:\/\/www.elnacional.com\/wp-content\/themes\/elnacional\/assets\/css\/fonts.css?v=1753347600\" media=\"all\"\/><link rel=\"stylesheet\" type=\"text\/css\" href=\"https:\/\/www.elnacional.com\/wp-content\/themes\/elnacional\/assets\/css\/all.css?v=1761095352\" media=\"all\"\/><link rel=\"stylesheet\" type=\"text\/css\" href=\"https:\/\/www.elnacional.com\/wp-content\/themes\/elnacional\/assets\/css\/fix.css?v=1757033600\" media=\"all\"\/><link rel=\"stylesheet\" type=\"text\/css\" href=\"https:\/\/cdn.jsdelivr.net\/npm\/slick-carousel@1.8.1\/slick\/slick.css\"\/><link rel=\"stylesheet\" type=\"text\/css\" href=\"https:\/\/cdn.jsdelivr.net\/npm\/slick-carousel@1.8.1\/slick\/slick-theme.css\"\/>                <\/head><body class=\"single single-post single-post-produccion-y-empleo-2\" id=\"wp_automatic_ReadabilityBody\"><br \/>\n<noscript><iframe loading=\"lazy\" src=\"https:\/\/www.googletagmanager.com\/ns.html?id=GTM-NZ6TZL6\" height=\"0\" width=\"0\" style=\"display:none;visibility:hidden\"><\/iframe><\/noscript><\/p>\n<header\/>\n<div class=\"article-wrapper columnistas\" id=\"primary\">\n<p id=\"breadcrumbs\"><span><span>Opini\u00f3n<\/span> <span class=\"separator\">\u00bb<\/span> <span class=\"breadcrumb_last\" aria-current=\"page\">Producci\u00f3n y empleo<\/span><\/span><\/p>\n<div class=\"block\">\n<div class=\"content\">\n<article>\n<div class=\"image-featured\">\n<img src=\"data:image\/png;base64,iVBORw0KGgoAAAANSUhEUgAAAfIAAAE5AQAAAABDxZ8KAAAAAnRSTlMAAHaTzTgAAAAqSURBVHja7cEBDQAAAMKg909tDjegAAAAAAAAAAAAAAAAAAAAAAAAAHgwTkAAAUNC8PUAAAAASUVORK5CYII=\" alt=\"Captura de pantalla 2025-11-29 194307\" data-src=\"https:\/\/elnacional-uploads.nyc3.digitaloceanspaces.com\/wp-content\/uploads\/2025\/11\/29194326\/Captura-de-pantalla-2025-11-29-194307.png\" decoding=\"async\" class=\"lazyload\" data-eio-rwidth=\"498\" data-eio-rheight=\"313\"\/><img decoding=\"async\" src=\"https:\/\/elnacional-uploads.nyc3.digitaloceanspaces.com\/wp-content\/uploads\/2025\/11\/29194326\/Captura-de-pantalla-2025-11-29-194307.png\" alt=\"Captura de pantalla 2025-11-29 194307\" data-eio=\"l\"\/><\/div>\n<blockquote class=\"wp-block-quote is-layout-flow wp-block-quote-is-layout-flow\">\n<p>En todo el mundo, los m\u00e1s altos niveles de empleo y mejores salarios est\u00e1n asociados a la capacidad de producci\u00f3n. <\/p>\n<p>La capacidad de producci\u00f3n est\u00e1 estrechamente relacionada no solo con la transformaci\u00f3n de las materias primas existentes, sino tambi\u00e9n con el procesamiento de lo que se importa para cubrir el consumo y, m\u00e1s importante, con la exportaci\u00f3n de los productos terminados a los mercados internacionales. <\/p>\n<p>Los pa\u00edses con mayores vol\u00famenes de producci\u00f3n y transformaci\u00f3n industrial alcanzan\u00a0un destacado desarrollo social sostenido en los ingresos per c\u00e1pita de sus habitantes, lo cual demuestra la importancia de producir,\u00a0cubrir el consumo interno y sostener las exportaciones en calidad y precios, para obtener elevados niveles de producci\u00f3n, empleo, altos salarios y elevados niveles en calidad de vida y desarrollo humano. <\/p>\n<p>La producci\u00f3n se ha convertido en el factor determinante en lograr elevados niveles de empleo, sosteniendo elevados montos de inversi\u00f3n para convertir la explotaci\u00f3n de sus recursos naturales en productos terminados logrando con ello elevados est\u00e1ndares de felicidad para sus habitantes. <\/p>\n<\/blockquote>\n<\/article>\n<\/div>\n<aside\/>\n<section class=\"related\">\n<h3 class=\"relacionadas\">Relacionado<\/h3>\n<hr\/>\n<\/section>\n<\/div>\n<\/div>\n<footer>\n<div class=\"copyright\">\n<span><\/p>\n<p>\u00a9 C.A.Editora El Nacional &#8211; Presidente Editor (CEO) Miguel Henrique Otero Castillo.<br \/>TODOS LOS DERECHOS RESERVADOS. PROHIBIDA LA REPRODUCCI\u00d3N TOTAL O PARCIAL DE CUALQUIER MATERIAL DE ESTE DIARIO SIN<br \/>\nLA AUTORIZACI\u00d3N EXPRESA DE LOS EDITORES<br \/>\n<\/span><\/div>\n<\/footer>\n<p><\/body><\/div>\n\n","protected":false},"excerpt":{"rendered":"<p>Producci\u00f3n y empleo &#8211; EL NACIONAL Opini\u00f3n \u00bb Producci\u00f3n y empleo En todo el mundo, los m\u00e1s altos niveles de empleo y mejores salarios est\u00e1n asociados a la capacidad de producci\u00f3n. La capacidad de producci\u00f3n est\u00e1 estrechamente relacionada no solo con la transformaci\u00f3n de las materias primas existentes, sino tambi\u00e9n con el procesamiento de lo &hellip;<\/p>\n","protected":false},"author":1,"featured_media":51863,"comment_status":"open","ping_status":"open","sticky":false,"template":"","format":"standard","meta":{"fifu_image_url":"https:\/\/elnacional-uploads.nyc3.digitaloceanspaces.com\/wp-content\/uploads\/2025\/11\/29194326\/Captura-de-pantalla-2025-11-29-194307.png","fifu_image_alt":"","footnotes":""},"categories":[13],"tags":[],"class_list":["post-51861","post","type-post","status-publish","format-standard","has-post-thumbnail","","category-mundo"],"_links":{"self":[{"href":"https:\/\/noticiasveraces.com\/index.php?rest_route=\/wp\/v2\/posts\/51861","targetHints":{"allow":["GET"]}}],"collection":[{"href":"https:\/\/noticiasveraces.com\/index.php?rest_route=\/wp\/v2\/posts"}],"about":[{"href":"https:\/\/noticiasveraces.com\/index.php?rest_route=\/wp\/v2\/types\/post"}],"author":[{"embeddable":true,"href":"https:\/\/noticiasveraces.com\/index.php?rest_route=\/wp\/v2\/users\/1"}],"replies":[{"embeddable":true,"href":"https:\/\/noticiasveraces.com\/index.php?rest_route=%2Fwp%2Fv2%2Fcomments&post=51861"}],"version-history":[{"count":0,"href":"https:\/\/noticiasveraces.com\/index.php?rest_route=\/wp\/v2\/posts\/51861\/revisions"}],"wp:featuredmedia":[{"embeddable":true,"href":"https:\/\/noticiasveraces.com\/index.php?rest_route=\/wp\/v2\/media\/51863"}],"wp:attachment":[{"href":"https:\/\/noticiasveraces.com\/index.php?rest_route=%2Fwp%2Fv2%2Fmedia&parent=51861"}],"wp:term":[{"taxonomy":"category","embeddable":true,"href":"https:\/\/noticiasveraces.com\/index.php?rest_route=%2Fwp%2Fv2%2Fcategories&post=51861"},{"taxonomy":"post_tag","embeddable":true,"href":"https:\/\/noticiasveraces.com\/index.php?rest_route=%2Fwp%2Fv2%2Ftags&post=51861"}],"curies":[{"name":"wp","href":"https:\/\/api.w.org\/{rel}","templated":true}]}}