{"id":51858,"date":"2025-11-30T00:49:19","date_gmt":"2025-11-30T04:49:19","guid":{"rendered":"https:\/\/noticiasveraces.com\/?p=51858"},"modified":"2025-11-30T00:49:19","modified_gmt":"2025-11-30T04:49:19","slug":"venezuela-condena-el-cierre-del-espacio-aereo-de-trump-como-una-amenaza-colonialista","status":"publish","type":"post","link":"https:\/\/noticiasveraces.com\/?p=51858","title":{"rendered":"Venezuela condena el cierre del espacio a\u00e9reo de Trump como una \u00abamenaza colonialista\u00bb"},"content":{"rendered":"<p> \n<\/p>\n<div><!----> <!----> <\/p>\n<div class=\"featured featured-video video-ct\">\n<div class=\"contain\">\n<div class=\"info\">\n<div class=\"caption\">\n<p>El senador Roger Marshall, republicano por Kansas, analiza en &#8216;The Bottom Line&#8217; c\u00f3mo la administraci\u00f3n Trump puso fin a la licencia petrolera de Chevron en Venezuela.<\/p>\n<\/div>\n<\/div>\n<\/div>\n<\/div>\n<p>Venezuela conden\u00f3 el s\u00e1bado al presidente Donald Trump diciendo que el espacio a\u00e9reo del pa\u00eds sudamericano deber\u00eda considerarse cerrado como una \u00abamenaza colonialista\u00bb.<\/p>\n<p>Los funcionarios venezolanos acusaron a Trump de amenazar la soberan\u00eda del pa\u00eds y agregaron que sus comentarios iban en contra del derecho internacional.<\/p>\n<p>El ministro de Relaciones Exteriores del pa\u00eds calific\u00f3 la publicaci\u00f3n de Trump como \u00abotra agresi\u00f3n extravagante, ilegal e injustificada contra el pueblo venezolano\u00bb, inform\u00f3 BBC News.<\/p>\n<p>M\u00e1s temprano el s\u00e1bado, el presidente dijo en Truth Social que el espacio a\u00e9reo de Venezuela deber\u00eda considerarse \u00abcerrado en su totalidad\u00bb.<\/p>\n<p><strong>MADURO BLANDA ESPADA EN UN MITIN MIENTRAS SE DENUNCIA CONTRA LA &#8216;AGRESI\u00d3N IMPERIALISTA&#8217; EN MEDIO DE AUMENTO DE TENSIONES CON NOSOTROS<\/strong><\/p>\n<div class=\"inline image-ct\">\n<div class=\"m\"><picture><source media=\"(max-width: 767px)\" srcset=\"https:\/\/a57.foxnews.com\/static.foxbusiness.com\/foxbusiness.com\/content\/uploads\/2025\/11\/343\/192\/caracas-venezuela.jpg?ve=1&amp;tl=1, https:\/\/a57.foxnews.com\/static.foxbusiness.com\/foxbusiness.com\/content\/uploads\/2025\/11\/686\/384\/caracas-venezuela.jpg?ve=1&amp;tl=1 2x\"><source media=\"(min-width: 768px) and (max-width: 1023px)\" srcset=\"https:\/\/a57.foxnews.com\/static.foxbusiness.com\/foxbusiness.com\/content\/uploads\/2025\/11\/672\/378\/caracas-venezuela.jpg?ve=1&amp;tl=1, https:\/\/a57.foxnews.com\/static.foxbusiness.com\/foxbusiness.com\/content\/uploads\/2025\/11\/1344\/756\/caracas-venezuela.jpg?ve=1&amp;tl=1 2x\"><source media=\"(min-width: 1024px) and (max-width: 1279px)\" srcset=\"https:\/\/a57.foxnews.com\/static.foxbusiness.com\/foxbusiness.com\/content\/uploads\/2025\/11\/931\/523\/caracas-venezuela.jpg?ve=1&amp;tl=1, https:\/\/a57.foxnews.com\/static.foxbusiness.com\/foxbusiness.com\/content\/uploads\/2025\/11\/1862\/1046\/caracas-venezuela.jpg?ve=1&amp;tl=1 2x\"><source media=\"(min-width: 1280px)\" srcset=\"https:\/\/a57.foxnews.com\/static.foxbusiness.com\/foxbusiness.com\/content\/uploads\/2025\/11\/720\/405\/caracas-venezuela.jpg?ve=1&amp;tl=1, https:\/\/a57.foxnews.com\/static.foxbusiness.com\/foxbusiness.com\/content\/uploads\/2025\/11\/1440\/810\/caracas-venezuela.jpg?ve=1&amp;tl=1 2x\"><img decoding=\"async\" src=\"https:\/\/a57.foxnews.com\/static.foxbusiness.com\/foxbusiness.com\/content\/uploads\/2025\/11\/931\/523\/caracas-venezuela.jpg?ve=1&amp;tl=1\" alt=\"Vista a\u00e9rea de Caracas, Venezuela\"\/><\/source><\/source><\/source><\/source><\/picture><\/div>\n<div class=\"caption\">\n<p><span>Panorama de Caracas en medio de crecientes tensiones entre Estados Unidos y Venezuela. <\/span><span>  (Reuters\/Gaby Ora\u00e1 \/ Reuters Fotos)<\/span><\/p>\n<\/div>\n<\/div>\n<p>\u00abA todas las aerol\u00edneas, pilotos, narcotraficantes y traficantes de personas, por favor consideren que EL ESPACIO A\u00c9REO SOBRE Y ALREDEDORES DE VENEZUELA EST\u00c1 CERRADO EN SU TOTALIDAD\u00bb, escribi\u00f3 sin dar m\u00e1s detalles.<\/p>\n<p>Esto se produjo una semana despu\u00e9s de que la Administraci\u00f3n Federal de Aviaci\u00f3n advirtiera a las aerol\u00edneas sobre un \u00abempeoramiento de la situaci\u00f3n de seguridad\u00bb en la zona.<\/p>\n<p><strong>TRUMP ANUNCIA POSIBLE ATAQUE MILITAR EN VENEZUELA<\/strong><\/p>\n<p>Algunas aerol\u00edneas internacionales cancelaron vuelos tras la advertencia.<\/p>\n<div class=\"inline image-ct\">\n<div class=\"m\"><picture><source media=\"(max-width: 767px)\" srcset=\"https:\/\/a57.foxnews.com\/static.foxbusiness.com\/foxbusiness.com\/content\/uploads\/2025\/11\/343\/192\/trump-at-mar-a-lago.jpg?ve=1&amp;tl=1, https:\/\/a57.foxnews.com\/static.foxbusiness.com\/foxbusiness.com\/content\/uploads\/2025\/11\/686\/384\/trump-at-mar-a-lago.jpg?ve=1&amp;tl=1 2x\"><source media=\"(min-width: 768px) and (max-width: 1023px)\" srcset=\"https:\/\/a57.foxnews.com\/static.foxbusiness.com\/foxbusiness.com\/content\/uploads\/2025\/11\/672\/378\/trump-at-mar-a-lago.jpg?ve=1&amp;tl=1, https:\/\/a57.foxnews.com\/static.foxbusiness.com\/foxbusiness.com\/content\/uploads\/2025\/11\/1344\/756\/trump-at-mar-a-lago.jpg?ve=1&amp;tl=1 2x\"><source media=\"(min-width: 1024px) and (max-width: 1279px)\" srcset=\"https:\/\/a57.foxnews.com\/static.foxbusiness.com\/foxbusiness.com\/content\/uploads\/2025\/11\/931\/523\/trump-at-mar-a-lago.jpg?ve=1&amp;tl=1, https:\/\/a57.foxnews.com\/static.foxbusiness.com\/foxbusiness.com\/content\/uploads\/2025\/11\/1862\/1046\/trump-at-mar-a-lago.jpg?ve=1&amp;tl=1 2x\"><source media=\"(min-width: 1280px)\" srcset=\"https:\/\/a57.foxnews.com\/static.foxbusiness.com\/foxbusiness.com\/content\/uploads\/2025\/11\/720\/405\/trump-at-mar-a-lago.jpg?ve=1&amp;tl=1, https:\/\/a57.foxnews.com\/static.foxbusiness.com\/foxbusiness.com\/content\/uploads\/2025\/11\/1440\/810\/trump-at-mar-a-lago.jpg?ve=1&amp;tl=1 2x\"><img decoding=\"async\" src=\"https:\/\/a57.foxnews.com\/static.foxbusiness.com\/foxbusiness.com\/content\/uploads\/2025\/11\/931\/523\/trump-at-mar-a-lago.jpg?ve=1&amp;tl=1\" alt=\"Trump hablando en Mar-a-Lago\"\/><\/source><\/source><\/source><\/source><\/picture><\/div>\n<div class=\"caption\">\n<p><span>Venezuela conden\u00f3 el s\u00e1bado al presidente Donald Trump diciendo que el espacio a\u00e9reo del pa\u00eds sudamericano deber\u00eda considerarse cerrado como una \u00abamenaza colonialista\u00bb.<\/span><span>  (Pete Marovich\/Getty Images\/Getty Images)<\/span><\/p>\n<\/div>\n<\/div>\n<p>\u00abSe recomienda a los operadores que tengan precauci\u00f3n al operar en la regi\u00f3n de informaci\u00f3n de vuelo de Maiquet\u00eda en todas las altitudes debido al empeoramiento de la situaci\u00f3n de seguridad y al aumento de la actividad militar en Venezuela o sus alrededores\u00bb, dijo la FAA en un aviso previo al D\u00eda de Acci\u00f3n de Gracias.<\/p>\n<p>\u00abLas amenazas podr\u00edan representar un riesgo potencial para los aviones en todas las altitudes, incluso durante el sobrevuelo, las fases de llegada y salida del vuelo, y\/o los aeropuertos y aviones en tierra\u00bb, a\u00f1adi\u00f3, pidiendo a las aerol\u00edneas que avisen a la FAA con al menos 72 horas de antelaci\u00f3n si planean volar a trav\u00e9s del \u00e1rea.<\/p>\n<p>La advertencia se produjo en medio de crecientes tensiones entre Estados Unidos y Venezuela a medida que Estados Unidos aumenta su presencia en el Caribe para disuadir a los narcotraficantes.<\/p>\n<div class=\"inline image-ct\">\n<div class=\"m\"><picture><source media=\"(max-width: 767px)\" srcset=\"https:\/\/a57.foxnews.com\/static.foxbusiness.com\/foxbusiness.com\/content\/uploads\/2025\/11\/343\/192\/iberia-airplanes.jpg?ve=1&amp;tl=1, https:\/\/a57.foxnews.com\/static.foxbusiness.com\/foxbusiness.com\/content\/uploads\/2025\/11\/686\/384\/iberia-airplanes.jpg?ve=1&amp;tl=1 2x\"><source media=\"(min-width: 768px) and (max-width: 1023px)\" srcset=\"https:\/\/a57.foxnews.com\/static.foxbusiness.com\/foxbusiness.com\/content\/uploads\/2025\/11\/672\/378\/iberia-airplanes.jpg?ve=1&amp;tl=1, https:\/\/a57.foxnews.com\/static.foxbusiness.com\/foxbusiness.com\/content\/uploads\/2025\/11\/1344\/756\/iberia-airplanes.jpg?ve=1&amp;tl=1 2x\"><source media=\"(min-width: 1024px) and (max-width: 1279px)\" srcset=\"https:\/\/a57.foxnews.com\/static.foxbusiness.com\/foxbusiness.com\/content\/uploads\/2025\/11\/931\/523\/iberia-airplanes.jpg?ve=1&amp;tl=1, https:\/\/a57.foxnews.com\/static.foxbusiness.com\/foxbusiness.com\/content\/uploads\/2025\/11\/1862\/1046\/iberia-airplanes.jpg?ve=1&amp;tl=1 2x\"><source media=\"(min-width: 1280px)\" srcset=\"https:\/\/a57.foxnews.com\/static.foxbusiness.com\/foxbusiness.com\/content\/uploads\/2025\/11\/720\/405\/iberia-airplanes.jpg?ve=1&amp;tl=1, https:\/\/a57.foxnews.com\/static.foxbusiness.com\/foxbusiness.com\/content\/uploads\/2025\/11\/1440\/810\/iberia-airplanes.jpg?ve=1&amp;tl=1 2x\"><img decoding=\"async\" src=\"https:\/\/a57.foxnews.com\/static.foxbusiness.com\/foxbusiness.com\/content\/uploads\/2025\/11\/931\/523\/iberia-airplanes.jpg?ve=1&amp;tl=1\" alt=\"Aviones de Iberia en una pista\"\/><\/source><\/source><\/source><\/source><\/picture><\/div>\n<div class=\"caption\">\n<p><span>La aerol\u00ednea espa\u00f1ola Iberia anunci\u00f3 anteriormente que cancelar\u00eda sus vuelos a Venezuela de forma indefinida.<\/span><span>  (Reuters\/Isabel Infantes\/Foto de archivo\/Reuters)<\/span><\/p>\n<\/div>\n<\/div>\n<p><strong>HAGA CLIC AQU\u00cd PARA DESCARGAR LA APLICACI\u00d3N FOX NEWS<\/strong><\/p>\n<p>Los vuelos directos de compa\u00f1\u00edas estadounidenses de pasajeros y carga a Venezuela est\u00e1n suspendidos desde 2019, pero algunas aerol\u00edneas a\u00fan sobrevuelan el pa\u00eds en sus rutas sudamericanas, seg\u00fan Reuters. <\/p>\n<p>Estados Unidos no tiene autoridad para cerrar el espacio a\u00e9reo de otro pa\u00eds.<\/p>\n<p><i>Greg Norman de FOX Business y Reuters contribuyeron a este informe. <\/i><\/p>\n<\/div>\n\n","protected":false},"excerpt":{"rendered":"<p>El senador Roger Marshall, republicano por Kansas, analiza en &#8216;The Bottom Line&#8217; c\u00f3mo la administraci\u00f3n Trump puso fin a la licencia petrolera de Chevron en Venezuela. Venezuela conden\u00f3 el s\u00e1bado al presidente Donald Trump diciendo que el espacio a\u00e9reo del pa\u00eds sudamericano deber\u00eda considerarse cerrado como una \u00abamenaza colonialista\u00bb. Los funcionarios venezolanos acusaron a Trump &hellip;<\/p>\n","protected":false},"author":1,"featured_media":51860,"comment_status":"open","ping_status":"open","sticky":false,"template":"","format":"standard","meta":{"fifu_image_url":"https:\/\/a57.foxnews.com\/static.foxbusiness.com\/foxbusiness.com\/content\/uploads\/2025\/11\/0\/0\/caracas-venezuela.jpg?ve=1&tl=1","fifu_image_alt":"","footnotes":""},"categories":[3],"tags":[],"class_list":["post-51858","post","type-post","status-publish","format-standard","has-post-thumbnail","","category-negocio"],"_links":{"self":[{"href":"https:\/\/noticiasveraces.com\/index.php?rest_route=\/wp\/v2\/posts\/51858","targetHints":{"allow":["GET"]}}],"collection":[{"href":"https:\/\/noticiasveraces.com\/index.php?rest_route=\/wp\/v2\/posts"}],"about":[{"href":"https:\/\/noticiasveraces.com\/index.php?rest_route=\/wp\/v2\/types\/post"}],"author":[{"embeddable":true,"href":"https:\/\/noticiasveraces.com\/index.php?rest_route=\/wp\/v2\/users\/1"}],"replies":[{"embeddable":true,"href":"https:\/\/noticiasveraces.com\/index.php?rest_route=%2Fwp%2Fv2%2Fcomments&post=51858"}],"version-history":[{"count":0,"href":"https:\/\/noticiasveraces.com\/index.php?rest_route=\/wp\/v2\/posts\/51858\/revisions"}],"wp:featuredmedia":[{"embeddable":true,"href":"https:\/\/noticiasveraces.com\/index.php?rest_route=\/wp\/v2\/media\/51860"}],"wp:attachment":[{"href":"https:\/\/noticiasveraces.com\/index.php?rest_route=%2Fwp%2Fv2%2Fmedia&parent=51858"}],"wp:term":[{"taxonomy":"category","embeddable":true,"href":"https:\/\/noticiasveraces.com\/index.php?rest_route=%2Fwp%2Fv2%2Fcategories&post=51858"},{"taxonomy":"post_tag","embeddable":true,"href":"https:\/\/noticiasveraces.com\/index.php?rest_route=%2Fwp%2Fv2%2Ftags&post=51858"}],"curies":[{"name":"wp","href":"https:\/\/api.w.org\/{rel}","templated":true}]}}