{"id":51854,"date":"2025-11-30T00:36:26","date_gmt":"2025-11-30T04:36:26","guid":{"rendered":"https:\/\/noticiasveraces.com\/?p=51854"},"modified":"2025-11-30T00:36:26","modified_gmt":"2025-11-30T04:36:26","slug":"la-afeitadora-electrica-de-philips-que-vale-la-pena-alcanza-el-precio-mas-bajo","status":"publish","type":"post","link":"https:\/\/noticiasveraces.com\/?p=51854","title":{"rendered":"La afeitadora el\u00e9ctrica de Philips que \u00abvale la pena\u00bb alcanza el precio m\u00e1s bajo"},"content":{"rendered":"<p> \n<\/p>\n<div>\n<p>Obtener una herramienta de cuidado personal de alta calidad puede ser una adici\u00f3n fant\u00e1stica a la rutina, ya que hace que las ma\u00f1anas sean m\u00e1s r\u00e1pidas, brinda menos molestias y, lo m\u00e1s importante, brinda un afeitado excelente. Afortunadamente, ya sea que los compradores busquen un regalo o un regalo para \u00e9l, una afeitadora \u00abpr\u00e1ctica\u00bb que proporciona un \u00abafeitado fant\u00e1stico\u00bb se encuentra actualmente a su precio m\u00e1s bajo en Argos.<\/p>\n<p>La afeitadora el\u00e9ctrica en seco y h\u00famedo Philips Serie 7000 tiene actualmente un precio de \u00a3 140, que seg\u00fan Argos es su precio m\u00e1s bajo. Con un corte al ras &#8216;incluso en barbas de tres d\u00edas&#8217;, seg\u00fan la marca, se puede utilizar en h\u00famedo o en seco y est\u00e1 equipado con 45 cuchillas autoafilables en sus tres rotores, con un total de 90.000 acciones de corte por minuto para un acabado suave y limpio. <\/p>\n<p>Incluso se adapta a la densidad del cabello con la aplicaci\u00f3n SkinIQ impulsada por IA, lo que significa que la afeitadora se ajusta sola para proteger la piel. Su revestimiento de microperlas reduce la fricci\u00f3n y la irritaci\u00f3n &#8216;hasta un 30%&#8217; en comparaci\u00f3n con el material sin revestimiento, seg\u00fan la marca.<\/p>\n<\/div>\n<div>\n<p>Su bater\u00eda recargable puede aguantar una hora de carga, mientras que cinco minutos de carga r\u00e1pida son suficientes para un solo afeitado. Al ser inal\u00e1mbrico, es f\u00e1cilmente maniobrable con el beneficio adicional de portabilidad para viajar con su estuche de transporte incluido.<\/p>\n<p>Tambi\u00e9n se incluye una c\u00e1psula de limpieza r\u00e1pida que funciona utilizando el motor para forzar el fluido a trav\u00e9s del cabezal de afeitado. El cable de carga USB-A est\u00e1 incluido para mayor comodidad.<\/p>\n<p>Con un recortador emergente dise\u00f1ado para patillas y bigotes, la afeitadora Philips incluye todo lo que un comprador puede necesitar, desde dar forma y recortar hasta afeitados limpios y completos. Tambi\u00e9n viene con una garant\u00eda del fabricante de cinco a\u00f1os para mayor tranquilidad.<\/p>\n<p>Como alternativa, los compradores pueden consultar la maquinilla de afeitar el\u00e9ctrica para hombres SweetLF de Amazon, que actualmente tiene un precio de \u00a3 26,57, frente a \u00a3 42,99, lo que supone un ahorro de un pr\u00e1ctico 38 %. Con m\u00e1s de 4.000 comprados el mes pasado, dice Amazon, tiene una calificaci\u00f3n promedio de 4,3 sobre cinco estrellas. Con un cabezal flotante 4D, est\u00e1 dise\u00f1ado para deslizarse sobre la piel, mientras que su impermeabilidad IPX7 tranquiliza a los compradores cuando lo usan con gel y espuma, o incluso en la ducha.<\/p>\n<p data-mce-linkchecker-status=\"valid\">Aquellos que buscan una ganga tambi\u00e9n pueden consultar la afeitadora el\u00e9ctrica Braun Series 9 PRO+ de Boots, que actualmente tiene un precio de \u00a3 180, frente a \u00a3 499,99, lo que supone un enorme ahorro de \u00a3 319,99. Con una bater\u00eda que ofrece una hora de funcionamiento inal\u00e1mbrico y una capacidad de carga r\u00e1pida de cinco minutos, est\u00e1 dise\u00f1ado para afeitados apurados con su tecnolog\u00eda de an\u00e1lisis de densidad de barba.<\/p>\n<p>Volviendo a la afeitadora el\u00e9ctrica en seco y h\u00famedo Philips Serie 7000, los compradores de Argos se sorprendieron por lo c\u00f3moda y f\u00e1cil que era de usar. Uno dijo: \u00abHe estado sin una afeitadora el\u00e9ctrica durante demasiado tiempo y decid\u00ed darme un capricho. Hab\u00eda olvidado lo convenientes que eran, sin mencionar el fant\u00e1stico afeitado que se obtiene. Junto con la c\u00e1psula autolimpiante, el afeitado es simplificado. Producto fant\u00e1stico, vale la pena el dinero\u00bb.<\/p>\n<p>Otro a\u00f1adi\u00f3: \u00abEsta es una actualizaci\u00f3n de mi afeitadora Philips anterior que he tenido durante unos 20 a\u00f1os. Quer\u00eda un cambio y pens\u00e9 que la nueva tendr\u00eda mejor tecnolog\u00eda, materiales y ser\u00eda f\u00e1cil de usar. Es m\u00e1s grande para sostener, pero muy c\u00f3moda y tan liviana como una pluma. Te brinda informaci\u00f3n despu\u00e9s del afeitado usando la aplicaci\u00f3n y pictogramas instant\u00e1neos en la afeitadora. Se carga r\u00e1pidamente usando USB en lugar del enchufe\/adaptador habitual de la afeitadora, que es m\u00e1s conveniente. Parece que hay menos agujeros para capturar los pelos en la afeitadora. cortadores, pero siguen siendo eficientes\u201d.<\/p>\n<p>Un tercero dijo: \u00abExcelente afeitadora. Muy silenciosa. La bater\u00eda dura para siempre. El afeitado en h\u00famedo y en seco es incre\u00edble. La mejor afeitadora que he tenido\u00bb.<\/p>\n<p>Sin embargo, algunos compradores dejaron comentarios. Uno dijo: \u00abQuer\u00eda un mejor afeitado que mi afeitadora actual. En ese sentido, lo cumple. La aplicaci\u00f3n para esto me parece bastante in\u00fatil. Las 5 estrellas son por la calidad del afeitado y el precio a trav\u00e9s de Argos. En general, estoy muy contento con mi compra\u00bb.<\/p>\n<p>Otro a\u00f1adi\u00f3: \u00abExcelente m\u00e1quina de afeitar vers\u00e1til, a un precio razonable. Todav\u00eda estoy tratando de entender la aplicaci\u00f3n y saber por qu\u00e9 se necesita una aplicaci\u00f3n para usar una m\u00e1quina de afeitar. Pero en general, es un excelente reemplazo para mi antigua m\u00e1quina de afeitar Philips\u00bb.<\/p>\n<p>La afeitadora el\u00e9ctrica en seco y h\u00famedo Philips Serie 7000 se puede encontrar en Argos.<\/p>\n<\/div>\n\n","protected":false},"excerpt":{"rendered":"<p>Obtener una herramienta de cuidado personal de alta calidad puede ser una adici\u00f3n fant\u00e1stica a la rutina, ya que hace que las ma\u00f1anas sean m\u00e1s r\u00e1pidas, brinda menos molestias y, lo m\u00e1s importante, brinda un afeitado excelente. Afortunadamente, ya sea que los compradores busquen un regalo o un regalo para \u00e9l, una afeitadora \u00abpr\u00e1ctica\u00bb que &hellip;<\/p>\n","protected":false},"author":1,"featured_media":51855,"comment_status":"open","ping_status":"open","sticky":false,"template":"","format":"standard","meta":{"fifu_image_url":"https:\/\/cdn.images.express.co.uk\/img\/dynamic\/12\/1200x630\/6575484.jpg","fifu_image_alt":"","footnotes":""},"categories":[763],"tags":[],"class_list":["post-51854","post","type-post","status-publish","format-standard","has-post-thumbnail","","category-estilo-de-vida"],"_links":{"self":[{"href":"https:\/\/noticiasveraces.com\/index.php?rest_route=\/wp\/v2\/posts\/51854","targetHints":{"allow":["GET"]}}],"collection":[{"href":"https:\/\/noticiasveraces.com\/index.php?rest_route=\/wp\/v2\/posts"}],"about":[{"href":"https:\/\/noticiasveraces.com\/index.php?rest_route=\/wp\/v2\/types\/post"}],"author":[{"embeddable":true,"href":"https:\/\/noticiasveraces.com\/index.php?rest_route=\/wp\/v2\/users\/1"}],"replies":[{"embeddable":true,"href":"https:\/\/noticiasveraces.com\/index.php?rest_route=%2Fwp%2Fv2%2Fcomments&post=51854"}],"version-history":[{"count":0,"href":"https:\/\/noticiasveraces.com\/index.php?rest_route=\/wp\/v2\/posts\/51854\/revisions"}],"wp:featuredmedia":[{"embeddable":true,"href":"https:\/\/noticiasveraces.com\/index.php?rest_route=\/wp\/v2\/media\/51855"}],"wp:attachment":[{"href":"https:\/\/noticiasveraces.com\/index.php?rest_route=%2Fwp%2Fv2%2Fmedia&parent=51854"}],"wp:term":[{"taxonomy":"category","embeddable":true,"href":"https:\/\/noticiasveraces.com\/index.php?rest_route=%2Fwp%2Fv2%2Fcategories&post=51854"},{"taxonomy":"post_tag","embeddable":true,"href":"https:\/\/noticiasveraces.com\/index.php?rest_route=%2Fwp%2Fv2%2Ftags&post=51854"}],"curies":[{"name":"wp","href":"https:\/\/api.w.org\/{rel}","templated":true}]}}