{"id":51843,"date":"2025-11-29T22:59:53","date_gmt":"2025-11-30T02:59:53","guid":{"rendered":"https:\/\/noticiasveraces.com\/?p=51843"},"modified":"2025-11-29T22:59:53","modified_gmt":"2025-11-30T02:59:53","slug":"gobierno-venezolano-denuncia-nueva-amenaza-de-ee-uu-contra-el-espacio-aereo-correo-del-orinoco","status":"publish","type":"post","link":"https:\/\/noticiasveraces.com\/?p=51843","title":{"rendered":"Gobierno venezolano denuncia nueva amenaza de EE.UU. contra el espacio a\u00e9reo &#8211; Correo del Orinoco"},"content":{"rendered":"<p> \n<\/p>\n<div>\n<p>Mediante un comunicado oficial, la Rep\u00fablica Bolivariana de Venezuela denunci\u00f3 y conden\u00f3 la amenaza colonialista que \u00abpretende afectar la soberan\u00eda del espacio a\u00e9reo, acci\u00f3n que constituye una nueva agresi\u00f3n extravagante, ilegal e injustificada contra el pueblo venezolano\u00bb.<\/p>\n<p>El pronunciamiento responde al mensaje p\u00fablico difundido en redes sociales por Donald Trump, en el que pretende aplicar extraterritorialmente la jurisdicci\u00f3n de ese pa\u00eds sobre Venezuela; intento ins\u00f3lito de dar \u00f3rdenes y amenazar la soberan\u00eda del espacio a\u00e9reo nacional, la integridad.<\/p>\n<p>\u201cEste tipo de declaraciones constituye un acto hostil, unilateral y arbitrario, incompatible con los principios m\u00e1s elementales del Derecho Internacional y que se inscribe en una pol\u00edtica permanente de agresi\u00f3n contra nuestro pa\u00eds, con pretensiones coloniales sobre nuestra regi\u00f3n de Am\u00e9rica Latina y el Caribe, negando el Derecho Internacional. Venezuela denuncia ante el mundo que tales afirmaciones representan una amenaza expl\u00edcita de uso de la fuerza, prohibida de forma clara e inequ\u00edvoca por el Art\u00edculo 2, numeral 4, de la Carta de las Naciones Unidas\u00bb, reza parte del documento.<\/p>\n<p>Asimismo, la misiva a\u00f1ade un llamado directo a la comunidad internacional: \u00abA los gobiernos soberanos del mundo, a la ONU y a los organismos multilaterales correspondientes, a rechazar con firmeza este acto de agresi\u00f3n inmoral que equivale a una amenaza contra la soberan\u00eda y seguridad de nuestra Patria, del Caribe y el norte de Suram\u00e9rica. Venezuela sabr\u00e1 responder con dignidad, con legalidad y con toda la fuerza que otorgan el derecho internacional y el esp\u00edritu antiimperialista de nuestro pueblo\u201d.<\/p>\n<p>Con esta declaraci\u00f3n, Venezuela reafirma su rechazo a lo que ha sido una pol\u00edtica de agresi\u00f3n permanente.<\/p>\n<\/p>\n<p><img fetchpriority=\"high\" decoding=\"async\" class=\"alignnone wp-image-40812 size-full\" src=\"http:\/\/www.correodelorinoco.gob.ve\/wp-content\/uploads\/2025\/11\/IMG_20251129_151503_721.jpg\" alt=\"\" width=\"834\" height=\"1080\" srcset=\"https:\/\/correodelorinoco.gob.ve\/wp-content\/uploads\/2025\/11\/IMG_20251129_151503_721.jpg 834w, https:\/\/correodelorinoco.gob.ve\/wp-content\/uploads\/2025\/11\/IMG_20251129_151503_721-200x259.jpg 200w\" sizes=\"(max-width: 834px) 100vw, 834px\"\/><\/p>\n<p><img loading=\"lazy\" decoding=\"async\" class=\"alignnone wp-image-40811 size-full\" src=\"http:\/\/www.correodelorinoco.gob.ve\/wp-content\/uploads\/2025\/11\/IMG_20251129_151503_864.jpg\" alt=\"\" width=\"834\" height=\"1080\" srcset=\"https:\/\/correodelorinoco.gob.ve\/wp-content\/uploads\/2025\/11\/IMG_20251129_151503_864.jpg 834w, https:\/\/correodelorinoco.gob.ve\/wp-content\/uploads\/2025\/11\/IMG_20251129_151503_864-200x259.jpg 200w\" sizes=\"auto, (max-width: 834px) 100vw, 834px\"\/><\/p>\n<p><img loading=\"lazy\" decoding=\"async\" class=\"alignnone wp-image-40810 size-full\" src=\"http:\/\/www.correodelorinoco.gob.ve\/wp-content\/uploads\/2025\/11\/IMG_20251129_151503_943.jpg\" alt=\"\" width=\"834\" height=\"1080\" srcset=\"https:\/\/correodelorinoco.gob.ve\/wp-content\/uploads\/2025\/11\/IMG_20251129_151503_943.jpg 834w, https:\/\/correodelorinoco.gob.ve\/wp-content\/uploads\/2025\/11\/IMG_20251129_151503_943-200x259.jpg 200w\" sizes=\"auto, (max-width: 834px) 100vw, 834px\"\/><\/p>\n<\/p><\/div>\n\n","protected":false},"excerpt":{"rendered":"<p>Mediante un comunicado oficial, la Rep\u00fablica Bolivariana de Venezuela denunci\u00f3 y conden\u00f3 la amenaza colonialista que \u00abpretende afectar la soberan\u00eda del espacio a\u00e9reo, acci\u00f3n que constituye una nueva agresi\u00f3n extravagante, ilegal e injustificada contra el pueblo venezolano\u00bb. El pronunciamiento responde al mensaje p\u00fablico difundido en redes sociales por Donald Trump, en el que pretende aplicar &hellip;<\/p>\n","protected":false},"author":1,"featured_media":51845,"comment_status":"open","ping_status":"open","sticky":false,"template":"","format":"standard","meta":{"fifu_image_url":"http:\/\/www.correodelorinoco.gob.ve\/wp-content\/uploads\/2025\/11\/comunicado.png","fifu_image_alt":"","footnotes":""},"categories":[13],"tags":[],"class_list":["post-51843","post","type-post","status-publish","format-standard","has-post-thumbnail","","category-mundo"],"_links":{"self":[{"href":"https:\/\/noticiasveraces.com\/index.php?rest_route=\/wp\/v2\/posts\/51843","targetHints":{"allow":["GET"]}}],"collection":[{"href":"https:\/\/noticiasveraces.com\/index.php?rest_route=\/wp\/v2\/posts"}],"about":[{"href":"https:\/\/noticiasveraces.com\/index.php?rest_route=\/wp\/v2\/types\/post"}],"author":[{"embeddable":true,"href":"https:\/\/noticiasveraces.com\/index.php?rest_route=\/wp\/v2\/users\/1"}],"replies":[{"embeddable":true,"href":"https:\/\/noticiasveraces.com\/index.php?rest_route=%2Fwp%2Fv2%2Fcomments&post=51843"}],"version-history":[{"count":0,"href":"https:\/\/noticiasveraces.com\/index.php?rest_route=\/wp\/v2\/posts\/51843\/revisions"}],"wp:featuredmedia":[{"embeddable":true,"href":"https:\/\/noticiasveraces.com\/index.php?rest_route=\/wp\/v2\/media\/51845"}],"wp:attachment":[{"href":"https:\/\/noticiasveraces.com\/index.php?rest_route=%2Fwp%2Fv2%2Fmedia&parent=51843"}],"wp:term":[{"taxonomy":"category","embeddable":true,"href":"https:\/\/noticiasveraces.com\/index.php?rest_route=%2Fwp%2Fv2%2Fcategories&post=51843"},{"taxonomy":"post_tag","embeddable":true,"href":"https:\/\/noticiasveraces.com\/index.php?rest_route=%2Fwp%2Fv2%2Ftags&post=51843"}],"curies":[{"name":"wp","href":"https:\/\/api.w.org\/{rel}","templated":true}]}}