{"id":51795,"date":"2025-11-29T14:46:02","date_gmt":"2025-11-29T18:46:02","guid":{"rendered":"https:\/\/noticiasveraces.com\/?p=51795"},"modified":"2025-11-29T14:46:02","modified_gmt":"2025-11-29T18:46:02","slug":"trump-advierte-que-el-espacio-aereo-sobre-y-alrededor-de-venezuela-debe-considerarse-cerrado","status":"publish","type":"post","link":"https:\/\/noticiasveraces.com\/?p=51795","title":{"rendered":"Trump advierte que el espacio a\u00e9reo sobre y alrededor de Venezuela debe considerarse cerrado"},"content":{"rendered":"<p> \n<\/p>\n<div>\n<p>El espacio a\u00e9reo venezolano est\u00e1 en el centro de una crisis diplom\u00e1tica, comercial y militar despu\u00e9s de que el presidente de Estados Unidos, Donald Trump, difundiera el s\u00e1bado un mensaje advirtiendo que la<strong> zona de vuelo sobre y alrededor de Venezuela est\u00e1 \u00abcompletamente cerrada\u00bb, llamando as\u00ed a aerol\u00edneas, pilotos y traficantes a acatar ese cierre<\/strong>.<\/p>\n<p style=\"text-align:justify\">La publicaci\u00f3n, realizada en su red social Truth Social, se da en medio de tensiones entre Washington y Caracas por el mayor despliegue naval estadounidense en el Caribe en d\u00e9cadas. Bajo el argumento de combatir el narcotr\u00e1fico, el operativo incluye el portaaviones USS <em>Gerald Ford<\/em>con cazas F-35 operando en la regi\u00f3n. <\/p>\n<p style=\"text-align:justify\">Al menos 21 ataques ordenados por Trump contra supuestas \u00abnarcolanchas\u00bb en el Caribe, todos realizados sin presentar pruebas, han dejado m\u00e1s de 80 muertos desde septiembre. Organizaciones de derechos humanos y ONG denuncian estos como posibles ejecuciones extrajudiciales. <\/p>\n<div id=\"em-WBMZ354225-F24-ES-20251129\" class=\"m-em-flash\" data-truthsocial-script=\"\"><figcaption class=\"a-figcaption\">\n<\/figcaption><div class=\"o-em-consent \">\n<div class=\"o-em-consent__content\">\n<p class=\"o-em-consent__content__text\">Para mostrar este contenido de Truth Social, debe autorizar las cookies de medici\u00f3n de audiencia y publicidad.<\/p>\n<p>        <button class=\"a-master-button a-master-button--dark\" data-action=\"accept\">Aceptar<i class=\"a-svg a-svg--icon-check\"\/><\/button><br \/>\n        <button class=\"a-link\" data-action=\"manage\">Gestionar mis opciones<i class=\"a-svg a-svg--icon-edit\"\/><\/button>\n    <\/div>\n<\/div>\n<\/div>\n<p style=\"text-align:justify\">Una serie de situaciones relacionadas con las aerol\u00edneas preceden el mensaje del presidente de Estados Unidos del s\u00e1bado 29 de noviembre.<\/p>\n<p style=\"text-align:justify\">La presi\u00f3n en este sentido empez\u00f3 el 22 de noviembre cuando la Administraci\u00f3n Federal de Aviaci\u00f3n (FAA) advirti\u00f3 a las l\u00edneas a\u00e9reas que deb\u00edan actuar \u00abcon precauci\u00f3n\u00bb cuando sobrevolaran el espacio a\u00e9reo de Venezuela \u00abdebido al empeoramiento de la situaci\u00f3n de seguridad y al aumento de la actividad militar\u00bb.<\/p>\n<p style=\"text-align:justify\">A esto sigui\u00f3 una cascada de cancelaciones de vuelos por parte de siete aerol\u00edneas:\u00a0Avianca, TAP Air Portugal, Gol, Iberia, Turkish Airlines, Latam (su filial colombiana) y Air Europa optaron por pausar sus operaciones hacia Caracas mientras evaluaban las condiciones de seguridad en la regi\u00f3n.<\/p>\n<div class=\"m-em-image\">\n<figure class=\"m-item-image m-item-image--original m-item-image--has-caption\">\n<picture class=\"a-picture a-picture--original\"><source type=\"image\/webp\" srcset=\"https:\/\/s.france24.com\/media\/display\/1026a286-cd40-11f0-bf55-005056a97e36\/w:246\/WEB-ECO-29NOV-PROHIBICION-VUELOS-VENEZUELA-V2-00158.webp 246w,https:\/\/s.france24.com\/media\/display\/1026a286-cd40-11f0-bf55-005056a97e36\/w:388\/WEB-ECO-29NOV-PROHIBICION-VUELOS-VENEZUELA-V2-00158.webp 388w,https:\/\/s.france24.com\/media\/display\/1026a286-cd40-11f0-bf55-005056a97e36\/w:720\/WEB-ECO-29NOV-PROHIBICION-VUELOS-VENEZUELA-V2-00158.webp 720w,https:\/\/s.france24.com\/media\/display\/1026a286-cd40-11f0-bf55-005056a97e36\/w:980\/WEB-ECO-29NOV-PROHIBICION-VUELOS-VENEZUELA-V2-00158.webp 980w\" sizes=\"(max-width: 1023px) calc(100vw - 32px), (min-width: 1024px) 850px\"><img decoding=\"async\" fetchpriority=\"low\" src=\"https:\/\/s.france24.com\/media\/display\/1026a286-cd40-11f0-bf55-005056a97e36\/w:980\/WEB-ECO-29NOV-PROHIBICION-VUELOS-VENEZUELA-V2-00158.png\" srcset=\"https:\/\/s.france24.com\/media\/display\/1026a286-cd40-11f0-bf55-005056a97e36\/w:246\/WEB-ECO-29NOV-PROHIBICION-VUELOS-VENEZUELA-V2-00158.png 246w,https:\/\/s.france24.com\/media\/display\/1026a286-cd40-11f0-bf55-005056a97e36\/w:388\/WEB-ECO-29NOV-PROHIBICION-VUELOS-VENEZUELA-V2-00158.png 388w,https:\/\/s.france24.com\/media\/display\/1026a286-cd40-11f0-bf55-005056a97e36\/w:720\/WEB-ECO-29NOV-PROHIBICION-VUELOS-VENEZUELA-V2-00158.png 720w,https:\/\/s.france24.com\/media\/display\/1026a286-cd40-11f0-bf55-005056a97e36\/w:980\/WEB-ECO-29NOV-PROHIBICION-VUELOS-VENEZUELA-V2-00158.png 980w\" sizes=\"(max-width: 1023px) calc(100vw - 32px), (min-width: 1024px) 850px\" alt=\"Aerol\u00edneas que suspendieron sus operaciones a Venezuela.\" style=\"max-height:478px\" loading=\"lazy\" class=\"a-img \"\/><\/source><\/picture><figcaption class=\"a-figcaption\">\n                <span>Aerol\u00edneas que suspendieron sus operaciones a Venezuela.<\/span>                <span>\u00a9 France 24 en Espa\u00f1ol<\/span>            <\/figcaption><\/figure>\n<\/p><\/div>\n<p>Entonces, el presidente venezolano, Nicol\u00e1s Maduro, impuso un ultim\u00e1tum de 48 horas para que esas aerol\u00edneas reanudaran operaciones con el pa\u00eds caribe\u00f1o, fijado por el Ministerio de Transporte y que terminaba el 26 de noviembre al mediod\u00eda, hora local.<\/p>\n<p style=\"text-align:justify\">Ninguna compa\u00f1\u00eda volvi\u00f3 a volar. Todas\u00a0perdieron sus concesiones y fueron acusadas por el Gobierno venezolano de \u201csumarse a las acciones de terrorismo\u201d promovidas por Estados Unidos. La decisi\u00f3n dej\u00f3 a miles de pasajeros varados y profundiz\u00f3 el aislamiento a\u00e9reo del pa\u00eds.<\/p>\n<div class=\"em-video-wrapper m-em-video\" data-media-video-wbmz354231-f24-es-20251129=\"\" data-wrapper-video-player=\"\" data-show-hidden-video-player=\"WBMZ354231-F24-ES-20251129\" data-youtube-script=\"\">\n<p>Venezuela: Maduro revoca concesi\u00f3n de vuelo a seis aerol\u00edneas<\/p>\n<div class=\"m-em-video__video\">\n<div class=\"o-em-consent \">\n<div class=\"o-em-consent__content\">\n<p class=\"o-em-consent__content__text\">Para mostrar este contenido de YouTube, debe autorizar las cookies de medici\u00f3n de audiencia y publicidad.<\/p>\n<p>        <button class=\"a-master-button a-master-button--dark\" data-action=\"accept\">Aceptar<i class=\"a-svg a-svg--icon-check\"\/><\/button><br \/>\n        <button class=\"a-link\" data-action=\"manage\">Gestionar mis opciones<i class=\"a-svg a-svg--icon-edit\"\/><\/button>\n    <\/div>\n<\/div>\n<div class=\"o-em-adblock\" data-adblock-content=\"\">\n<div class=\"o-em-adblock__content\">\n<p class=\"o-em-adblock__content__text\">Una extensi\u00f3n de tu navegador parece estar bloqueando la carga del reproductor de video. Para poder ver este contenido, debes desactivarla en este sitio.<\/p>\n<p>            <button class=\"a-master-button a-master-button--dark\" data-action=\"reload\">Reintentar<\/button>\n    <\/div>\n<\/div>\n<figure class=\"m-item-image m-item-image--16x9 m-item-image--has-caption\">\n<picture class=\"a-picture a-picture--16x9\"><source type=\"image\/webp\" srcset=\"https:\/\/s.france24.com\/media\/display\/67e71da2-cc00-11f0-8ddd-005056bf30b7\/w:388\/p:16x9\/ES-20251127-190727-190929-CS.webp 388w,https:\/\/s.france24.com\/media\/display\/67e71da2-cc00-11f0-8ddd-005056bf30b7\/w:720\/p:16x9\/ES-20251127-190727-190929-CS.webp 720w,https:\/\/s.france24.com\/media\/display\/67e71da2-cc00-11f0-8ddd-005056bf30b7\/w:1024\/p:16x9\/ES-20251127-190727-190929-CS.webp 1024w,https:\/\/s.france24.com\/media\/display\/67e71da2-cc00-11f0-8ddd-005056bf30b7\/w:1280\/p:16x9\/ES-20251127-190727-190929-CS.webp 1280w\" sizes=\"(max-width: 639px) calc(100vw - 32px), (max-width: 1076px) calc(100vw - 44px), 850px\"><img decoding=\"async\" fetchpriority=\"low\" src=\"https:\/\/s.france24.com\/media\/display\/67e71da2-cc00-11f0-8ddd-005056bf30b7\/w:1280\/p:16x9\/ES-20251127-190727-190929-CS.jpg\" srcset=\"https:\/\/s.france24.com\/media\/display\/67e71da2-cc00-11f0-8ddd-005056bf30b7\/w:388\/p:16x9\/ES-20251127-190727-190929-CS.jpg 388w,https:\/\/s.france24.com\/media\/display\/67e71da2-cc00-11f0-8ddd-005056bf30b7\/w:720\/p:16x9\/ES-20251127-190727-190929-CS.jpg 720w,https:\/\/s.france24.com\/media\/display\/67e71da2-cc00-11f0-8ddd-005056bf30b7\/w:1024\/p:16x9\/ES-20251127-190727-190929-CS.jpg 1024w,https:\/\/s.france24.com\/media\/display\/67e71da2-cc00-11f0-8ddd-005056bf30b7\/w:1280\/p:16x9\/ES-20251127-190727-190929-CS.jpg 1280w\" sizes=\"auto, (max-width: 639px) calc(100vw - 32px), (max-width: 1076px) calc(100vw - 44px), 850px\" width=\"1280\" height=\"720\" alt=\"Venezuela: Maduro revoca concesi\u00f3n de vuelo a seis aerol\u00edneas\" loading=\"lazy\" class=\"a-img \"\/><\/source><\/picture><figcaption class=\"a-figcaption\">\n                                <span>\u00a9 Francia 24<\/span>            <\/figcaption><\/figure>\n<\/p><\/div>\n<\/p><\/div>\n<p style=\"text-align:justify\">El jueves 27 de noviembre, Trump afirm\u00f3 que Estados Unidos podr\u00eda iniciar \u201cmuy pronto\u201d operaciones por tierra contra los \u201cnarcotraficantes venezolanos\u201d, en declaraciones realizadas durante una llamada con miembros de las Fuerzas Armadas con motivo del D\u00eda de Acci\u00f3n de Gracias. Seg\u00fan el exmandatario, los ataques mar\u00edtimos recientes hab\u00edan sido \u201cexitosos\u201d, pero ahora se buscar\u00eda frenar las rutas terrestres porque \u201ces m\u00e1s f\u00e1cil detenerlos por all\u00ed\u201d.<\/p>\n<p class=\"a-read-more\"><span class=\"a-read-more__label\">Leer tambi\u00e9n<\/span>#VenezuelaHoy: Trump habl\u00f3 por tel\u00e9fono con Maduro la semana pasada, seg\u00fan The New York Times<\/p>\n<p style=\"text-align:justify\">La ret\u00f3rica militarista se intensific\u00f3 al asegurar que, en semanas recientes, tropas estadounidenses han trabajado para \u201cdetener a los narcotraficantes de Venezuela\u201d, y que gracias a esas acciones \u201cya no hay muchos viniendo por mar\u201d. <\/p>\n<ul>\n<li>\n<h2><strong>Cuba denuncia interferencias a\u00e9reas<\/strong><\/h2>\n<\/li>\n<\/ul>\n<p style=\"text-align:justify\">Este s\u00e1bado 29 de noviembre,<strong> el canciller de Cuba, Bruno Rodr\u00edguez, acus\u00f3 a Estados Unidos de generar \u00abperturbaciones electromagn\u00e9ticas\u00bb en el espacio a\u00e9reo venezolano<\/strong>atribuy\u00e9ndolas al incremento del dispositivo militar estadounidense en el Caribe.<\/p>\n<p style=\"text-align:justify\">A trav\u00e9s de sus redes sociales, el jefe de la diplomacia cubana afirm\u00f3 que se registran \u201calteraciones continuas\u201d en la regi\u00f3n, especialmente sobre Venezuela, las cuales asegur\u00f3 responden al \u201cinusitado y agresivo despliegue\u201d de fuerzas estadounidenses en esa \u00e1rea.<\/p>\n<div id=\"em-WBMZ354240-F24-ES-20251129\" class=\"m-em-flash\" data-xtwitter-script=\"\"><figcaption class=\"a-figcaption\">\n<\/figcaption><div class=\"o-em-consent \">\n<div class=\"o-em-consent__content\">\n<p class=\"o-em-consent__content__text\">Para mostrar este contenido de X (Twitter), debe autorizar las cookies de medici\u00f3n de audiencia y publicidad.<\/p>\n<p>        <button class=\"a-master-button a-master-button--dark\" data-action=\"accept\">Aceptar<i class=\"a-svg a-svg--icon-check\"\/><\/button><br \/>\n        <button class=\"a-link\" data-action=\"manage\">Gestionar mis opciones<i class=\"a-svg a-svg--icon-edit\"\/><\/button>\n    <\/div>\n<\/div>\n<\/div>\n<p style=\"text-align:justify\">Rodr\u00edguez se\u00f1al\u00f3 adem\u00e1s que <strong>estas acciones se enmarcan en \u201cuna ofensiva militar y psicol\u00f3gica\u201d orientada, seg\u00fan dijo, a intentar derrocar al Gobierno de Nicol\u00e1s Maduro por la v\u00eda de la fuerza.<\/strong><\/p>\n<p class=\"a-read-more\"><span class=\"a-read-more__label\">Leer tambi\u00e9n<\/span>\u00bfMarco Rubio lograr\u00e1 que Estados Unidos ataque Venezuela? &#8211; Una Semana en el Mundo<\/p>\n<p style=\"text-align:justify\">Desde septiembre, Washington mantiene barcos y aeronaves militares operando cerca del territorio venezolano con el argumento de reforzar la lucha antidrogas.\u00a0Paralelamente, Washington ha acusado a Maduro de liderar el llamado Cartel de los Soles y, el lunes 24 de noviembre, el Departamento de Estado incluy\u00f3 oficialmente a ese grupo en la lista de organizaciones terroristas.<\/p>\n<p style=\"text-align:justify\">La Habana, considerada aliada pol\u00edtica del chavismo, ha criticado repetidamente los movimientos de Estados Unidos en la zona y sostiene que Washington emplea \u201cpretextos\u201d para justificar una posible intervenci\u00f3n armada contra Venezuela.<\/p>\n<\/p>\n<p>Con informaci\u00f3n de EFE y medios locales <\/p>\n<\/p><\/div>\n\n","protected":false},"excerpt":{"rendered":"<p>El espacio a\u00e9reo venezolano est\u00e1 en el centro de una crisis diplom\u00e1tica, comercial y militar despu\u00e9s de que el presidente de Estados Unidos, Donald Trump, difundiera el s\u00e1bado un mensaje advirtiendo que la zona de vuelo sobre y alrededor de Venezuela est\u00e1 \u00abcompletamente cerrada\u00bb, llamando as\u00ed a aerol\u00edneas, pilotos y traficantes a acatar ese cierre. &hellip;<\/p>\n","protected":false},"author":1,"featured_media":51797,"comment_status":"open","ping_status":"open","sticky":false,"template":"","format":"standard","meta":{"fifu_image_url":"https:\/\/s.france24.com\/media\/display\/a262f1ec-cd34-11f0-a19e-005056bf30b7\/w:1280\/p:16x9\/AP25332038623590.jpg","fifu_image_alt":"","footnotes":""},"categories":[13],"tags":[],"class_list":["post-51795","post","type-post","status-publish","format-standard","has-post-thumbnail","","category-mundo"],"_links":{"self":[{"href":"https:\/\/noticiasveraces.com\/index.php?rest_route=\/wp\/v2\/posts\/51795","targetHints":{"allow":["GET"]}}],"collection":[{"href":"https:\/\/noticiasveraces.com\/index.php?rest_route=\/wp\/v2\/posts"}],"about":[{"href":"https:\/\/noticiasveraces.com\/index.php?rest_route=\/wp\/v2\/types\/post"}],"author":[{"embeddable":true,"href":"https:\/\/noticiasveraces.com\/index.php?rest_route=\/wp\/v2\/users\/1"}],"replies":[{"embeddable":true,"href":"https:\/\/noticiasveraces.com\/index.php?rest_route=%2Fwp%2Fv2%2Fcomments&post=51795"}],"version-history":[{"count":0,"href":"https:\/\/noticiasveraces.com\/index.php?rest_route=\/wp\/v2\/posts\/51795\/revisions"}],"wp:featuredmedia":[{"embeddable":true,"href":"https:\/\/noticiasveraces.com\/index.php?rest_route=\/wp\/v2\/media\/51797"}],"wp:attachment":[{"href":"https:\/\/noticiasveraces.com\/index.php?rest_route=%2Fwp%2Fv2%2Fmedia&parent=51795"}],"wp:term":[{"taxonomy":"category","embeddable":true,"href":"https:\/\/noticiasveraces.com\/index.php?rest_route=%2Fwp%2Fv2%2Fcategories&post=51795"},{"taxonomy":"post_tag","embeddable":true,"href":"https:\/\/noticiasveraces.com\/index.php?rest_route=%2Fwp%2Fv2%2Ftags&post=51795"}],"curies":[{"name":"wp","href":"https:\/\/api.w.org\/{rel}","templated":true}]}}