{"id":51792,"date":"2025-11-29T14:21:04","date_gmt":"2025-11-29T18:21:04","guid":{"rendered":"https:\/\/noticiasveraces.com\/?p=51792"},"modified":"2025-11-29T14:21:04","modified_gmt":"2025-11-29T18:21:04","slug":"esto-es-acoso-tenemos-casos-que-acabaron-mal","status":"publish","type":"post","link":"https:\/\/noticiasveraces.com\/?p=51792","title":{"rendered":"\u00abEsto es acoso, tenemos casos que acabaron mal\u00bb"},"content":{"rendered":"<p> \n<\/p>\n<div>\n<p data-mrf-recirculation=\"Links P\u00e1rrafos\" class=\"ue-c-article__paragraph paragraph ue-c-article--first-letter-highlighted\">Edvardsen, de los Go Ahead Eagles, se burl\u00f3 en pleno partido de la nariz de Angelo Stiller. El jugador del Stuttgart naci\u00f3 con labio leporino y la actitud de Edvardsen ha generado un sinf\u00edn de cr\u00edticas.<\/p>\n<figure class=\"ue-c-article__media ue-c-article__media--image\">\n<div class=\"ue-c-article__media-img-container ue-l-article--expand-edge-right-until-tablet ue-l-article--expand-edge-left-until-tablet\"><picture><source type=\"image\/webp\" sizes=\"(min-width: 1010px) 660px, (min-width: 980px) calc(100vw - 350px), (min-width: 740px) calc(100vw - 320px), 100vw\" srcset=\"https:\/\/objetos-xlk.estaticos-marca.com\/files\/article_360_widen_webp\/uploads\/2025\/11\/29\/692ab7dea5772.webp 360w,https:\/\/objetos-xlk.estaticos-marca.com\/files\/article_375_widen_webp\/uploads\/2025\/11\/29\/692ab7dea5772.webp 375w,https:\/\/objetos-xlk.estaticos-marca.com\/files\/article_414_widen_webp\/uploads\/2025\/11\/29\/692ab7dea5772.webp 414w,https:\/\/objetos-xlk.estaticos-marca.com\/files\/article_660_widen_webp\/uploads\/2025\/11\/29\/692ab7dea5772.webp 660w,https:\/\/objetos-xlk.estaticos-marca.com\/files\/article_720_widen_webp\/uploads\/2025\/11\/29\/692ab7dea5772.webp 720w,https:\/\/objetos-xlk.estaticos-marca.com\/files\/article_750_widen_webp\/uploads\/2025\/11\/29\/692ab7dea5772.webp 750w,https:\/\/objetos-xlk.estaticos-marca.com\/files\/article_828_widen_webp\/uploads\/2025\/11\/29\/692ab7dea5772.webp 828w,https:\/\/objetos-xlk.estaticos-marca.com\/files\/article_1320_widen_webp\/uploads\/2025\/11\/29\/692ab7dea5772.webp 1320w\"><source type=\"image\/jpeg\" sizes=\"(min-width: 1010px) 660px, (min-width: 980px) calc(100vw - 350px), (min-width: 740px) calc(100vw - 320px), 100vw\" srcset=\"https:\/\/objetos-xlk.estaticos-marca.com\/files\/article_360_widen\/uploads\/2025\/11\/29\/692ab7dea5772.jpeg 360w,https:\/\/objetos-xlk.estaticos-marca.com\/files\/article_375_widen\/uploads\/2025\/11\/29\/692ab7dea5772.jpeg 375w,https:\/\/objetos-xlk.estaticos-marca.com\/files\/article_414_widen\/uploads\/2025\/11\/29\/692ab7dea5772.jpeg 414w,https:\/\/objetos-xlk.estaticos-marca.com\/files\/article_660_widen\/uploads\/2025\/11\/29\/692ab7dea5772.jpeg 660w,https:\/\/objetos-xlk.estaticos-marca.com\/files\/article_720_widen\/uploads\/2025\/11\/29\/692ab7dea5772.jpeg 720w,https:\/\/objetos-xlk.estaticos-marca.com\/files\/article_750_widen\/uploads\/2025\/11\/29\/692ab7dea5772.jpeg 750w,https:\/\/objetos-xlk.estaticos-marca.com\/files\/article_828_widen\/uploads\/2025\/11\/29\/692ab7dea5772.jpeg 828w,https:\/\/objetos-xlk.estaticos-marca.com\/files\/article_1320_widen\/uploads\/2025\/11\/29\/692ab7dea5772.jpeg 1320w\"><img decoding=\"async\" width=\"1980\" height=\"1114\" class=\"ue-c-article__image lazyload\" alt=\"M\u00e1s quieto.\" loading=\"lazy\" src=\"https:\/\/objetos-xlk.estaticos-marca.com\/uploads\/2025\/11\/29\/692ab7dea5772.jpeg\"\/><\/source><\/source><\/picture><\/div><figcaption class=\"ue-c-article__media-caption\">\n<p><span class=\"ue-c-article__media-description\">M\u00e1s quieto.<\/span><\/p>\n<\/figcaption><\/figure>\n<p data-mrf-recirculation=\"Links P\u00e1rrafos\" class=\"ue-c-article__paragraph paragraph\">Todo ocurri\u00f3 en el partido de Europa League entre los Go Ahead Eagles y el Stuttgart. Con el partido sentenciado con 0-3 en el marcador,<strong> un encontronazo entre los dos jugadores acab\u00f3 con el repugnante gesto de Edvardsen ri\u00e9ndose de la nariz de Stiller<\/strong>.<\/p>\n<blockquote class=\"ue-c-article__blockquote\">\n<p>\u00abComo club, tienes que agarrar a ese muchacho por la oreja y llevarlo al vestuario del Stuttgart a pedir disculpas<\/p>\n<p><span class=\"ue-c-article__blockquote-author\">Wesley Sneijder<\/span><\/p><\/blockquote>\n<p data-mrf-recirculation=\"Links P\u00e1rrafos\" class=\"ue-c-article__paragraph paragraph\">La acci\u00f3n provoc\u00f3 una tangana dentro del terreno de juego y un terremoto de cr\u00edticas fuera de \u00e9l. La reacci\u00f3n m\u00e1s fuerte lleg\u00f3 por medio del exinternacional Wesley Sneijder, actual comentarista de una televisi\u00f3n holandesa. El exfutbolista asegur\u00f3: \u00abComo club, tienes que agarrar a ese muchacho por la oreja y llevarlo al vestuario del Stuttgart a pedir disculpas. Los futbolistas son ejemplo para los ni\u00f1os y los ni\u00f1os no deben ver esto y pensar que es normal. <strong>Edvardsen no est\u00e1 bien de la cabeza. Esto es acoso. Tenemos muchos casos en lo que esto termin\u00f3 mal. Es algo muy malo\u00bb<\/strong>.<\/p>\n<figure class=\"ue-c-article__media ue-c-article__media--image\">\n<div class=\"ue-c-article__media-img-container ue-l-article--expand-edge-right-until-tablet ue-l-article--expand-edge-left-until-tablet\"><picture><source type=\"image\/webp\" sizes=\"(min-width: 1010px) 660px, (min-width: 980px) calc(100vw - 350px), (min-width: 740px) calc(100vw - 320px), 100vw\" srcset=\"https:\/\/objetos-xlk.estaticos-marca.com\/files\/article_360_widen_webp\/uploads\/2025\/11\/29\/692ab88c8620c.webp 360w,https:\/\/objetos-xlk.estaticos-marca.com\/files\/article_375_widen_webp\/uploads\/2025\/11\/29\/692ab88c8620c.webp 375w,https:\/\/objetos-xlk.estaticos-marca.com\/files\/article_414_widen_webp\/uploads\/2025\/11\/29\/692ab88c8620c.webp 414w,https:\/\/objetos-xlk.estaticos-marca.com\/files\/article_660_widen_webp\/uploads\/2025\/11\/29\/692ab88c8620c.webp 660w,https:\/\/objetos-xlk.estaticos-marca.com\/files\/article_720_widen_webp\/uploads\/2025\/11\/29\/692ab88c8620c.webp 720w,https:\/\/objetos-xlk.estaticos-marca.com\/files\/article_750_widen_webp\/uploads\/2025\/11\/29\/692ab88c8620c.webp 750w,https:\/\/objetos-xlk.estaticos-marca.com\/files\/article_828_widen_webp\/uploads\/2025\/11\/29\/692ab88c8620c.webp 828w,https:\/\/objetos-xlk.estaticos-marca.com\/files\/article_1320_widen_webp\/uploads\/2025\/11\/29\/692ab88c8620c.webp 1320w\"><source type=\"image\/jpeg\" sizes=\"(min-width: 1010px) 660px, (min-width: 980px) calc(100vw - 350px), (min-width: 740px) calc(100vw - 320px), 100vw\" srcset=\"https:\/\/objetos-xlk.estaticos-marca.com\/files\/article_360_widen\/uploads\/2025\/11\/29\/692ab88c8620c.jpeg 360w,https:\/\/objetos-xlk.estaticos-marca.com\/files\/article_375_widen\/uploads\/2025\/11\/29\/692ab88c8620c.jpeg 375w,https:\/\/objetos-xlk.estaticos-marca.com\/files\/article_414_widen\/uploads\/2025\/11\/29\/692ab88c8620c.jpeg 414w,https:\/\/objetos-xlk.estaticos-marca.com\/files\/article_660_widen\/uploads\/2025\/11\/29\/692ab88c8620c.jpeg 660w,https:\/\/objetos-xlk.estaticos-marca.com\/files\/article_720_widen\/uploads\/2025\/11\/29\/692ab88c8620c.jpeg 720w,https:\/\/objetos-xlk.estaticos-marca.com\/files\/article_750_widen\/uploads\/2025\/11\/29\/692ab88c8620c.jpeg 750w,https:\/\/objetos-xlk.estaticos-marca.com\/files\/article_828_widen\/uploads\/2025\/11\/29\/692ab88c8620c.jpeg 828w,https:\/\/objetos-xlk.estaticos-marca.com\/files\/article_1320_widen\/uploads\/2025\/11\/29\/692ab88c8620c.jpeg 1320w\"><img decoding=\"async\" width=\"1980\" height=\"1114\" class=\"ue-c-article__image lazyload\" alt=\"Sneijder.\" loading=\"lazy\" src=\"https:\/\/objetos-xlk.estaticos-marca.com\/uploads\/2025\/11\/29\/692ab88c8620c.jpeg\"\/><\/source><\/source><\/picture><\/div><figcaption class=\"ue-c-article__media-caption\">\n<p><span class=\"ue-c-article__media-description\">Sneijder.<\/span><\/p>\n<\/figcaption><\/figure>\n<p data-mrf-recirculation=\"Links P\u00e1rrafos\" class=\"ue-c-article__paragraph paragraph\">Por su parte, los Go Ahead Eagles han querido emitir <strong>un comunicado pidiendo disculpas y anunciando una multa que no ha hecho m\u00e1s que provocar m\u00e1s malesta<\/strong>r.<\/p>\n<p data-mrf-recirculation=\"Links P\u00e1rrafos\" class=\"ue-c-article__paragraph paragraph\">\u00abGo Ahead Eagles y Victor Edvardsen lamentan el incidente de anoche. El club ha multado a Edvardsen con 500 euros, que se donar\u00e1n a los servicios sociales del club\u00bb, puede leerse en el comunicado.<\/p>\n<\/div>\n\n","protected":false},"excerpt":{"rendered":"<p>Edvardsen, de los Go Ahead Eagles, se burl\u00f3 en pleno partido de la nariz de Angelo Stiller. El jugador del Stuttgart naci\u00f3 con labio leporino y la actitud de Edvardsen ha generado un sinf\u00edn de cr\u00edticas. M\u00e1s quieto. Todo ocurri\u00f3 en el partido de Europa League entre los Go Ahead Eagles y el Stuttgart. Con &hellip;<\/p>\n","protected":false},"author":1,"featured_media":51794,"comment_status":"open","ping_status":"open","sticky":false,"template":"","format":"standard","meta":{"fifu_image_url":"https:\/\/objetos-xlk.estaticos-marca.com\/files\/article_main_microformat\/uploads\/2025\/11\/29\/ZWQHu1fAhXRN1c4Ra.jpeg","fifu_image_alt":"","footnotes":""},"categories":[6],"tags":[],"class_list":["post-51792","post","type-post","status-publish","format-standard","has-post-thumbnail","","category-deportes"],"_links":{"self":[{"href":"https:\/\/noticiasveraces.com\/index.php?rest_route=\/wp\/v2\/posts\/51792","targetHints":{"allow":["GET"]}}],"collection":[{"href":"https:\/\/noticiasveraces.com\/index.php?rest_route=\/wp\/v2\/posts"}],"about":[{"href":"https:\/\/noticiasveraces.com\/index.php?rest_route=\/wp\/v2\/types\/post"}],"author":[{"embeddable":true,"href":"https:\/\/noticiasveraces.com\/index.php?rest_route=\/wp\/v2\/users\/1"}],"replies":[{"embeddable":true,"href":"https:\/\/noticiasveraces.com\/index.php?rest_route=%2Fwp%2Fv2%2Fcomments&post=51792"}],"version-history":[{"count":0,"href":"https:\/\/noticiasveraces.com\/index.php?rest_route=\/wp\/v2\/posts\/51792\/revisions"}],"wp:featuredmedia":[{"embeddable":true,"href":"https:\/\/noticiasveraces.com\/index.php?rest_route=\/wp\/v2\/media\/51794"}],"wp:attachment":[{"href":"https:\/\/noticiasveraces.com\/index.php?rest_route=%2Fwp%2Fv2%2Fmedia&parent=51792"}],"wp:term":[{"taxonomy":"category","embeddable":true,"href":"https:\/\/noticiasveraces.com\/index.php?rest_route=%2Fwp%2Fv2%2Fcategories&post=51792"},{"taxonomy":"post_tag","embeddable":true,"href":"https:\/\/noticiasveraces.com\/index.php?rest_route=%2Fwp%2Fv2%2Ftags&post=51792"}],"curies":[{"name":"wp","href":"https:\/\/api.w.org\/{rel}","templated":true}]}}