{"id":51786,"date":"2025-11-29T14:06:52","date_gmt":"2025-11-29T18:06:52","guid":{"rendered":"https:\/\/noticiasveraces.com\/?p=51786"},"modified":"2025-11-29T14:06:52","modified_gmt":"2025-11-29T18:06:52","slug":"reportaron-caida-del-247-en-los-vuelos-internacionales-a-venezuela-tras-la-revocacion-de-permisos-a-seis-aerolineas-el-diario-venezuela","status":"publish","type":"post","link":"https:\/\/noticiasveraces.com\/?p=51786","title":{"rendered":"Reportaron ca\u00edda del 24,7 % en los vuelos internacionales a Venezuela tras la revocaci\u00f3n de permisos a seis aerol\u00edneas &#8211; El Diario Venezuela"},"content":{"rendered":"<p> \n<\/p>\n<div>\n<p>Los vuelos semanales desde Venezuela hacia <strong>destinos internacionales<\/strong> cayeron un <strong>24,7%<\/strong> con el fin de las concesiones a seis aerol\u00edneas, que previamente cancelaron sus vuelos de forma temporal tras una alerta emitida por EE UU, en medio de su <strong>despliegue militar<\/strong> en el Caribe, seg\u00fan cifras del sector privado compartidas con la agencia de noticias EFE.<\/p>\n<p>As\u00ed, el pa\u00eds pas\u00f3 de <strong>105 a 79 vuelos<\/strong> internacionales por semana, despu\u00e9s de que sus autoridades anunciaron la <strong>revocaci\u00f3n de los permisos<\/strong> a Iberia, TAP, Turkish Airlines, Avianca, Latam Colombia y Gol.<\/p>\n<p>Una fuente del sector privado dijo a EFE que Venezuela pr\u00e1cticamente perdi\u00f3 <strong>\u201ctoda la conectividad\u201d<\/strong> estafa <strong>europa<\/strong>.<\/p>\n<p>La decisi\u00f3n, que afecta dos compa\u00f1\u00edas europeas, una euroasi\u00e1tica y tres suramericanas, sigue en pie, pese al pedido de la <strong>Asociaci\u00f3n de Transporte A\u00e9reo Internacional (IATA)<\/strong>que engloba a m\u00e1s de 300 aerol\u00edneas de todo el mundo, de que sea reconsiderada.<\/p>\n<p>Los <strong>destinos activos<\/strong> que oficialmente contin\u00faan son M\u00e9xico (Santa Luc\u00eda y Canc\u00fan), Colombia (Bogot\u00e1), Panam\u00e1, Per\u00fa (Lima), Curazao, Cuba (La Habana), San Vicente y las Granadinas y <strong>Barbados<\/strong>.<\/p>\n<figure class=\"wp-block-image size-large\"><picture fetchpriority=\"high\" decoding=\"async\" class=\"wp-image-829534\"><source type=\"image\/webp\" sizes=\"(max-width: 1200px) 100vw, 1200px\" nitro-lazy-srcset=\"https:\/\/eldiario.com\/nitropack_static\/DWpklAePbJBFiBKvuTtiGMLbtJlHUqWt\/assets\/images\/optimized\/rev-5899980\/eldiario.com\/wp-content\/uploads\/2025\/11\/21c473760f3e541bfc74452324e298a8d06c7884-1-1200x800.jpg.webp 1200w, https:\/\/eldiario.com\/nitropack_static\/DWpklAePbJBFiBKvuTtiGMLbtJlHUqWt\/assets\/images\/optimized\/rev-5899980\/eldiario.com\/wp-content\/uploads\/2025\/11\/21c473760f3e541bfc74452324e298a8d06c7884-1-300x200.jpg.webp 300w, https:\/\/eldiario.com\/nitropack_static\/DWpklAePbJBFiBKvuTtiGMLbtJlHUqWt\/assets\/images\/optimized\/rev-5899980\/eldiario.com\/wp-content\/uploads\/2025\/11\/21c473760f3e541bfc74452324e298a8d06c7884-1-768x512.jpg.webp 768w, https:\/\/eldiario.com\/nitropack_static\/DWpklAePbJBFiBKvuTtiGMLbtJlHUqWt\/assets\/images\/optimized\/rev-5899980\/eldiario.com\/wp-content\/uploads\/2025\/11\/21c473760f3e541bfc74452324e298a8d06c7884-1-1536x1024.jpg.webp 1536w, https:\/\/eldiario.com\/nitropack_static\/DWpklAePbJBFiBKvuTtiGMLbtJlHUqWt\/assets\/images\/optimized\/rev-5899980\/eldiario.com\/wp-content\/uploads\/2025\/11\/21c473760f3e541bfc74452324e298a8d06c7884-1-330x220.jpg.webp 330w, https:\/\/eldiario.com\/nitropack_static\/DWpklAePbJBFiBKvuTtiGMLbtJlHUqWt\/assets\/images\/optimized\/rev-5899980\/eldiario.com\/wp-content\/uploads\/2025\/11\/21c473760f3e541bfc74452324e298a8d06c7884-1-420x280.jpg.webp 420w, https:\/\/eldiario.com\/nitropack_static\/DWpklAePbJBFiBKvuTtiGMLbtJlHUqWt\/assets\/images\/optimized\/rev-5899980\/eldiario.com\/wp-content\/uploads\/2025\/11\/21c473760f3e541bfc74452324e298a8d06c7884-1-615x410.jpg.webp 615w, https:\/\/eldiario.com\/nitropack_static\/DWpklAePbJBFiBKvuTtiGMLbtJlHUqWt\/assets\/images\/optimized\/rev-5899980\/eldiario.com\/wp-content\/uploads\/2025\/11\/21c473760f3e541bfc74452324e298a8d06c7884-1-860x574.jpg.webp 860w, https:\/\/eldiario.com\/nitropack_static\/DWpklAePbJBFiBKvuTtiGMLbtJlHUqWt\/assets\/images\/optimized\/rev-5899980\/eldiario.com\/wp-content\/uploads\/2025\/11\/21c473760f3e541bfc74452324e298a8d06c7884-1-150x100.jpg.webp 150w, https:\/\/eldiario.com\/nitropack_static\/DWpklAePbJBFiBKvuTtiGMLbtJlHUqWt\/assets\/images\/optimized\/rev-5899980\/eldiario.com\/wp-content\/uploads\/2025\/11\/21c473760f3e541bfc74452324e298a8d06c7884-1.jpg.webp 1600w\" nitro-lazy-empty=\"\" id=\"ODMyOjEyMTU=-1\" srcset=\"data:image\/svg+xml;nitro-empty-id=ODMyOjEyMTU=-1;base64,PHN2ZyB2aWV3Qm94PSIwIDAgMTIwMCA4MDAiIHdpZHRoPSIxMjAwIiBoZWlnaHQ9IjgwMCIgeG1sbnM9Imh0dHA6Ly93d3cudzMub3JnLzIwMDAvc3ZnIj48L3N2Zz4=\"\/><img fetchpriority=\"high\" width=\"1200\" height=\"800\" alt=\"Venezuela inst\u00f3 a aerol\u00edneas a reanudar vuelos o perder\u00e1n sus permisos\" sizes=\"(max-width: 1200px) 100vw, 1200px\" srcset=\"https:\/\/eldiario.com\/nitropack_static\/DWpklAePbJBFiBKvuTtiGMLbtJlHUqWt\/assets\/images\/optimized\/rev-5899980\/eldiario.com\/wp-content\/uploads\/2025\/11\/21c473760f3e541bfc74452324e298a8d06c7884-1-1200x800.jpg 1200w, https:\/\/eldiario.com\/nitropack_static\/DWpklAePbJBFiBKvuTtiGMLbtJlHUqWt\/assets\/images\/optimized\/rev-5899980\/eldiario.com\/wp-content\/uploads\/2025\/11\/21c473760f3e541bfc74452324e298a8d06c7884-1-300x200.jpg 300w, https:\/\/eldiario.com\/nitropack_static\/DWpklAePbJBFiBKvuTtiGMLbtJlHUqWt\/assets\/images\/optimized\/rev-5899980\/eldiario.com\/wp-content\/uploads\/2025\/11\/21c473760f3e541bfc74452324e298a8d06c7884-1-768x512.jpg 768w, https:\/\/eldiario.com\/nitropack_static\/DWpklAePbJBFiBKvuTtiGMLbtJlHUqWt\/assets\/images\/optimized\/rev-5899980\/eldiario.com\/wp-content\/uploads\/2025\/11\/21c473760f3e541bfc74452324e298a8d06c7884-1-1536x1024.jpg 1536w, https:\/\/eldiario.com\/nitropack_static\/DWpklAePbJBFiBKvuTtiGMLbtJlHUqWt\/assets\/images\/optimized\/rev-5899980\/eldiario.com\/wp-content\/uploads\/2025\/11\/21c473760f3e541bfc74452324e298a8d06c7884-1-330x220.jpg 330w, https:\/\/eldiario.com\/nitropack_static\/DWpklAePbJBFiBKvuTtiGMLbtJlHUqWt\/assets\/images\/optimized\/rev-5899980\/eldiario.com\/wp-content\/uploads\/2025\/11\/21c473760f3e541bfc74452324e298a8d06c7884-1-420x280.jpg 420w, https:\/\/eldiario.com\/nitropack_static\/DWpklAePbJBFiBKvuTtiGMLbtJlHUqWt\/assets\/images\/optimized\/rev-5899980\/eldiario.com\/wp-content\/uploads\/2025\/11\/21c473760f3e541bfc74452324e298a8d06c7884-1-615x410.jpg 615w, https:\/\/eldiario.com\/nitropack_static\/DWpklAePbJBFiBKvuTtiGMLbtJlHUqWt\/assets\/images\/optimized\/rev-5899980\/eldiario.com\/wp-content\/uploads\/2025\/11\/21c473760f3e541bfc74452324e298a8d06c7884-1-860x574.jpg 860w, https:\/\/eldiario.com\/nitropack_static\/DWpklAePbJBFiBKvuTtiGMLbtJlHUqWt\/assets\/images\/optimized\/rev-5899980\/eldiario.com\/wp-content\/uploads\/2025\/11\/21c473760f3e541bfc74452324e298a8d06c7884-1-150x100.jpg 150w, https:\/\/eldiario.com\/nitropack_static\/DWpklAePbJBFiBKvuTtiGMLbtJlHUqWt\/assets\/images\/optimized\/rev-5899980\/eldiario.com\/wp-content\/uploads\/2025\/11\/21c473760f3e541bfc74452324e298a8d06c7884-1.jpg 1600w\" src=\"https:\/\/eldiario.com\/nitropack_static\/DWpklAePbJBFiBKvuTtiGMLbtJlHUqWt\/assets\/images\/optimized\/rev-5899980\/eldiario.com\/wp-content\/uploads\/2025\/11\/21c473760f3e541bfc74452324e298a8d06c7884-1-1200x800.jpg\" class=\"nitro-lazy\" decoding=\"async\" nitro-lazy-empty=\"\" id=\"ODMzOjEzOTg=-1\"\/> <\/picture><figcaption class=\"wp-element-caption\">Aeropuerto internacional Sim\u00f3n Bol\u00edvar, que sirve a Caracas, en Maiquet\u00eda (Venezuela) | Foto: EFE\/ Miguel Guti\u00e9rrez<\/figcaption><\/figure>\n<p>La estatal venezolana <strong>Conviasa<\/strong> tambi\u00e9n ofrece viajes a China (Cant\u00f3n), Rusia (Mosc\u00fa y San Petersburgo) y <strong>Varadero<\/strong>Cuba, seg\u00fan su p\u00e1gina web.<\/p>\n<p>Wingo, Satena, Copa y Boliviana de Aviaci\u00f3n tambi\u00e9n mantienen sus <strong>operaciones<\/strong>as\u00ed como las locales Rutaca, Laser, Estelar y Venezolana de Aviaci\u00f3n, con <strong>viajes internacionales<\/strong>.<\/p>\n<p>Todav\u00eda no se ha confirmado si Venezuela revocar\u00e1 el permiso de operaci\u00f3n de <strong>Aire Europa<\/strong> y de la tambi\u00e9n espa\u00f1ola <strong>M\u00e1s Ultra<\/strong>que tambi\u00e9n cancelaron vuelos.<\/p>\n<h2 id=\"repercusiones\" class=\"rb-heading-index-0-830210 wp-block-heading\"><strong>Repercusiones<\/strong><\/h2>\n<p>En respuesta a la decisi\u00f3n de las autoridades del Ministerio de Transporte y del <strong>OTRO<\/strong>Avianca anunci\u00f3 este viernes 28 de noviembre la <strong>suspensi\u00f3n<\/strong> de la venta y la operaci\u00f3n de vuelos desde y hacia su pa\u00eds vecino.<\/p>\n<p>\u00abLa aerol\u00ednea conf\u00eda en que la <strong>conectividad a\u00e9rea<\/strong> de Venezuela evolucionar\u00e1 favorablemente y reitera su intenci\u00f3n de retomar operaciones tan pronto como las condiciones lo permitan\u00bb, se\u00f1al\u00f3 la empresa colombiana en un <strong>declaraci\u00f3n<\/strong>.<\/p>\n<p>Por su parte, la espa\u00f1ola <strong>Aire Europa<\/strong> cancel\u00f3 las dos frecuencias del pr\u00f3ximo martes entre Madrid y Caracas \u00abpor <strong>motivos ajenos<\/strong>\u00bb a la aerol\u00ednea, seg\u00fan inform\u00f3 en una publicaci\u00f3n en sus redes sociales.<\/p>\n<h2 id=\"crisis\" class=\"rb-heading-index-1-830210 wp-block-heading\"><strong>Crisis<\/strong><\/h2>\n<p>El pasado 21 de noviembre, cinco d\u00edas despu\u00e9s de que EE UU anunciara la entrada en aguas del Caribe del portaaviones <strong>USS Gerald R. Ford<\/strong>el m\u00e1s grande del mundo, la Administraci\u00f3n Federal de Aviaci\u00f3n (<strong>FAA<\/strong>) del pa\u00eds norteamericano inst\u00f3 a \u00abextremar la precauci\u00f3n\u00bb al sobrevolar Venezuela y el sur del Caribe ante lo que considera \u00abuna situaci\u00f3n potencialmente <strong>peligrosa<\/strong>\u00bb en la zona.<\/p>\n<figure class=\"wp-block-image size-large\"><picture loading=\"lazy\" decoding=\"async\" class=\"wp-image-813980\"><source type=\"image\/webp\" sizes=\"(max-width: 1200px) 100vw, 1200px\" nitro-lazy-srcset=\"https:\/\/eldiario.com\/nitropack_static\/DWpklAePbJBFiBKvuTtiGMLbtJlHUqWt\/assets\/images\/optimized\/rev-5899980\/eldiario.com\/wp-content\/uploads\/2025\/09\/Caribbean-1-1-1200x685.jpg.webp 1200w, https:\/\/eldiario.com\/nitropack_static\/DWpklAePbJBFiBKvuTtiGMLbtJlHUqWt\/assets\/images\/optimized\/rev-5899980\/eldiario.com\/wp-content\/uploads\/2025\/09\/Caribbean-1-1-300x171.jpg.webp 300w, https:\/\/eldiario.com\/nitropack_static\/DWpklAePbJBFiBKvuTtiGMLbtJlHUqWt\/assets\/images\/optimized\/rev-5899980\/eldiario.com\/wp-content\/uploads\/2025\/09\/Caribbean-1-1-768x438.jpg.webp 768w, https:\/\/eldiario.com\/nitropack_static\/DWpklAePbJBFiBKvuTtiGMLbtJlHUqWt\/assets\/images\/optimized\/rev-5899980\/eldiario.com\/wp-content\/uploads\/2025\/09\/Caribbean-1-1-1536x876.jpg.webp 1536w, https:\/\/eldiario.com\/nitropack_static\/DWpklAePbJBFiBKvuTtiGMLbtJlHUqWt\/assets\/images\/optimized\/rev-5899980\/eldiario.com\/wp-content\/uploads\/2025\/09\/Caribbean-1-1-860x491.jpg.webp 860w, https:\/\/eldiario.com\/nitropack_static\/DWpklAePbJBFiBKvuTtiGMLbtJlHUqWt\/assets\/images\/optimized\/rev-5899980\/eldiario.com\/wp-content\/uploads\/2025\/09\/Caribbean-1-1-150x86.jpg.webp 150w, https:\/\/eldiario.com\/nitropack_static\/DWpklAePbJBFiBKvuTtiGMLbtJlHUqWt\/assets\/images\/optimized\/rev-5899980\/eldiario.com\/wp-content\/uploads\/2025\/09\/Caribbean-1-1.jpg.webp 1600w\" nitro-lazy-empty=\"\" id=\"ODc2OjY2OA==-1\" srcset=\"data:image\/svg+xml;nitro-empty-id=ODc2OjY2OA==-1;base64,PHN2ZyB2aWV3Qm94PSIwIDAgMTIwMCA2ODUiIHdpZHRoPSIxMjAwIiBoZWlnaHQ9IjY4NSIgeG1sbnM9Imh0dHA6Ly93d3cudzMub3JnLzIwMDAvc3ZnIj48L3N2Zz4=\"\/><img loading=\"lazy\" width=\"1200\" height=\"685\" alt=\"La aerol\u00ednea Caribbean Airlines suspendi\u00f3 sus vuelos desde y hacia Venezuela\" sizes=\"auto, (max-width: 1200px) 100vw, 1200px\" srcset=\"https:\/\/eldiario.com\/nitropack_static\/DWpklAePbJBFiBKvuTtiGMLbtJlHUqWt\/assets\/images\/optimized\/rev-5899980\/eldiario.com\/wp-content\/uploads\/2025\/09\/Caribbean-1-1-1200x685.jpg 1200w, https:\/\/eldiario.com\/nitropack_static\/DWpklAePbJBFiBKvuTtiGMLbtJlHUqWt\/assets\/images\/optimized\/rev-5899980\/eldiario.com\/wp-content\/uploads\/2025\/09\/Caribbean-1-1-300x171.jpg 300w, https:\/\/eldiario.com\/nitropack_static\/DWpklAePbJBFiBKvuTtiGMLbtJlHUqWt\/assets\/images\/optimized\/rev-5899980\/eldiario.com\/wp-content\/uploads\/2025\/09\/Caribbean-1-1-768x438.jpg 768w, https:\/\/eldiario.com\/nitropack_static\/DWpklAePbJBFiBKvuTtiGMLbtJlHUqWt\/assets\/images\/optimized\/rev-5899980\/eldiario.com\/wp-content\/uploads\/2025\/09\/Caribbean-1-1-1536x876.jpg 1536w, https:\/\/eldiario.com\/nitropack_static\/DWpklAePbJBFiBKvuTtiGMLbtJlHUqWt\/assets\/images\/optimized\/rev-5899980\/eldiario.com\/wp-content\/uploads\/2025\/09\/Caribbean-1-1-860x491.jpg 860w, https:\/\/eldiario.com\/nitropack_static\/DWpklAePbJBFiBKvuTtiGMLbtJlHUqWt\/assets\/images\/optimized\/rev-5899980\/eldiario.com\/wp-content\/uploads\/2025\/09\/Caribbean-1-1-150x86.jpg 150w, https:\/\/eldiario.com\/nitropack_static\/DWpklAePbJBFiBKvuTtiGMLbtJlHUqWt\/assets\/images\/optimized\/rev-5899980\/eldiario.com\/wp-content\/uploads\/2025\/09\/Caribbean-1-1.jpg 1600w\" src=\"https:\/\/eldiario.com\/nitropack_static\/DWpklAePbJBFiBKvuTtiGMLbtJlHUqWt\/assets\/images\/optimized\/rev-5899980\/eldiario.com\/wp-content\/uploads\/2025\/09\/Caribbean-1-1-1200x685.jpg\" class=\"nitro-lazy\" decoding=\"async\" nitro-lazy-empty=\"\" id=\"ODc3OjgzNg==-1\"\/> <\/picture><figcaption class=\"wp-element-caption\">Foto de : Skytrax<\/figcaption><\/figure>\n<p>A partir del d\u00eda siguiente, se produjo una <strong>cancelaci\u00f3n en cascada<\/strong> de vuelos internacionales, a lo que se sum\u00f3 una recomendaci\u00f3n de <strong>Enaire<\/strong>gestor de la navegaci\u00f3n a\u00e9rea de Espa\u00f1a, de no sobrevolar ese espacio a\u00e9reo hasta el 1\u00b0 de diciembre, a ra\u00edz de un an\u00e1lisis de riesgos realizado por la <strong>AESA<\/strong>.<\/p>\n<p>El lunes 24 de noviembre, Venezuela dio a las compa\u00f1\u00edas <strong>48 horas<\/strong> para reanudar operaciones, bajo advertencia de cancelar los permisos a las que no lo hicieran, un plazo que venci\u00f3 al mediod\u00eda hora local del <strong>26 de noviembre<\/strong>.<\/p>\n<p>Ese d\u00eda y casi 12 horas despu\u00e9s de que finalizara el plazo concedido, la autoridad aeron\u00e1utica venezolana anunci\u00f3 el <strong>cese de las concesiones<\/strong> a las seis aerol\u00edneas, a las que acus\u00f3 de \u00absumarse a las acciones de <strong>terrorismo de estado<\/strong> promovido\u00bb por EE UU.<\/p>\n<p>El cese definitivo de las operaciones de estas aerol\u00edneas supone un <strong>explotar<\/strong> para el pa\u00eds petrolero, que ya ten\u00eda una baja <strong>oferta de vuelos<\/strong> directos, aun cuando su conectividad hab\u00eda mejorado tras la pandemia del coronavirus.<\/p>\n<p>Un total de <strong>352 frecuencias<\/strong> semanales internacionales ten\u00eda Venezuela en 2013, el \u00abmomento de mayor auge\u00bb, cifra que se redujo en seis a\u00f1os hasta \u201csolo 100\u201d en 2019, debido al <strong>retiro gradual<\/strong> de las l\u00edneas a\u00e9reas por \u00abla imposibilidad de repatriar los fondos a sus pa\u00edses de origen\u00bb, as\u00ed como a \u00abla ca\u00edda del mercado\u00bb, seg\u00fan la Asociaci\u00f3n de L\u00edneas A\u00e9reas en Venezuela (<strong>EQUIPO<\/strong>).<\/p>\n<p>Y si se compara con 2013, hoy Venezuela tiene un <strong>77,5% menos<\/strong> de <strong>vuelos semanales<\/strong>.<\/p>\n<\/p><\/div>\n\n","protected":false},"excerpt":{"rendered":"<p>Los vuelos semanales desde Venezuela hacia destinos internacionales cayeron un 24,7% con el fin de las concesiones a seis aerol\u00edneas, que previamente cancelaron sus vuelos de forma temporal tras una alerta emitida por EE UU, en medio de su despliegue militar en el Caribe, seg\u00fan cifras del sector privado compartidas con la agencia de noticias &hellip;<\/p>\n","protected":false},"author":1,"featured_media":51788,"comment_status":"open","ping_status":"open","sticky":false,"template":"","format":"standard","meta":{"fifu_image_url":"https:\/\/eldiario.com\/wp-content\/uploads\/2025\/11\/place-flying-sunset-sky-1.jpg","fifu_image_alt":"","footnotes":""},"categories":[4],"tags":[],"class_list":["post-51786","post","type-post","status-publish","format-standard","has-post-thumbnail","","category-historias-destacadas"],"_links":{"self":[{"href":"https:\/\/noticiasveraces.com\/index.php?rest_route=\/wp\/v2\/posts\/51786","targetHints":{"allow":["GET"]}}],"collection":[{"href":"https:\/\/noticiasveraces.com\/index.php?rest_route=\/wp\/v2\/posts"}],"about":[{"href":"https:\/\/noticiasveraces.com\/index.php?rest_route=\/wp\/v2\/types\/post"}],"author":[{"embeddable":true,"href":"https:\/\/noticiasveraces.com\/index.php?rest_route=\/wp\/v2\/users\/1"}],"replies":[{"embeddable":true,"href":"https:\/\/noticiasveraces.com\/index.php?rest_route=%2Fwp%2Fv2%2Fcomments&post=51786"}],"version-history":[{"count":0,"href":"https:\/\/noticiasveraces.com\/index.php?rest_route=\/wp\/v2\/posts\/51786\/revisions"}],"wp:featuredmedia":[{"embeddable":true,"href":"https:\/\/noticiasveraces.com\/index.php?rest_route=\/wp\/v2\/media\/51788"}],"wp:attachment":[{"href":"https:\/\/noticiasveraces.com\/index.php?rest_route=%2Fwp%2Fv2%2Fmedia&parent=51786"}],"wp:term":[{"taxonomy":"category","embeddable":true,"href":"https:\/\/noticiasveraces.com\/index.php?rest_route=%2Fwp%2Fv2%2Fcategories&post=51786"},{"taxonomy":"post_tag","embeddable":true,"href":"https:\/\/noticiasveraces.com\/index.php?rest_route=%2Fwp%2Fv2%2Ftags&post=51786"}],"curies":[{"name":"wp","href":"https:\/\/api.w.org\/{rel}","templated":true}]}}